{"id":1899,"date":"2021-10-29T09:59:27","date_gmt":"2021-10-29T07:59:27","guid":{"rendered":"https:\/\/aassdn.org\/amicale\/memorial-biographie-de-francois-joseph-ziegler\/"},"modified":"2021-11-02T20:28:59","modified_gmt":"2021-11-02T19:28:59","slug":"memorial-biographie-de-francois-joseph-ziegler","status":"publish","type":"post","link":"https:\/\/aassdn.org\/amicale\/memorial-biographie-de-francois-joseph-ziegler\/","title":{"rendered":"Memorial &#8211; biographie de Fran\u00e7ois, Joseph ZIEGLER"},"content":{"rendered":"<div>\n<p><strong>N\u00e9 le 4 octobre 1888\u00a0 \u00e0\u00a0 Chalamp\u00e9 (Haut-Rhin)<\/strong><strong>\u00a0<\/strong><strong>de Emile Ziegler\u00a0 et de\u00a0 Marie-Antoinette Walter<\/strong><strong>\u00a0<\/strong><strong>Epouse:\u00a0 Marguerite, Alice Schoch<\/strong><strong>\u00a0<\/strong><strong>Profession: commercial<\/strong><strong>\u00a0<\/strong><strong>D\u00e9c\u00e9d\u00e9 le 24 ao\u00fbt ou le 10 mai 1944\u00a0 \u00e0\u00a0 Bruchsal (Allemagne,Bade)<\/strong><strong>\u00a0<\/strong><\/p>\n<p><strong>R\u00e9seaux:\u00a0 S.S.M.F.\/T.R., S.R. Kl\u00e9ber (Bruno) <\/strong><strong>Agent P2<\/strong><\/p>\n<\/div>\n<p>\u00a0<\/p>\n<p>Mobilis\u00e9 en 14-18,\u00a0 Fran\u00e7ois Ziegler avait\u00a0 fait aussi la guerre de 39-40, dans un poste annexe du S.R. fran\u00e7ais en Suisse, \u00e0 B\u00e2le. Il \u00e9tait lieutenant.<\/p>\n<p>Quand il entre dans la R\u00e9sistance, d\u00e8s le 20 ao\u00fbt 1940, il est chef de vente de textiles et p\u00e8re de deux enfants.<\/p>\n<p>Il est arr\u00eat\u00e9 \u00e0 Neil am Rhein (Bade), \u00e0 son entr\u00e9e sur le territoire du Reich pour une mission, le 30 juin 1943. Condamn\u00e9 \u00e0 mort pour son activit\u00e9 au profit des services fran\u00e7ais le 10 mai 1944 , il est ex\u00e9cut\u00e9 le 24 ao\u00fbt 1944\u00a0 \u00e0 Bruchsal (Bade). Son cadavre sera envoy\u00e9 \u00e0 un institut d&#8217;anatomie.<\/p>\n<p>D\u00e9clar\u00e9 &#8220;Mort pour la France&#8221;, Fran\u00e7ois Ziegler recevra la M\u00e9daille Militaire, la Croix de Guerre avec palme et la M\u00e9daille de la R\u00e9sistance.<\/p>\n<p>\u00a0<\/p>\n<div>\n<p><em>R\u00e9f\u00e9rences: Bulletin de l&#8217;A.A.S.S.D.N. n\u00b013, p.4<\/em><\/p>\n<\/div>\n<div class=\"pdfprnt-buttons pdfprnt-buttons-post pdfprnt-bottom-right\"><a href=\"https:\/\/aassdn.org\/amicale\/wp-json\/wp\/v2\/posts\/1899?print=pdf\" class=\"pdfprnt-button pdfprnt-button-pdf\" target=\"_blank\" ><img decoding=\"async\" data-src=\"https:\/\/aassdn.org\/amicale\/wp-content\/plugins\/pdf-print\/images\/pdf.png\" alt=\"image_pdf\" title=\"Afficher le PDF\" src=\"data:image\/svg+xml;base64,PHN2ZyB3aWR0aD0iMSIgaGVpZ2h0PSIxIiB4bWxucz0iaHR0cDovL3d3dy53My5vcmcvMjAwMC9zdmciPjwvc3ZnPg==\" class=\"lazyload\" style=\"--smush-placeholder-width: 32px; --smush-placeholder-aspect-ratio: 32\/32;\" \/><\/a><a href=\"https:\/\/aassdn.org\/amicale\/wp-json\/wp\/v2\/posts\/1899?print=print\" class=\"pdfprnt-button pdfprnt-button-print\" target=\"_blank\" ><\/a><\/div>","protected":false},"excerpt":{"rendered":"<p>N\u00e9 le 4 octobre 1888\u00a0 \u00e0\u00a0 Chalamp\u00e9 (Haut-Rhin)\u00a0de Emile Ziegler\u00a0 et de\u00a0 Marie-Antoinette Walter\u00a0Epouse:\u00a0 Marguerite, Alice Schoch\u00a0Profession: commercial\u00a0D\u00e9c\u00e9d\u00e9 le 24 ao\u00fbt ou le 10 mai 1944\u00a0 \u00e0\u00a0 Bruchsal (Allemagne,Bade)\u00a0 R\u00e9seaux:\u00a0 S.S.M.F.\/T.R., S.R. Kl\u00e9ber (Bruno) Agent P2 \u00a0 Mobilis\u00e9 en 14-18,\u00a0 Fran\u00e7ois Ziegler avait\u00a0 fait aussi la guerre de 39-40, dans un poste annexe du S.R. [&hellip;]<\/p>\n","protected":false},"author":1,"featured_media":0,"comment_status":"open","ping_status":"open","sticky":false,"template":"","format":"standard","meta":{"_acf_changed":false,"footnotes":""},"categories":[90,87,91],"tags":[212,245],"class_list":["post-1899","post","type-post","status-publish","format-standard","hentry","category-archives-du-site","category-biographies","category-biographies-v2","tag-memorial","tag-reseau-kleber"],"acf":[],"yoast_head":"<!-- This site is optimized with the Yoast SEO plugin v27.4 - https:\/\/yoast.com\/product\/yoast-seo-wordpress\/ -->\n<title>Memorial - biographie de Fran\u00e7ois, Joseph ZIEGLER | AASSDN | Anciens et Amis des Services Sp\u00e9ciaux<\/title>\n<meta name=\"robots\" content=\"index, follow, max-snippet:-1, max-image-preview:large, max-video-preview:-1\" \/>\n<link rel=\"canonical\" href=\"https:\/\/aassdn.org\/amicale\/memorial-biographie-de-francois-joseph-ziegler\/\" \/>\n<meta property=\"og:locale\" content=\"fr_FR\" \/>\n<meta property=\"og:type\" content=\"article\" \/>\n<meta property=\"og:title\" content=\"Memorial - biographie de Fran\u00e7ois, Joseph ZIEGLER | AASSDN | Anciens et Amis des Services Sp\u00e9ciaux\" \/>\n<meta property=\"og:description\" content=\"N\u00e9 le 4 octobre 1888\u00a0 \u00e0\u00a0 Chalamp\u00e9 (Haut-Rhin)\u00a0de Emile Ziegler\u00a0 et de\u00a0 Marie-Antoinette Walter\u00a0Epouse:\u00a0 Marguerite, Alice Schoch\u00a0Profession: commercial\u00a0D\u00e9c\u00e9d\u00e9 le 24 ao\u00fbt ou le 10 mai 1944\u00a0 \u00e0\u00a0 Bruchsal (Allemagne,Bade)\u00a0 R\u00e9seaux:\u00a0 S.S.M.F.\/T.R., S.R. Kl\u00e9ber (Bruno) Agent P2 \u00a0 Mobilis\u00e9 en 14-18,\u00a0 Fran\u00e7ois Ziegler avait\u00a0 fait aussi la guerre de 39-40, dans un poste annexe du S.R. [&hellip;]\" \/>\n<meta property=\"og:url\" content=\"https:\/\/aassdn.org\/amicale\/memorial-biographie-de-francois-joseph-ziegler\/\" \/>\n<meta property=\"og:site_name\" content=\"AASSDN | Anciens et Amis des Services Sp\u00e9ciaux\" \/>\n<meta property=\"article:published_time\" content=\"2021-10-29T07:59:27+00:00\" \/>\n<meta property=\"article:modified_time\" content=\"2021-11-02T19:28:59+00:00\" \/>\n<meta name=\"author\" content=\"AASSDN\" \/>\n<meta name=\"twitter:card\" content=\"summary_large_image\" \/>\n<meta name=\"twitter:label1\" content=\"\u00c9crit par\" \/>\n\t<meta name=\"twitter:data1\" content=\"AASSDN\" \/>\n\t<meta name=\"twitter:label2\" content=\"Dur\u00e9e de lecture estim\u00e9e\" \/>\n\t<meta name=\"twitter:data2\" content=\"1 minute\" \/>\n<script type=\"application\/ld+json\" class=\"yoast-schema-graph\">{\"@context\":\"https:\\\/\\\/schema.org\",\"@graph\":[{\"@type\":\"Article\",\"@id\":\"https:\\\/\\\/aassdn.org\\\/amicale\\\/memorial-biographie-de-francois-joseph-ziegler\\\/#article\",\"isPartOf\":{\"@id\":\"https:\\\/\\\/aassdn.org\\\/amicale\\\/memorial-biographie-de-francois-joseph-ziegler\\\/\"},\"author\":{\"name\":\"AASSDN\",\"@id\":\"https:\\\/\\\/aassdn.org\\\/amicale\\\/#\\\/schema\\\/person\\\/73800712a272e6d58a10a86ea9e59671\"},\"headline\":\"Memorial &#8211; biographie de Fran\u00e7ois, Joseph ZIEGLER\",\"datePublished\":\"2021-10-29T07:59:27+00:00\",\"dateModified\":\"2021-11-02T19:28:59+00:00\",\"mainEntityOfPage\":{\"@id\":\"https:\\\/\\\/aassdn.org\\\/amicale\\\/memorial-biographie-de-francois-joseph-ziegler\\\/\"},\"wordCount\":200,\"commentCount\":0,\"publisher\":{\"@id\":\"https:\\\/\\\/aassdn.org\\\/amicale\\\/#organization\"},\"keywords\":[\"M\u00e9morial\",\"r\u00e9seau Kleber\"],\"articleSection\":[\"Archives du site\",\"Biographies\",\"Biographies memorial\"],\"inLanguage\":\"fr-FR\",\"potentialAction\":[{\"@type\":\"CommentAction\",\"name\":\"Comment\",\"target\":[\"https:\\\/\\\/aassdn.org\\\/amicale\\\/memorial-biographie-de-francois-joseph-ziegler\\\/#respond\"]}]},{\"@type\":\"WebPage\",\"@id\":\"https:\\\/\\\/aassdn.org\\\/amicale\\\/memorial-biographie-de-francois-joseph-ziegler\\\/\",\"url\":\"https:\\\/\\\/aassdn.org\\\/amicale\\\/memorial-biographie-de-francois-joseph-ziegler\\\/\",\"name\":\"Memorial - biographie de Fran\u00e7ois, Joseph ZIEGLER | AASSDN | Anciens et Amis des Services Sp\u00e9ciaux\",\"isPartOf\":{\"@id\":\"https:\\\/\\\/aassdn.org\\\/amicale\\\/#website\"},\"datePublished\":\"2021-10-29T07:59:27+00:00\",\"dateModified\":\"2021-11-02T19:28:59+00:00\",\"breadcrumb\":{\"@id\":\"https:\\\/\\\/aassdn.org\\\/amicale\\\/memorial-biographie-de-francois-joseph-ziegler\\\/#breadcrumb\"},\"inLanguage\":\"fr-FR\",\"potentialAction\":[{\"@type\":\"ReadAction\",\"target\":[\"https:\\\/\\\/aassdn.org\\\/amicale\\\/memorial-biographie-de-francois-joseph-ziegler\\\/\"]}]},{\"@type\":\"BreadcrumbList\",\"@id\":\"https:\\\/\\\/aassdn.org\\\/amicale\\\/memorial-biographie-de-francois-joseph-ziegler\\\/#breadcrumb\",\"itemListElement\":[{\"@type\":\"ListItem\",\"position\":1,\"name\":\"Accueil\",\"item\":\"https:\\\/\\\/aassdn.org\\\/amicale\\\/\"},{\"@type\":\"ListItem\",\"position\":2,\"name\":\"Memorial &#8211; biographie de Fran\u00e7ois, Joseph ZIEGLER\"}]},{\"@type\":\"WebSite\",\"@id\":\"https:\\\/\\\/aassdn.org\\\/amicale\\\/#website\",\"url\":\"https:\\\/\\\/aassdn.org\\\/amicale\\\/\",\"name\":\"AASSDN | Anciens et Amis des Services Sp\u00e9ciaux\",\"description\":\"Services sp\u00e9ciaux : Des h\u00e9ros anonymes au service exclusif de la France\",\"publisher\":{\"@id\":\"https:\\\/\\\/aassdn.org\\\/amicale\\\/#organization\"},\"potentialAction\":[{\"@type\":\"SearchAction\",\"target\":{\"@type\":\"EntryPoint\",\"urlTemplate\":\"https:\\\/\\\/aassdn.org\\\/amicale\\\/?s={search_term_string}\"},\"query-input\":{\"@type\":\"PropertyValueSpecification\",\"valueRequired\":true,\"valueName\":\"search_term_string\"}}],\"inLanguage\":\"fr-FR\"},{\"@type\":\"Organization\",\"@id\":\"https:\\\/\\\/aassdn.org\\\/amicale\\\/#organization\",\"name\":\"AASSDN | Anciens et Amis des Services Sp\u00e9ciaux\",\"url\":\"https:\\\/\\\/aassdn.org\\\/amicale\\\/\",\"logo\":{\"@type\":\"ImageObject\",\"inLanguage\":\"fr-FR\",\"@id\":\"https:\\\/\\\/aassdn.org\\\/amicale\\\/#\\\/schema\\\/logo\\\/image\\\/\",\"url\":\"https:\\\/\\\/aassdn.org\\\/amicale\\\/wp-content\\\/uploads\\\/Logo_AASSDN_transparent2.png\",\"contentUrl\":\"https:\\\/\\\/aassdn.org\\\/amicale\\\/wp-content\\\/uploads\\\/Logo_AASSDN_transparent2.png\",\"width\":1832,\"height\":1609,\"caption\":\"AASSDN | Anciens et Amis des Services Sp\u00e9ciaux\"},\"image\":{\"@id\":\"https:\\\/\\\/aassdn.org\\\/amicale\\\/#\\\/schema\\\/logo\\\/image\\\/\"}},{\"@type\":\"Person\",\"@id\":\"https:\\\/\\\/aassdn.org\\\/amicale\\\/#\\\/schema\\\/person\\\/73800712a272e6d58a10a86ea9e59671\",\"name\":\"AASSDN\",\"image\":{\"@type\":\"ImageObject\",\"inLanguage\":\"fr-FR\",\"@id\":\"https:\\\/\\\/secure.gravatar.com\\\/avatar\\\/9653808d17788562e72d77e426d8d02775774239aefd00a9b4e852423d8e9d7e?s=96&d=mm&r=g\",\"url\":\"https:\\\/\\\/secure.gravatar.com\\\/avatar\\\/9653808d17788562e72d77e426d8d02775774239aefd00a9b4e852423d8e9d7e?s=96&d=mm&r=g\",\"contentUrl\":\"https:\\\/\\\/secure.gravatar.com\\\/avatar\\\/9653808d17788562e72d77e426d8d02775774239aefd00a9b4e852423d8e9d7e?s=96&d=mm&r=g\",\"caption\":\"AASSDN\"},\"sameAs\":[\"https:\\\/\\\/aassdn.org\\\/amicale\"],\"url\":\"https:\\\/\\\/aassdn.org\\\/amicale\\\/author\\\/wordpress\\\/\"}]}<\/script>\n<!-- \/ Yoast SEO plugin. -->","yoast_head_json":{"title":"Memorial - biographie de Fran\u00e7ois, Joseph ZIEGLER | AASSDN | Anciens et Amis des Services Sp\u00e9ciaux","robots":{"index":"index","follow":"follow","max-snippet":"max-snippet:-1","max-image-preview":"max-image-preview:large","max-video-preview":"max-video-preview:-1"},"canonical":"https:\/\/aassdn.org\/amicale\/memorial-biographie-de-francois-joseph-ziegler\/","og_locale":"fr_FR","og_type":"article","og_title":"Memorial - biographie de Fran\u00e7ois, Joseph ZIEGLER | AASSDN | Anciens et Amis des Services Sp\u00e9ciaux","og_description":"N\u00e9 le 4 octobre 1888\u00a0 \u00e0\u00a0 Chalamp\u00e9 (Haut-Rhin)\u00a0de Emile Ziegler\u00a0 et de\u00a0 Marie-Antoinette Walter\u00a0Epouse:\u00a0 Marguerite, Alice Schoch\u00a0Profession: commercial\u00a0D\u00e9c\u00e9d\u00e9 le 24 ao\u00fbt ou le 10 mai 1944\u00a0 \u00e0\u00a0 Bruchsal (Allemagne,Bade)\u00a0 R\u00e9seaux:\u00a0 S.S.M.F.\/T.R., S.R. Kl\u00e9ber (Bruno) Agent P2 \u00a0 Mobilis\u00e9 en 14-18,\u00a0 Fran\u00e7ois Ziegler avait\u00a0 fait aussi la guerre de 39-40, dans un poste annexe du S.R. [&hellip;]","og_url":"https:\/\/aassdn.org\/amicale\/memorial-biographie-de-francois-joseph-ziegler\/","og_site_name":"AASSDN | Anciens et Amis des Services Sp\u00e9ciaux","article_published_time":"2021-10-29T07:59:27+00:00","article_modified_time":"2021-11-02T19:28:59+00:00","author":"AASSDN","twitter_card":"summary_large_image","twitter_misc":{"\u00c9crit par":"AASSDN","Dur\u00e9e de lecture estim\u00e9e":"1 minute"},"schema":{"@context":"https:\/\/schema.org","@graph":[{"@type":"Article","@id":"https:\/\/aassdn.org\/amicale\/memorial-biographie-de-francois-joseph-ziegler\/#article","isPartOf":{"@id":"https:\/\/aassdn.org\/amicale\/memorial-biographie-de-francois-joseph-ziegler\/"},"author":{"name":"AASSDN","@id":"https:\/\/aassdn.org\/amicale\/#\/schema\/person\/73800712a272e6d58a10a86ea9e59671"},"headline":"Memorial &#8211; biographie de Fran\u00e7ois, Joseph ZIEGLER","datePublished":"2021-10-29T07:59:27+00:00","dateModified":"2021-11-02T19:28:59+00:00","mainEntityOfPage":{"@id":"https:\/\/aassdn.org\/amicale\/memorial-biographie-de-francois-joseph-ziegler\/"},"wordCount":200,"commentCount":0,"publisher":{"@id":"https:\/\/aassdn.org\/amicale\/#organization"},"keywords":["M\u00e9morial","r\u00e9seau Kleber"],"articleSection":["Archives du site","Biographies","Biographies memorial"],"inLanguage":"fr-FR","potentialAction":[{"@type":"CommentAction","name":"Comment","target":["https:\/\/aassdn.org\/amicale\/memorial-biographie-de-francois-joseph-ziegler\/#respond"]}]},{"@type":"WebPage","@id":"https:\/\/aassdn.org\/amicale\/memorial-biographie-de-francois-joseph-ziegler\/","url":"https:\/\/aassdn.org\/amicale\/memorial-biographie-de-francois-joseph-ziegler\/","name":"Memorial - biographie de Fran\u00e7ois, Joseph ZIEGLER | AASSDN | Anciens et Amis des Services Sp\u00e9ciaux","isPartOf":{"@id":"https:\/\/aassdn.org\/amicale\/#website"},"datePublished":"2021-10-29T07:59:27+00:00","dateModified":"2021-11-02T19:28:59+00:00","breadcrumb":{"@id":"https:\/\/aassdn.org\/amicale\/memorial-biographie-de-francois-joseph-ziegler\/#breadcrumb"},"inLanguage":"fr-FR","potentialAction":[{"@type":"ReadAction","target":["https:\/\/aassdn.org\/amicale\/memorial-biographie-de-francois-joseph-ziegler\/"]}]},{"@type":"BreadcrumbList","@id":"https:\/\/aassdn.org\/amicale\/memorial-biographie-de-francois-joseph-ziegler\/#breadcrumb","itemListElement":[{"@type":"ListItem","position":1,"name":"Accueil","item":"https:\/\/aassdn.org\/amicale\/"},{"@type":"ListItem","position":2,"name":"Memorial &#8211; biographie de Fran\u00e7ois, Joseph ZIEGLER"}]},{"@type":"WebSite","@id":"https:\/\/aassdn.org\/amicale\/#website","url":"https:\/\/aassdn.org\/amicale\/","name":"AASSDN | Anciens et Amis des Services Sp\u00e9ciaux","description":"Services sp\u00e9ciaux : Des h\u00e9ros anonymes au service exclusif de la France","publisher":{"@id":"https:\/\/aassdn.org\/amicale\/#organization"},"potentialAction":[{"@type":"SearchAction","target":{"@type":"EntryPoint","urlTemplate":"https:\/\/aassdn.org\/amicale\/?s={search_term_string}"},"query-input":{"@type":"PropertyValueSpecification","valueRequired":true,"valueName":"search_term_string"}}],"inLanguage":"fr-FR"},{"@type":"Organization","@id":"https:\/\/aassdn.org\/amicale\/#organization","name":"AASSDN | Anciens et Amis des Services Sp\u00e9ciaux","url":"https:\/\/aassdn.org\/amicale\/","logo":{"@type":"ImageObject","inLanguage":"fr-FR","@id":"https:\/\/aassdn.org\/amicale\/#\/schema\/logo\/image\/","url":"https:\/\/aassdn.org\/amicale\/wp-content\/uploads\/Logo_AASSDN_transparent2.png","contentUrl":"https:\/\/aassdn.org\/amicale\/wp-content\/uploads\/Logo_AASSDN_transparent2.png","width":1832,"height":1609,"caption":"AASSDN | Anciens et Amis des Services Sp\u00e9ciaux"},"image":{"@id":"https:\/\/aassdn.org\/amicale\/#\/schema\/logo\/image\/"}},{"@type":"Person","@id":"https:\/\/aassdn.org\/amicale\/#\/schema\/person\/73800712a272e6d58a10a86ea9e59671","name":"AASSDN","image":{"@type":"ImageObject","inLanguage":"fr-FR","@id":"https:\/\/secure.gravatar.com\/avatar\/9653808d17788562e72d77e426d8d02775774239aefd00a9b4e852423d8e9d7e?s=96&d=mm&r=g","url":"https:\/\/secure.gravatar.com\/avatar\/9653808d17788562e72d77e426d8d02775774239aefd00a9b4e852423d8e9d7e?s=96&d=mm&r=g","contentUrl":"https:\/\/secure.gravatar.com\/avatar\/9653808d17788562e72d77e426d8d02775774239aefd00a9b4e852423d8e9d7e?s=96&d=mm&r=g","caption":"AASSDN"},"sameAs":["https:\/\/aassdn.org\/amicale"],"url":"https:\/\/aassdn.org\/amicale\/author\/wordpress\/"}]}},"_links":{"self":[{"href":"https:\/\/aassdn.org\/amicale\/wp-json\/wp\/v2\/posts\/1899","targetHints":{"allow":["GET"]}}],"collection":[{"href":"https:\/\/aassdn.org\/amicale\/wp-json\/wp\/v2\/posts"}],"about":[{"href":"https:\/\/aassdn.org\/amicale\/wp-json\/wp\/v2\/types\/post"}],"author":[{"embeddable":true,"href":"https:\/\/aassdn.org\/amicale\/wp-json\/wp\/v2\/users\/1"}],"replies":[{"embeddable":true,"href":"https:\/\/aassdn.org\/amicale\/wp-json\/wp\/v2\/comments?post=1899"}],"version-history":[{"count":0,"href":"https:\/\/aassdn.org\/amicale\/wp-json\/wp\/v2\/posts\/1899\/revisions"}],"wp:attachment":[{"href":"https:\/\/aassdn.org\/amicale\/wp-json\/wp\/v2\/media?parent=1899"}],"wp:term":[{"taxonomy":"category","embeddable":true,"href":"https:\/\/aassdn.org\/amicale\/wp-json\/wp\/v2\/categories?post=1899"},{"taxonomy":"post_tag","embeddable":true,"href":"https:\/\/aassdn.org\/amicale\/wp-json\/wp\/v2\/tags?post=1899"}],"curies":[{"name":"wp","href":"https:\/\/api.w.org\/{rel}","templated":true}]}}