{"id":1879,"date":"2021-10-29T09:59:25","date_gmt":"2021-10-29T07:59:25","guid":{"rendered":"https:\/\/aassdn.org\/amicale\/memorial-biographie-de-andre-marcel-gardes\/"},"modified":"2021-11-02T20:29:00","modified_gmt":"2021-11-02T19:29:00","slug":"memorial-biographie-de-andre-marcel-gardes","status":"publish","type":"post","link":"https:\/\/aassdn.org\/amicale\/memorial-biographie-de-andre-marcel-gardes\/","title":{"rendered":"Memorial &#8211; biographie de Andr\u00e9, Marcel GARDES"},"content":{"rendered":"<div>\n<p><strong>N\u00e9 le 4 f\u00e9vrier 1914\u00a0 \u00e0\u00a0 Paris XVe<\/strong><strong>\u00a0<\/strong><strong>de Eug\u00e8ne Gardes\u00a0 et de\u00a0 Blanche\u00a0 Le Clerq\u00a0 (ou Clerg?)<\/strong><strong>\u00a0<\/strong><strong>Epouse:\u00a0 Suzy Serrell<\/strong><strong>\u00a0<\/strong><strong>D\u00e9c\u00e9d\u00e9 le 30 avril 1943\u00a0 \u00e0\u00a0 Paris XVe<\/strong><\/p>\n<p><strong>\u00a0<\/strong><strong>R\u00e9seaux:\u00a0 S.S.M.F.\/T.R., S.R.\u00a0 Kl\u00e9ber\u00a0 (Poste P2) \/ <\/strong><strong>Agent P2<\/strong><\/p>\n<\/div>\n<p><em>\u00a0<\/em><\/p>\n<p>Tr\u00e8s t\u00f4t Andr\u00e9 Gardes eut une vocation d&#8217;aviateur et son amour des grands espaces a\u00e9riens ne devait pas le quitter. A treize ans, ce fut le bapt\u00eame de l&#8217;air, \u00e0 dix huit le brevet de pilote de tourisme. Lorsqu&#8217;il entama son service militaire, il avait d\u00e9j\u00e0 cent heures de vol, performance pour un adolescent de famille modeste.<\/p>\n<p>Nomm\u00e9 mitrailleur \u00e0 la 33e escadre a\u00e9rienne, 1er groupe, \u00e0 Essey-les-Nancy, \u00e0 la suite d&#8217;un accrochage en vol, le 3 juillet 1936, il sauta en parachute et son sang-froid lui valut le grade de sergent. Cependant, \u00e0 la suite d&#8217;un contr\u00f4le m\u00e9dical, il ne put passer pilote de r\u00e9serve. En f\u00e9vrier 1937, il \u00e9crivait: &#8220;Toute ma personnalit\u00e9 se trouve influenc\u00e9e par ma d\u00e9ception de ne plus voler. (&#8230;) Depuis bient\u00f4t dix ans je cours apr\u00e8s un id\u00e9al, et, malgr\u00e9 tant d&#8217;\u00e9checs, mon r\u00eave demeure tenace.&#8221;\u00a0 En avril 1937 il disait :&#8221; Je sens que notre pauvre Patrie a besoin d&#8217;hommes forts, courageux, capables de tout donner, m\u00eame leur vie.&#8221;<\/p>\n<p>Le 6 juillet 1939, dans le monde boulevers\u00e9, il se maria et, le 26 ao\u00fbt rejoignit le G.A.O. ( Groupe A\u00e9rien d&#8217;Observation) 504 \u00e0 Reims, comme mitrailleur.<\/p>\n<p>Son premier fils, Michel, naquit le 24 mars 1940, le second, Philippe, quinze mois plus tard.<\/p>\n<p>En mai 1940, le G.A.O. 504 \u00e9tait jet\u00e9 dans la m\u00eal\u00e9e, \u00e9quip\u00e9 de Potez 63. L&#8217;\u00e9quipage comprenait trois hommes. Andr\u00e9 Gardes m\u00e9rita alors la citation suivante (Croix de guerre): &#8220;Sous-officier mitrailleur de grande valeur. Par son sang -froid et la pr\u00e9cision de son tir, a largement contribu\u00e9 les 15 et 17 mai, au cours de la bataille des Flandres \u00e0 la r\u00e9ussite des missions de reconnaissance dont il faisait partie, a eu son avion cribl\u00e9 de balles.&#8221;.<\/p>\n<p>Les formations a\u00e9riennes ayant re\u00e7u l&#8217;ordre de rallier l&#8217;Afrique, le sergent-chef Gardes se retrouve \u00e0 Alger. L\u00e0, il rencontre Georges Agoutin* qu&#8217;il a connu \u00e0 Chartres.<\/p>\n<p>Le 6 juillet 1940, il \u00e9crit: &#8221; Je veux croire que ma Patrie survivra et poursuivra son destin dans le monde. Je veux essayer de la servir encore de toutes mes forces, par tous les moyens! (&#8230;) Je vais rentrer en France servir, servir encore ma Patrie, mais comment, puisque le ciel ne veut plus de moi?&#8221;<\/p>\n<p>En septembre 1940, il est \u00e0 Marseille o\u00f9 il revoit le capitaine Agoutin qui va le recruter pour les Services sp\u00e9ciaux. Gardes travaille alors aux chantiers Lior\u00e9-Olivier du Loiret.<\/p>\n<p>Au printemps 1941, il habite Paris, 86 avenue F\u00e9lix Faure. Devenu contr\u00f4leur au Ravitaillement, il peut entrer dans les usines travaillant pour les Allemands et transmet ses observation<\/p>\n<div class=\"pdfprnt-buttons pdfprnt-buttons-post pdfprnt-bottom-right\"><a href=\"https:\/\/aassdn.org\/amicale\/wp-json\/wp\/v2\/posts\/1879?print=pdf\" class=\"pdfprnt-button pdfprnt-button-pdf\" target=\"_blank\" ><img decoding=\"async\" data-src=\"https:\/\/aassdn.org\/amicale\/wp-content\/plugins\/pdf-print\/images\/pdf.png\" alt=\"image_pdf\" title=\"Afficher le PDF\" src=\"data:image\/svg+xml;base64,PHN2ZyB3aWR0aD0iMSIgaGVpZ2h0PSIxIiB4bWxucz0iaHR0cDovL3d3dy53My5vcmcvMjAwMC9zdmciPjwvc3ZnPg==\" class=\"lazyload\" style=\"--smush-placeholder-width: 32px; --smush-placeholder-aspect-ratio: 32\/32;\" \/><\/a><a href=\"https:\/\/aassdn.org\/amicale\/wp-json\/wp\/v2\/posts\/1879?print=print\" class=\"pdfprnt-button pdfprnt-button-print\" target=\"_blank\" ><\/a><\/div>","protected":false},"excerpt":{"rendered":"<p>N\u00e9 le 4 f\u00e9vrier 1914\u00a0 \u00e0\u00a0 Paris XVe\u00a0de Eug\u00e8ne Gardes\u00a0 et de\u00a0 Blanche\u00a0 Le Clerq\u00a0 (ou Clerg?)\u00a0Epouse:\u00a0 Suzy Serrell\u00a0D\u00e9c\u00e9d\u00e9 le 30 avril 1943\u00a0 \u00e0\u00a0 Paris XVe \u00a0R\u00e9seaux:\u00a0 S.S.M.F.\/T.R., S.R.\u00a0 Kl\u00e9ber\u00a0 (Poste P2) \/ Agent P2 \u00a0 Tr\u00e8s t\u00f4t Andr\u00e9 Gardes eut une vocation d&#8217;aviateur et son amour des grands espaces a\u00e9riens ne devait pas le [&hellip;]<\/p>\n","protected":false},"author":1,"featured_media":0,"comment_status":"open","ping_status":"open","sticky":false,"template":"","format":"standard","meta":{"_acf_changed":false,"footnotes":""},"categories":[90,87],"tags":[212,245],"class_list":["post-1879","post","type-post","status-publish","format-standard","hentry","category-archives-du-site","category-biographies","tag-memorial","tag-reseau-kleber"],"acf":[],"yoast_head":"<!-- This site is optimized with the Yoast SEO plugin v27.4 - https:\/\/yoast.com\/product\/yoast-seo-wordpress\/ -->\n<title>Memorial - biographie de Andr\u00e9, Marcel GARDES | AASSDN | Anciens et Amis des Services Sp\u00e9ciaux<\/title>\n<meta name=\"robots\" content=\"index, follow, max-snippet:-1, max-image-preview:large, max-video-preview:-1\" \/>\n<link rel=\"canonical\" href=\"https:\/\/aassdn.org\/amicale\/memorial-biographie-de-andre-marcel-gardes\/\" \/>\n<meta property=\"og:locale\" content=\"fr_FR\" \/>\n<meta property=\"og:type\" content=\"article\" \/>\n<meta property=\"og:title\" content=\"Memorial - biographie de Andr\u00e9, Marcel GARDES | AASSDN | Anciens et Amis des Services Sp\u00e9ciaux\" \/>\n<meta property=\"og:description\" content=\"N\u00e9 le 4 f\u00e9vrier 1914\u00a0 \u00e0\u00a0 Paris XVe\u00a0de Eug\u00e8ne Gardes\u00a0 et de\u00a0 Blanche\u00a0 Le Clerq\u00a0 (ou Clerg?)\u00a0Epouse:\u00a0 Suzy Serrell\u00a0D\u00e9c\u00e9d\u00e9 le 30 avril 1943\u00a0 \u00e0\u00a0 Paris XVe \u00a0R\u00e9seaux:\u00a0 S.S.M.F.\/T.R., S.R.\u00a0 Kl\u00e9ber\u00a0 (Poste P2) \/ Agent P2 \u00a0 Tr\u00e8s t\u00f4t Andr\u00e9 Gardes eut une vocation d&#8217;aviateur et son amour des grands espaces a\u00e9riens ne devait pas le [&hellip;]\" \/>\n<meta property=\"og:url\" content=\"https:\/\/aassdn.org\/amicale\/memorial-biographie-de-andre-marcel-gardes\/\" \/>\n<meta property=\"og:site_name\" content=\"AASSDN | Anciens et Amis des Services Sp\u00e9ciaux\" \/>\n<meta property=\"article:published_time\" content=\"2021-10-29T07:59:25+00:00\" \/>\n<meta property=\"article:modified_time\" content=\"2021-11-02T19:29:00+00:00\" \/>\n<meta name=\"author\" content=\"AASSDN\" \/>\n<meta name=\"twitter:card\" content=\"summary_large_image\" \/>\n<meta name=\"twitter:label1\" content=\"\u00c9crit par\" \/>\n\t<meta name=\"twitter:data1\" content=\"AASSDN\" \/>\n\t<meta name=\"twitter:label2\" content=\"Dur\u00e9e de lecture estim\u00e9e\" \/>\n\t<meta name=\"twitter:data2\" content=\"2 minutes\" \/>\n<script type=\"application\/ld+json\" class=\"yoast-schema-graph\">{\"@context\":\"https:\\\/\\\/schema.org\",\"@graph\":[{\"@type\":\"Article\",\"@id\":\"https:\\\/\\\/aassdn.org\\\/amicale\\\/memorial-biographie-de-andre-marcel-gardes\\\/#article\",\"isPartOf\":{\"@id\":\"https:\\\/\\\/aassdn.org\\\/amicale\\\/memorial-biographie-de-andre-marcel-gardes\\\/\"},\"author\":{\"name\":\"AASSDN\",\"@id\":\"https:\\\/\\\/aassdn.org\\\/amicale\\\/#\\\/schema\\\/person\\\/73800712a272e6d58a10a86ea9e59671\"},\"headline\":\"Memorial &#8211; biographie de Andr\u00e9, Marcel GARDES\",\"datePublished\":\"2021-10-29T07:59:25+00:00\",\"dateModified\":\"2021-11-02T19:29:00+00:00\",\"mainEntityOfPage\":{\"@id\":\"https:\\\/\\\/aassdn.org\\\/amicale\\\/memorial-biographie-de-andre-marcel-gardes\\\/\"},\"wordCount\":487,\"commentCount\":0,\"publisher\":{\"@id\":\"https:\\\/\\\/aassdn.org\\\/amicale\\\/#organization\"},\"keywords\":[\"M\u00e9morial\",\"r\u00e9seau Kleber\"],\"articleSection\":[\"Archives du site\",\"Biographies\"],\"inLanguage\":\"fr-FR\",\"potentialAction\":[{\"@type\":\"CommentAction\",\"name\":\"Comment\",\"target\":[\"https:\\\/\\\/aassdn.org\\\/amicale\\\/memorial-biographie-de-andre-marcel-gardes\\\/#respond\"]}]},{\"@type\":\"WebPage\",\"@id\":\"https:\\\/\\\/aassdn.org\\\/amicale\\\/memorial-biographie-de-andre-marcel-gardes\\\/\",\"url\":\"https:\\\/\\\/aassdn.org\\\/amicale\\\/memorial-biographie-de-andre-marcel-gardes\\\/\",\"name\":\"Memorial - biographie de Andr\u00e9, Marcel GARDES | AASSDN | Anciens et Amis des Services Sp\u00e9ciaux\",\"isPartOf\":{\"@id\":\"https:\\\/\\\/aassdn.org\\\/amicale\\\/#website\"},\"datePublished\":\"2021-10-29T07:59:25+00:00\",\"dateModified\":\"2021-11-02T19:29:00+00:00\",\"breadcrumb\":{\"@id\":\"https:\\\/\\\/aassdn.org\\\/amicale\\\/memorial-biographie-de-andre-marcel-gardes\\\/#breadcrumb\"},\"inLanguage\":\"fr-FR\",\"potentialAction\":[{\"@type\":\"ReadAction\",\"target\":[\"https:\\\/\\\/aassdn.org\\\/amicale\\\/memorial-biographie-de-andre-marcel-gardes\\\/\"]}]},{\"@type\":\"BreadcrumbList\",\"@id\":\"https:\\\/\\\/aassdn.org\\\/amicale\\\/memorial-biographie-de-andre-marcel-gardes\\\/#breadcrumb\",\"itemListElement\":[{\"@type\":\"ListItem\",\"position\":1,\"name\":\"Accueil\",\"item\":\"https:\\\/\\\/aassdn.org\\\/amicale\\\/\"},{\"@type\":\"ListItem\",\"position\":2,\"name\":\"Memorial &#8211; biographie de Andr\u00e9, Marcel GARDES\"}]},{\"@type\":\"WebSite\",\"@id\":\"https:\\\/\\\/aassdn.org\\\/amicale\\\/#website\",\"url\":\"https:\\\/\\\/aassdn.org\\\/amicale\\\/\",\"name\":\"AASSDN | Anciens et Amis des Services Sp\u00e9ciaux\",\"description\":\"Services sp\u00e9ciaux : Des h\u00e9ros anonymes au service exclusif de la France\",\"publisher\":{\"@id\":\"https:\\\/\\\/aassdn.org\\\/amicale\\\/#organization\"},\"potentialAction\":[{\"@type\":\"SearchAction\",\"target\":{\"@type\":\"EntryPoint\",\"urlTemplate\":\"https:\\\/\\\/aassdn.org\\\/amicale\\\/?s={search_term_string}\"},\"query-input\":{\"@type\":\"PropertyValueSpecification\",\"valueRequired\":true,\"valueName\":\"search_term_string\"}}],\"inLanguage\":\"fr-FR\"},{\"@type\":\"Organization\",\"@id\":\"https:\\\/\\\/aassdn.org\\\/amicale\\\/#organization\",\"name\":\"AASSDN | Anciens et Amis des Services Sp\u00e9ciaux\",\"url\":\"https:\\\/\\\/aassdn.org\\\/amicale\\\/\",\"logo\":{\"@type\":\"ImageObject\",\"inLanguage\":\"fr-FR\",\"@id\":\"https:\\\/\\\/aassdn.org\\\/amicale\\\/#\\\/schema\\\/logo\\\/image\\\/\",\"url\":\"https:\\\/\\\/aassdn.org\\\/amicale\\\/wp-content\\\/uploads\\\/Logo_AASSDN_transparent2.png\",\"contentUrl\":\"https:\\\/\\\/aassdn.org\\\/amicale\\\/wp-content\\\/uploads\\\/Logo_AASSDN_transparent2.png\",\"width\":1832,\"height\":1609,\"caption\":\"AASSDN | Anciens et Amis des Services Sp\u00e9ciaux\"},\"image\":{\"@id\":\"https:\\\/\\\/aassdn.org\\\/amicale\\\/#\\\/schema\\\/logo\\\/image\\\/\"}},{\"@type\":\"Person\",\"@id\":\"https:\\\/\\\/aassdn.org\\\/amicale\\\/#\\\/schema\\\/person\\\/73800712a272e6d58a10a86ea9e59671\",\"name\":\"AASSDN\",\"image\":{\"@type\":\"ImageObject\",\"inLanguage\":\"fr-FR\",\"@id\":\"https:\\\/\\\/secure.gravatar.com\\\/avatar\\\/9653808d17788562e72d77e426d8d02775774239aefd00a9b4e852423d8e9d7e?s=96&d=mm&r=g\",\"url\":\"https:\\\/\\\/secure.gravatar.com\\\/avatar\\\/9653808d17788562e72d77e426d8d02775774239aefd00a9b4e852423d8e9d7e?s=96&d=mm&r=g\",\"contentUrl\":\"https:\\\/\\\/secure.gravatar.com\\\/avatar\\\/9653808d17788562e72d77e426d8d02775774239aefd00a9b4e852423d8e9d7e?s=96&d=mm&r=g\",\"caption\":\"AASSDN\"},\"sameAs\":[\"https:\\\/\\\/aassdn.org\\\/amicale\"],\"url\":\"https:\\\/\\\/aassdn.org\\\/amicale\\\/author\\\/wordpress\\\/\"}]}<\/script>\n<!-- \/ Yoast SEO plugin. -->","yoast_head_json":{"title":"Memorial - biographie de Andr\u00e9, Marcel GARDES | AASSDN | Anciens et Amis des Services Sp\u00e9ciaux","robots":{"index":"index","follow":"follow","max-snippet":"max-snippet:-1","max-image-preview":"max-image-preview:large","max-video-preview":"max-video-preview:-1"},"canonical":"https:\/\/aassdn.org\/amicale\/memorial-biographie-de-andre-marcel-gardes\/","og_locale":"fr_FR","og_type":"article","og_title":"Memorial - biographie de Andr\u00e9, Marcel GARDES | AASSDN | Anciens et Amis des Services Sp\u00e9ciaux","og_description":"N\u00e9 le 4 f\u00e9vrier 1914\u00a0 \u00e0\u00a0 Paris XVe\u00a0de Eug\u00e8ne Gardes\u00a0 et de\u00a0 Blanche\u00a0 Le Clerq\u00a0 (ou Clerg?)\u00a0Epouse:\u00a0 Suzy Serrell\u00a0D\u00e9c\u00e9d\u00e9 le 30 avril 1943\u00a0 \u00e0\u00a0 Paris XVe \u00a0R\u00e9seaux:\u00a0 S.S.M.F.\/T.R., S.R.\u00a0 Kl\u00e9ber\u00a0 (Poste P2) \/ Agent P2 \u00a0 Tr\u00e8s t\u00f4t Andr\u00e9 Gardes eut une vocation d&#8217;aviateur et son amour des grands espaces a\u00e9riens ne devait pas le [&hellip;]","og_url":"https:\/\/aassdn.org\/amicale\/memorial-biographie-de-andre-marcel-gardes\/","og_site_name":"AASSDN | Anciens et Amis des Services Sp\u00e9ciaux","article_published_time":"2021-10-29T07:59:25+00:00","article_modified_time":"2021-11-02T19:29:00+00:00","author":"AASSDN","twitter_card":"summary_large_image","twitter_misc":{"\u00c9crit par":"AASSDN","Dur\u00e9e de lecture estim\u00e9e":"2 minutes"},"schema":{"@context":"https:\/\/schema.org","@graph":[{"@type":"Article","@id":"https:\/\/aassdn.org\/amicale\/memorial-biographie-de-andre-marcel-gardes\/#article","isPartOf":{"@id":"https:\/\/aassdn.org\/amicale\/memorial-biographie-de-andre-marcel-gardes\/"},"author":{"name":"AASSDN","@id":"https:\/\/aassdn.org\/amicale\/#\/schema\/person\/73800712a272e6d58a10a86ea9e59671"},"headline":"Memorial &#8211; biographie de Andr\u00e9, Marcel GARDES","datePublished":"2021-10-29T07:59:25+00:00","dateModified":"2021-11-02T19:29:00+00:00","mainEntityOfPage":{"@id":"https:\/\/aassdn.org\/amicale\/memorial-biographie-de-andre-marcel-gardes\/"},"wordCount":487,"commentCount":0,"publisher":{"@id":"https:\/\/aassdn.org\/amicale\/#organization"},"keywords":["M\u00e9morial","r\u00e9seau Kleber"],"articleSection":["Archives du site","Biographies"],"inLanguage":"fr-FR","potentialAction":[{"@type":"CommentAction","name":"Comment","target":["https:\/\/aassdn.org\/amicale\/memorial-biographie-de-andre-marcel-gardes\/#respond"]}]},{"@type":"WebPage","@id":"https:\/\/aassdn.org\/amicale\/memorial-biographie-de-andre-marcel-gardes\/","url":"https:\/\/aassdn.org\/amicale\/memorial-biographie-de-andre-marcel-gardes\/","name":"Memorial - biographie de Andr\u00e9, Marcel GARDES | AASSDN | Anciens et Amis des Services Sp\u00e9ciaux","isPartOf":{"@id":"https:\/\/aassdn.org\/amicale\/#website"},"datePublished":"2021-10-29T07:59:25+00:00","dateModified":"2021-11-02T19:29:00+00:00","breadcrumb":{"@id":"https:\/\/aassdn.org\/amicale\/memorial-biographie-de-andre-marcel-gardes\/#breadcrumb"},"inLanguage":"fr-FR","potentialAction":[{"@type":"ReadAction","target":["https:\/\/aassdn.org\/amicale\/memorial-biographie-de-andre-marcel-gardes\/"]}]},{"@type":"BreadcrumbList","@id":"https:\/\/aassdn.org\/amicale\/memorial-biographie-de-andre-marcel-gardes\/#breadcrumb","itemListElement":[{"@type":"ListItem","position":1,"name":"Accueil","item":"https:\/\/aassdn.org\/amicale\/"},{"@type":"ListItem","position":2,"name":"Memorial &#8211; biographie de Andr\u00e9, Marcel GARDES"}]},{"@type":"WebSite","@id":"https:\/\/aassdn.org\/amicale\/#website","url":"https:\/\/aassdn.org\/amicale\/","name":"AASSDN | Anciens et Amis des Services Sp\u00e9ciaux","description":"Services sp\u00e9ciaux : Des h\u00e9ros anonymes au service exclusif de la France","publisher":{"@id":"https:\/\/aassdn.org\/amicale\/#organization"},"potentialAction":[{"@type":"SearchAction","target":{"@type":"EntryPoint","urlTemplate":"https:\/\/aassdn.org\/amicale\/?s={search_term_string}"},"query-input":{"@type":"PropertyValueSpecification","valueRequired":true,"valueName":"search_term_string"}}],"inLanguage":"fr-FR"},{"@type":"Organization","@id":"https:\/\/aassdn.org\/amicale\/#organization","name":"AASSDN | Anciens et Amis des Services Sp\u00e9ciaux","url":"https:\/\/aassdn.org\/amicale\/","logo":{"@type":"ImageObject","inLanguage":"fr-FR","@id":"https:\/\/aassdn.org\/amicale\/#\/schema\/logo\/image\/","url":"https:\/\/aassdn.org\/amicale\/wp-content\/uploads\/Logo_AASSDN_transparent2.png","contentUrl":"https:\/\/aassdn.org\/amicale\/wp-content\/uploads\/Logo_AASSDN_transparent2.png","width":1832,"height":1609,"caption":"AASSDN | Anciens et Amis des Services Sp\u00e9ciaux"},"image":{"@id":"https:\/\/aassdn.org\/amicale\/#\/schema\/logo\/image\/"}},{"@type":"Person","@id":"https:\/\/aassdn.org\/amicale\/#\/schema\/person\/73800712a272e6d58a10a86ea9e59671","name":"AASSDN","image":{"@type":"ImageObject","inLanguage":"fr-FR","@id":"https:\/\/secure.gravatar.com\/avatar\/9653808d17788562e72d77e426d8d02775774239aefd00a9b4e852423d8e9d7e?s=96&d=mm&r=g","url":"https:\/\/secure.gravatar.com\/avatar\/9653808d17788562e72d77e426d8d02775774239aefd00a9b4e852423d8e9d7e?s=96&d=mm&r=g","contentUrl":"https:\/\/secure.gravatar.com\/avatar\/9653808d17788562e72d77e426d8d02775774239aefd00a9b4e852423d8e9d7e?s=96&d=mm&r=g","caption":"AASSDN"},"sameAs":["https:\/\/aassdn.org\/amicale"],"url":"https:\/\/aassdn.org\/amicale\/author\/wordpress\/"}]}},"_links":{"self":[{"href":"https:\/\/aassdn.org\/amicale\/wp-json\/wp\/v2\/posts\/1879","targetHints":{"allow":["GET"]}}],"collection":[{"href":"https:\/\/aassdn.org\/amicale\/wp-json\/wp\/v2\/posts"}],"about":[{"href":"https:\/\/aassdn.org\/amicale\/wp-json\/wp\/v2\/types\/post"}],"author":[{"embeddable":true,"href":"https:\/\/aassdn.org\/amicale\/wp-json\/wp\/v2\/users\/1"}],"replies":[{"embeddable":true,"href":"https:\/\/aassdn.org\/amicale\/wp-json\/wp\/v2\/comments?post=1879"}],"version-history":[{"count":0,"href":"https:\/\/aassdn.org\/amicale\/wp-json\/wp\/v2\/posts\/1879\/revisions"}],"wp:attachment":[{"href":"https:\/\/aassdn.org\/amicale\/wp-json\/wp\/v2\/media?parent=1879"}],"wp:term":[{"taxonomy":"category","embeddable":true,"href":"https:\/\/aassdn.org\/amicale\/wp-json\/wp\/v2\/categories?post=1879"},{"taxonomy":"post_tag","embeddable":true,"href":"https:\/\/aassdn.org\/amicale\/wp-json\/wp\/v2\/tags?post=1879"}],"curies":[{"name":"wp","href":"https:\/\/api.w.org\/{rel}","templated":true}]}}