{"id":1878,"date":"2021-10-29T09:59:25","date_gmt":"2021-10-29T07:59:25","guid":{"rendered":"https:\/\/aassdn.org\/amicale\/memorial-biographie-de-maurice-garisson-alias-guillemet\/"},"modified":"2021-11-01T15:34:03","modified_gmt":"2021-11-01T14:34:03","slug":"memorial-biographie-de-maurice-garisson-alias-guillemet","status":"publish","type":"post","link":"https:\/\/aassdn.org\/amicale\/memorial-biographie-de-maurice-garisson-alias-guillemet\/","title":{"rendered":"Memorial &#8211; biographie de Maurice GARISSON Alias GUILLEMET"},"content":{"rendered":"<div>\n<p><strong>N\u00e9 le 14 d\u00e9cembre 1914\u00a0 \u00e0\u00a0 Villers Saint Christophe (Aisne)<\/strong><strong>\u00a0<\/strong><strong>de Henri Garisson\u00a0 et de\u00a0 Marguerite Brouette<\/strong><strong>\u00a0<\/strong><strong>Epouse:\u00a0 Jacqueline Flament<\/strong><strong>\u00a0<\/strong><strong>D\u00e9c\u00e9d\u00e9 le 4 avril 1945\u00a0 \u00e0\u00a0 Buchenwald<\/strong><strong>\u00a0<\/strong><\/p>\n<p><strong>R\u00e9seau:\u00a0 Villon du S.R. Air <\/strong><strong>Agent P2<\/strong><\/p>\n<\/div>\n<p>\u00a0<\/p>\n<p>Engag\u00e9 volontaire le 9 mars 1935, affect\u00e9 \u00e0 la base a\u00e9rienne de Nancy, Maurice Garisson a \u00e9t\u00e9 nomm\u00e9 au grade de sergent chef en octobre 1936 et devint chef du secr\u00e9tariat du chef de corps du bataillon de l&#8217;Air 121. A la dissolution de ce dernier, il passa au bataillon de l&#8217;Air 109 \u00e0 Tours et enfin fut affect\u00e9 au minist\u00e8re de l&#8217;Air en d\u00e9cembre 1939, en qualit\u00e9 de comptable du bureau du tr\u00e9sorier. C&#8217;est comme sergent chef qu&#8217;il fut plac\u00e9 en cong\u00e9 d&#8217;armistice le 1er novembre 1941.<\/p>\n<p>Le 1er avril 1941 (en septembre 1942 d&#8217;apr\u00e8s les archives de l&#8217;Arm\u00e9e de l&#8217;Air), il entre au S.R. Air comme agent P2, secr\u00e9taire d&#8217;un sous-r\u00e9seau du r\u00e9seau Villon, \u00e0 Marseille.<\/p>\n<p>Il est arr\u00eat\u00e9 par la Gestapo \u00e0 Marseille le 7 novembre 1943, le lendemain de l&#8217;arrestation de son chef de poste, Charles Boiron.<\/p>\n<p>Relatant son arrestation, ainsi que celle de Charles Boiron*, de Madame Boiron, de Henri Pascal* et de Koenig, Jean B\u00e9zy insiste sur les &#8221; tortures effarantes exerc\u00e9es sur lui et sur ses cod\u00e9tenus&#8221;.<\/p>\n<p>Le g\u00e9n\u00e9ral B\u00e9zy tenait ces informations notamment de &#8220;Jacques Roux, du r\u00e9seau Go\u00e9lette, d\u00e9tenu un moment \u00e0 Fresnes dans la m\u00eame cellule que Garisson. D&#8217;apr\u00e8s tous ces t\u00e9moins il semble que le principal grief retenu contre Boiron et sans doute ses \u00e9quipiers ait \u00e9t\u00e9 un camouflage d&#8217;armes.(&#8230;)<\/p>\n<p>Et Roux, rapportant le t\u00e9moignage de Garisson sur les s\u00e9ances de pendaison et de flagellation de Boiron, ajoute: &#8220;Les Allemands ont surtout insist\u00e9 sur la cl\u00e9 du local de la rue de Crim\u00e9e qui servait \u00e0 camoufler du mat\u00e9riel qui a pu ainsi \u00eatre sauv\u00e9&#8221;.<\/p>\n<p>Dans de courts papiers qu&#8217;ils ont pu faire passer pendant leur s\u00e9jour \u00e0 la prison des Baumettes, Boiron et Garisson affirment avoir fait tout ce qui \u00e9tait en leur pouvoir pour minimiser les cons\u00e9quences de leur arrestation. T\u00e9moin ce billet de Boiron: &#8220;Dites bien \u00e0 nos camarades que nous n&#8217;avons rien \u00e0 nous reprocher. Nous avons fait notre devoir jusqu&#8217;au bout, Guillemet (Garisson), ma femme et moi. Brandt.&#8221;<\/p>\n<p>Transf\u00e9r\u00e9 de Fresnes \u00e0 Compi\u00e8gne, Maurice Garisson est ensuite d\u00e9port\u00e9 en Allemagne le 15 ao\u00fbt 1944. Il meurt \u00e0 Buchenwald le 4 avril 1945. Ses enfants, Alain et Guy, ont trois et sept ans.<\/p>\n<p>D\u00e9clar\u00e9 &#8220;Mort pour la France&#8221;, il recevra la M\u00e9daille de la R\u00e9sistance.<\/p>\n<p><em>\u00a0<\/em><\/p>\n<div>\n<p><em>R\u00e9f\u00e9rences: Archives du Bureau &#8220;R\u00e9sistance&#8221;;\u00a0 Archives et R\u00e9serves de l&#8217;Arm\u00e9e de l&#8217;Air; &#8220;Le S.R. Air&#8221; de Jean B\u00e9zy, P.78, 164, 165, 302 (Ed. France Empire, 1979); Bulletin de l&#8217;A.A.S.S.D.N. n\u00b024, p.47; Archives d&#8217;Alger (dossier 3203-89)<\/em><\/p>\n<\/div>\n<p><em><br\n<\/p>\n<div class=\"pdfprnt-buttons pdfprnt-buttons-post pdfprnt-bottom-right\"><a href=\"https:\/\/aassdn.org\/amicale\/wp-json\/wp\/v2\/posts\/1878?print=pdf\" class=\"pdfprnt-button pdfprnt-button-pdf\" target=\"_blank\" ><img decoding=\"async\" data-src=\"https:\/\/aassdn.org\/amicale\/wp-content\/plugins\/pdf-print\/images\/pdf.png\" alt=\"image_pdf\" title=\"Afficher le PDF\" src=\"data:image\/svg+xml;base64,PHN2ZyB3aWR0aD0iMSIgaGVpZ2h0PSIxIiB4bWxucz0iaHR0cDovL3d3dy53My5vcmcvMjAwMC9zdmciPjwvc3ZnPg==\" class=\"lazyload\" style=\"--smush-placeholder-width: 32px; --smush-placeholder-aspect-ratio: 32\/32;\" \/><\/a><a href=\"https:\/\/aassdn.org\/amicale\/wp-json\/wp\/v2\/posts\/1878?print=print\" class=\"pdfprnt-button pdfprnt-button-print\" target=\"_blank\" ><\/a><\/div>","protected":false},"excerpt":{"rendered":"<p>N\u00e9 le 14 d\u00e9cembre 1914\u00a0 \u00e0\u00a0 Villers Saint Christophe (Aisne)\u00a0de Henri Garisson\u00a0 et de\u00a0 Marguerite Brouette\u00a0Epouse:\u00a0 Jacqueline Flament\u00a0D\u00e9c\u00e9d\u00e9 le 4 avril 1945\u00a0 \u00e0\u00a0 Buchenwald\u00a0 R\u00e9seau:\u00a0 Villon du S.R. Air Agent P2 \u00a0 Engag\u00e9 volontaire le 9 mars 1935, affect\u00e9 \u00e0 la base a\u00e9rienne de Nancy, Maurice Garisson a \u00e9t\u00e9 nomm\u00e9 au grade de sergent chef [&hellip;]<\/p>\n","protected":false},"author":1,"featured_media":0,"comment_status":"open","ping_status":"open","sticky":false,"template":"","format":"standard","meta":{"_acf_changed":false,"footnotes":""},"categories":[90,87],"tags":[212],"class_list":["post-1878","post","type-post","status-publish","format-standard","hentry","category-archives-du-site","category-biographies","tag-memorial"],"acf":[],"yoast_head":"<!-- This site is optimized with the Yoast SEO plugin v27.4 - https:\/\/yoast.com\/product\/yoast-seo-wordpress\/ -->\n<title>Memorial - biographie de Maurice GARISSON Alias GUILLEMET | AASSDN | Anciens et Amis des Services Sp\u00e9ciaux<\/title>\n<meta name=\"robots\" content=\"index, follow, max-snippet:-1, max-image-preview:large, max-video-preview:-1\" \/>\n<link rel=\"canonical\" href=\"https:\/\/aassdn.org\/amicale\/memorial-biographie-de-maurice-garisson-alias-guillemet\/\" \/>\n<meta property=\"og:locale\" content=\"fr_FR\" \/>\n<meta property=\"og:type\" content=\"article\" \/>\n<meta property=\"og:title\" content=\"Memorial - biographie de Maurice GARISSON Alias GUILLEMET | AASSDN | Anciens et Amis des Services Sp\u00e9ciaux\" \/>\n<meta property=\"og:description\" content=\"N\u00e9 le 14 d\u00e9cembre 1914\u00a0 \u00e0\u00a0 Villers Saint Christophe (Aisne)\u00a0de Henri Garisson\u00a0 et de\u00a0 Marguerite Brouette\u00a0Epouse:\u00a0 Jacqueline Flament\u00a0D\u00e9c\u00e9d\u00e9 le 4 avril 1945\u00a0 \u00e0\u00a0 Buchenwald\u00a0 R\u00e9seau:\u00a0 Villon du S.R. Air Agent P2 \u00a0 Engag\u00e9 volontaire le 9 mars 1935, affect\u00e9 \u00e0 la base a\u00e9rienne de Nancy, Maurice Garisson a \u00e9t\u00e9 nomm\u00e9 au grade de sergent chef [&hellip;]\" \/>\n<meta property=\"og:url\" content=\"https:\/\/aassdn.org\/amicale\/memorial-biographie-de-maurice-garisson-alias-guillemet\/\" \/>\n<meta property=\"og:site_name\" content=\"AASSDN | Anciens et Amis des Services Sp\u00e9ciaux\" \/>\n<meta property=\"article:published_time\" content=\"2021-10-29T07:59:25+00:00\" \/>\n<meta property=\"article:modified_time\" content=\"2021-11-01T14:34:03+00:00\" \/>\n<meta name=\"author\" content=\"AASSDN\" \/>\n<meta name=\"twitter:card\" content=\"summary_large_image\" \/>\n<meta name=\"twitter:label1\" content=\"\u00c9crit par\" \/>\n\t<meta name=\"twitter:data1\" content=\"AASSDN\" \/>\n\t<meta name=\"twitter:label2\" content=\"Dur\u00e9e de lecture estim\u00e9e\" \/>\n\t<meta name=\"twitter:data2\" content=\"2 minutes\" \/>\n<script type=\"application\/ld+json\" class=\"yoast-schema-graph\">{\"@context\":\"https:\\\/\\\/schema.org\",\"@graph\":[{\"@type\":\"Article\",\"@id\":\"https:\\\/\\\/aassdn.org\\\/amicale\\\/memorial-biographie-de-maurice-garisson-alias-guillemet\\\/#article\",\"isPartOf\":{\"@id\":\"https:\\\/\\\/aassdn.org\\\/amicale\\\/memorial-biographie-de-maurice-garisson-alias-guillemet\\\/\"},\"author\":{\"name\":\"AASSDN\",\"@id\":\"https:\\\/\\\/aassdn.org\\\/amicale\\\/#\\\/schema\\\/person\\\/73800712a272e6d58a10a86ea9e59671\"},\"headline\":\"Memorial &#8211; biographie de Maurice GARISSON Alias GUILLEMET\",\"datePublished\":\"2021-10-29T07:59:25+00:00\",\"dateModified\":\"2021-11-01T14:34:03+00:00\",\"mainEntityOfPage\":{\"@id\":\"https:\\\/\\\/aassdn.org\\\/amicale\\\/memorial-biographie-de-maurice-garisson-alias-guillemet\\\/\"},\"wordCount\":495,\"commentCount\":0,\"publisher\":{\"@id\":\"https:\\\/\\\/aassdn.org\\\/amicale\\\/#organization\"},\"keywords\":[\"M\u00e9morial\"],\"articleSection\":[\"Archives du site\",\"Biographies\"],\"inLanguage\":\"fr-FR\",\"potentialAction\":[{\"@type\":\"CommentAction\",\"name\":\"Comment\",\"target\":[\"https:\\\/\\\/aassdn.org\\\/amicale\\\/memorial-biographie-de-maurice-garisson-alias-guillemet\\\/#respond\"]}]},{\"@type\":\"WebPage\",\"@id\":\"https:\\\/\\\/aassdn.org\\\/amicale\\\/memorial-biographie-de-maurice-garisson-alias-guillemet\\\/\",\"url\":\"https:\\\/\\\/aassdn.org\\\/amicale\\\/memorial-biographie-de-maurice-garisson-alias-guillemet\\\/\",\"name\":\"Memorial - biographie de Maurice GARISSON Alias GUILLEMET | AASSDN | Anciens et Amis des Services Sp\u00e9ciaux\",\"isPartOf\":{\"@id\":\"https:\\\/\\\/aassdn.org\\\/amicale\\\/#website\"},\"datePublished\":\"2021-10-29T07:59:25+00:00\",\"dateModified\":\"2021-11-01T14:34:03+00:00\",\"breadcrumb\":{\"@id\":\"https:\\\/\\\/aassdn.org\\\/amicale\\\/memorial-biographie-de-maurice-garisson-alias-guillemet\\\/#breadcrumb\"},\"inLanguage\":\"fr-FR\",\"potentialAction\":[{\"@type\":\"ReadAction\",\"target\":[\"https:\\\/\\\/aassdn.org\\\/amicale\\\/memorial-biographie-de-maurice-garisson-alias-guillemet\\\/\"]}]},{\"@type\":\"BreadcrumbList\",\"@id\":\"https:\\\/\\\/aassdn.org\\\/amicale\\\/memorial-biographie-de-maurice-garisson-alias-guillemet\\\/#breadcrumb\",\"itemListElement\":[{\"@type\":\"ListItem\",\"position\":1,\"name\":\"Accueil\",\"item\":\"https:\\\/\\\/aassdn.org\\\/amicale\\\/\"},{\"@type\":\"ListItem\",\"position\":2,\"name\":\"Memorial &#8211; biographie de Maurice GARISSON Alias GUILLEMET\"}]},{\"@type\":\"WebSite\",\"@id\":\"https:\\\/\\\/aassdn.org\\\/amicale\\\/#website\",\"url\":\"https:\\\/\\\/aassdn.org\\\/amicale\\\/\",\"name\":\"AASSDN | Anciens et Amis des Services Sp\u00e9ciaux\",\"description\":\"Services sp\u00e9ciaux : Des h\u00e9ros anonymes au service exclusif de la France\",\"publisher\":{\"@id\":\"https:\\\/\\\/aassdn.org\\\/amicale\\\/#organization\"},\"potentialAction\":[{\"@type\":\"SearchAction\",\"target\":{\"@type\":\"EntryPoint\",\"urlTemplate\":\"https:\\\/\\\/aassdn.org\\\/amicale\\\/?s={search_term_string}\"},\"query-input\":{\"@type\":\"PropertyValueSpecification\",\"valueRequired\":true,\"valueName\":\"search_term_string\"}}],\"inLanguage\":\"fr-FR\"},{\"@type\":\"Organization\",\"@id\":\"https:\\\/\\\/aassdn.org\\\/amicale\\\/#organization\",\"name\":\"AASSDN | Anciens et Amis des Services Sp\u00e9ciaux\",\"url\":\"https:\\\/\\\/aassdn.org\\\/amicale\\\/\",\"logo\":{\"@type\":\"ImageObject\",\"inLanguage\":\"fr-FR\",\"@id\":\"https:\\\/\\\/aassdn.org\\\/amicale\\\/#\\\/schema\\\/logo\\\/image\\\/\",\"url\":\"https:\\\/\\\/aassdn.org\\\/amicale\\\/wp-content\\\/uploads\\\/Logo_AASSDN_transparent2.png\",\"contentUrl\":\"https:\\\/\\\/aassdn.org\\\/amicale\\\/wp-content\\\/uploads\\\/Logo_AASSDN_transparent2.png\",\"width\":1832,\"height\":1609,\"caption\":\"AASSDN | Anciens et Amis des Services Sp\u00e9ciaux\"},\"image\":{\"@id\":\"https:\\\/\\\/aassdn.org\\\/amicale\\\/#\\\/schema\\\/logo\\\/image\\\/\"}},{\"@type\":\"Person\",\"@id\":\"https:\\\/\\\/aassdn.org\\\/amicale\\\/#\\\/schema\\\/person\\\/73800712a272e6d58a10a86ea9e59671\",\"name\":\"AASSDN\",\"image\":{\"@type\":\"ImageObject\",\"inLanguage\":\"fr-FR\",\"@id\":\"https:\\\/\\\/secure.gravatar.com\\\/avatar\\\/9653808d17788562e72d77e426d8d02775774239aefd00a9b4e852423d8e9d7e?s=96&d=mm&r=g\",\"url\":\"https:\\\/\\\/secure.gravatar.com\\\/avatar\\\/9653808d17788562e72d77e426d8d02775774239aefd00a9b4e852423d8e9d7e?s=96&d=mm&r=g\",\"contentUrl\":\"https:\\\/\\\/secure.gravatar.com\\\/avatar\\\/9653808d17788562e72d77e426d8d02775774239aefd00a9b4e852423d8e9d7e?s=96&d=mm&r=g\",\"caption\":\"AASSDN\"},\"sameAs\":[\"https:\\\/\\\/aassdn.org\\\/amicale\"],\"url\":\"https:\\\/\\\/aassdn.org\\\/amicale\\\/author\\\/wordpress\\\/\"}]}<\/script>\n<!-- \/ Yoast SEO plugin. -->","yoast_head_json":{"title":"Memorial - biographie de Maurice GARISSON Alias GUILLEMET | AASSDN | Anciens et Amis des Services Sp\u00e9ciaux","robots":{"index":"index","follow":"follow","max-snippet":"max-snippet:-1","max-image-preview":"max-image-preview:large","max-video-preview":"max-video-preview:-1"},"canonical":"https:\/\/aassdn.org\/amicale\/memorial-biographie-de-maurice-garisson-alias-guillemet\/","og_locale":"fr_FR","og_type":"article","og_title":"Memorial - biographie de Maurice GARISSON Alias GUILLEMET | AASSDN | Anciens et Amis des Services Sp\u00e9ciaux","og_description":"N\u00e9 le 14 d\u00e9cembre 1914\u00a0 \u00e0\u00a0 Villers Saint Christophe (Aisne)\u00a0de Henri Garisson\u00a0 et de\u00a0 Marguerite Brouette\u00a0Epouse:\u00a0 Jacqueline Flament\u00a0D\u00e9c\u00e9d\u00e9 le 4 avril 1945\u00a0 \u00e0\u00a0 Buchenwald\u00a0 R\u00e9seau:\u00a0 Villon du S.R. Air Agent P2 \u00a0 Engag\u00e9 volontaire le 9 mars 1935, affect\u00e9 \u00e0 la base a\u00e9rienne de Nancy, Maurice Garisson a \u00e9t\u00e9 nomm\u00e9 au grade de sergent chef [&hellip;]","og_url":"https:\/\/aassdn.org\/amicale\/memorial-biographie-de-maurice-garisson-alias-guillemet\/","og_site_name":"AASSDN | Anciens et Amis des Services Sp\u00e9ciaux","article_published_time":"2021-10-29T07:59:25+00:00","article_modified_time":"2021-11-01T14:34:03+00:00","author":"AASSDN","twitter_card":"summary_large_image","twitter_misc":{"\u00c9crit par":"AASSDN","Dur\u00e9e de lecture estim\u00e9e":"2 minutes"},"schema":{"@context":"https:\/\/schema.org","@graph":[{"@type":"Article","@id":"https:\/\/aassdn.org\/amicale\/memorial-biographie-de-maurice-garisson-alias-guillemet\/#article","isPartOf":{"@id":"https:\/\/aassdn.org\/amicale\/memorial-biographie-de-maurice-garisson-alias-guillemet\/"},"author":{"name":"AASSDN","@id":"https:\/\/aassdn.org\/amicale\/#\/schema\/person\/73800712a272e6d58a10a86ea9e59671"},"headline":"Memorial &#8211; biographie de Maurice GARISSON Alias GUILLEMET","datePublished":"2021-10-29T07:59:25+00:00","dateModified":"2021-11-01T14:34:03+00:00","mainEntityOfPage":{"@id":"https:\/\/aassdn.org\/amicale\/memorial-biographie-de-maurice-garisson-alias-guillemet\/"},"wordCount":495,"commentCount":0,"publisher":{"@id":"https:\/\/aassdn.org\/amicale\/#organization"},"keywords":["M\u00e9morial"],"articleSection":["Archives du site","Biographies"],"inLanguage":"fr-FR","potentialAction":[{"@type":"CommentAction","name":"Comment","target":["https:\/\/aassdn.org\/amicale\/memorial-biographie-de-maurice-garisson-alias-guillemet\/#respond"]}]},{"@type":"WebPage","@id":"https:\/\/aassdn.org\/amicale\/memorial-biographie-de-maurice-garisson-alias-guillemet\/","url":"https:\/\/aassdn.org\/amicale\/memorial-biographie-de-maurice-garisson-alias-guillemet\/","name":"Memorial - biographie de Maurice GARISSON Alias GUILLEMET | AASSDN | Anciens et Amis des Services Sp\u00e9ciaux","isPartOf":{"@id":"https:\/\/aassdn.org\/amicale\/#website"},"datePublished":"2021-10-29T07:59:25+00:00","dateModified":"2021-11-01T14:34:03+00:00","breadcrumb":{"@id":"https:\/\/aassdn.org\/amicale\/memorial-biographie-de-maurice-garisson-alias-guillemet\/#breadcrumb"},"inLanguage":"fr-FR","potentialAction":[{"@type":"ReadAction","target":["https:\/\/aassdn.org\/amicale\/memorial-biographie-de-maurice-garisson-alias-guillemet\/"]}]},{"@type":"BreadcrumbList","@id":"https:\/\/aassdn.org\/amicale\/memorial-biographie-de-maurice-garisson-alias-guillemet\/#breadcrumb","itemListElement":[{"@type":"ListItem","position":1,"name":"Accueil","item":"https:\/\/aassdn.org\/amicale\/"},{"@type":"ListItem","position":2,"name":"Memorial &#8211; biographie de Maurice GARISSON Alias GUILLEMET"}]},{"@type":"WebSite","@id":"https:\/\/aassdn.org\/amicale\/#website","url":"https:\/\/aassdn.org\/amicale\/","name":"AASSDN | Anciens et Amis des Services Sp\u00e9ciaux","description":"Services sp\u00e9ciaux : Des h\u00e9ros anonymes au service exclusif de la France","publisher":{"@id":"https:\/\/aassdn.org\/amicale\/#organization"},"potentialAction":[{"@type":"SearchAction","target":{"@type":"EntryPoint","urlTemplate":"https:\/\/aassdn.org\/amicale\/?s={search_term_string}"},"query-input":{"@type":"PropertyValueSpecification","valueRequired":true,"valueName":"search_term_string"}}],"inLanguage":"fr-FR"},{"@type":"Organization","@id":"https:\/\/aassdn.org\/amicale\/#organization","name":"AASSDN | Anciens et Amis des Services Sp\u00e9ciaux","url":"https:\/\/aassdn.org\/amicale\/","logo":{"@type":"ImageObject","inLanguage":"fr-FR","@id":"https:\/\/aassdn.org\/amicale\/#\/schema\/logo\/image\/","url":"https:\/\/aassdn.org\/amicale\/wp-content\/uploads\/Logo_AASSDN_transparent2.png","contentUrl":"https:\/\/aassdn.org\/amicale\/wp-content\/uploads\/Logo_AASSDN_transparent2.png","width":1832,"height":1609,"caption":"AASSDN | Anciens et Amis des Services Sp\u00e9ciaux"},"image":{"@id":"https:\/\/aassdn.org\/amicale\/#\/schema\/logo\/image\/"}},{"@type":"Person","@id":"https:\/\/aassdn.org\/amicale\/#\/schema\/person\/73800712a272e6d58a10a86ea9e59671","name":"AASSDN","image":{"@type":"ImageObject","inLanguage":"fr-FR","@id":"https:\/\/secure.gravatar.com\/avatar\/9653808d17788562e72d77e426d8d02775774239aefd00a9b4e852423d8e9d7e?s=96&d=mm&r=g","url":"https:\/\/secure.gravatar.com\/avatar\/9653808d17788562e72d77e426d8d02775774239aefd00a9b4e852423d8e9d7e?s=96&d=mm&r=g","contentUrl":"https:\/\/secure.gravatar.com\/avatar\/9653808d17788562e72d77e426d8d02775774239aefd00a9b4e852423d8e9d7e?s=96&d=mm&r=g","caption":"AASSDN"},"sameAs":["https:\/\/aassdn.org\/amicale"],"url":"https:\/\/aassdn.org\/amicale\/author\/wordpress\/"}]}},"_links":{"self":[{"href":"https:\/\/aassdn.org\/amicale\/wp-json\/wp\/v2\/posts\/1878","targetHints":{"allow":["GET"]}}],"collection":[{"href":"https:\/\/aassdn.org\/amicale\/wp-json\/wp\/v2\/posts"}],"about":[{"href":"https:\/\/aassdn.org\/amicale\/wp-json\/wp\/v2\/types\/post"}],"author":[{"embeddable":true,"href":"https:\/\/aassdn.org\/amicale\/wp-json\/wp\/v2\/users\/1"}],"replies":[{"embeddable":true,"href":"https:\/\/aassdn.org\/amicale\/wp-json\/wp\/v2\/comments?post=1878"}],"version-history":[{"count":0,"href":"https:\/\/aassdn.org\/amicale\/wp-json\/wp\/v2\/posts\/1878\/revisions"}],"wp:attachment":[{"href":"https:\/\/aassdn.org\/amicale\/wp-json\/wp\/v2\/media?parent=1878"}],"wp:term":[{"taxonomy":"category","embeddable":true,"href":"https:\/\/aassdn.org\/amicale\/wp-json\/wp\/v2\/categories?post=1878"},{"taxonomy":"post_tag","embeddable":true,"href":"https:\/\/aassdn.org\/amicale\/wp-json\/wp\/v2\/tags?post=1878"}],"curies":[{"name":"wp","href":"https:\/\/api.w.org\/{rel}","templated":true}]}}