{"id":1872,"date":"2021-10-29T09:59:25","date_gmt":"2021-10-29T07:59:25","guid":{"rendered":"https:\/\/aassdn.org\/amicale\/memorial-biographie-de-robert-geneix-alias-jacques\/"},"modified":"2023-12-20T20:56:11","modified_gmt":"2023-12-20T19:56:11","slug":"memorial-biographie-de-robert-geneix-alias-jacques","status":"publish","type":"post","link":"https:\/\/aassdn.org\/amicale\/memorial-biographie-de-robert-geneix-alias-jacques\/","title":{"rendered":"Memorial &#8211; biographie de Robert GENEIX Alias JACQUES"},"content":{"rendered":"<div>\n<p><strong>R\u00e9seau: S.R. Air<\/strong><\/p>\n<\/div>\n<p>Robert Geneix \u00e9tait radio dans l&#8217;aviation coloniale. Il fut parachut\u00e9 en France, venant de Londres, le 13 novembre 1943, comme radio du groupe du S.R. Air de la r\u00e9gion de Laon, sous la direction de Paul Berthe.<\/p>\n<p>Il sera ainsi d\u00e9crit par un de ses camarades du S.R. Air, le radio Robert Lemoine:<\/p>\n<p>&#8220;Camarade id\u00e9al, d&#8217;humeur toujours \u00e9gale, boute-en-train infatigable, il nous amusa souvent pendant nos soir\u00e9es d&#8217;inactivit\u00e9. Radio de grande classe, il aimait son petit mat\u00e9riel et le couvait comme son enfant dans les d\u00e9placements.&#8221;<\/p>\n<p>D\u00e9but 1944,\u00a0 avec Roger Camous, un jeune Fran\u00e7ais d&#8217;Alg\u00e9rie charg\u00e9 de remplacer Oscar (Andr\u00e9 Duthilleul*), il est appel\u00e9 par Robert Masson (alias Samson) qui commande deux r\u00e9seaux (S.R. Air et Samson) et veut \u00e9tablir une section Op\u00e9rations a\u00e9riennes. C&#8217;est ainsi que le 7 mars 1944, Camous et Geneix effectuent une premi\u00e8re double op\u00e9ration (d\u00e9part de Ren\u00e9 Gervais, chef du S.R. Air) sur le terrain d&#8217;Estr\u00e9es-Saint-Denis, et que l&#8217;\u00e9quipe r\u00e9alise les mois suivants d&#8217;autres op\u00e9rations a\u00e9riennes planifi\u00e9es par Philouze.<\/p>\n<p>En ao\u00fbt 1944, tandis que les Alli\u00e9s avancent, un poste est \u00e9tabli par le S.R. Air dans la r\u00e9gion de Nancy, installation difficile du fait d&#8217;une surveillance tr\u00e8s serr\u00e9e des Allemands de plus en plus sur leurs gardes. Robert Geneix en fait partie comme radio (\u00e9quipe de\u00a0 Roger Camous).<\/p>\n<p>&#8220;Geneix et Burgard, qui avaient fait la route \u00e0 bicyclette en passant par de petits chemins, arriv\u00e8rent le 24 ao\u00fbt, pr\u00e9cise Jean B\u00e9zy.<\/p>\n<p>Les renseignements sur l&#8217;avance des Alli\u00e9s permettaient d\u00e9j\u00e0 de penser qu&#8217;il ne serait pas question d&#8217;organiser un vaste secteur g\u00e9ographique mais que les informations sur les d\u00e9fenses rapproch\u00e9es de Nancy et Vittel, o\u00f9 Lemoine avait d\u00e9j\u00e0 des contacts, pouvaient \u00eatre transmises rapidement et utilement.<\/p>\n<p>Le 25 ao\u00fbt des contacts radio furent pris avec Londres de la maison Perrier (Paillole) mais, du 26 au 28 ao\u00fbt, aucun contact ne fut possible; le poste fut alors install\u00e9 chez un cousin de Lemoine d&#8217;o\u00f9 la liaison s&#8217;av\u00e9ra meilleure, apr\u00e8s cependant de difficiles mises au point.(&#8230;)<\/p>\n<p>Mais le 1er septembre, alors que la liaison radio \u00e9tait enfin \u00e9tablie et que de nombreuses informations pouvaient \u00eatre envoy\u00e9es, Geneix fut arr\u00eat\u00e9 par les Allemands en pleine \u00e9mission.&#8221; Il fut tortur\u00e9, rapportera Lemoine. Puis, emmen\u00e9 tr\u00e8s vite au camp de Schirmeck et fusill\u00e9 quelques jours plus tard.<\/p>\n<p>\u00a0Jean B\u00e9zy dit que &#8220;ses amis crurent d&#8217;abord \u00e0 une d\u00e9lation; mais il fut prouv\u00e9 que le poste avait \u00e9t\u00e9 d\u00e9tect\u00e9 par la gonio allemande au cours des difficiles essais des jours pr\u00e9c\u00e9dents et aussi du fait de la proximit\u00e9 d&#8217;un autre \u00e9metteur clandestin.&#8221;<\/p>\n<p>\u00a0<\/p>\n<div>\n<p><em>R\u00e9f\u00e9rence: &#8220;Le S.R. Air&#8221; de Jean B\u00e9zy, Ed. France-Empire, 1979.<\/em><\/p>\n<\/div>\n<div class=\"pdfprnt-buttons pdfprnt-buttons-post pdfprnt-bottom-right\"><a href=\"https:\/\/aassdn.org\/amicale\/wp-json\/wp\/v2\/posts\/1872?print=pdf\" class=\"pdfprnt-button pdfprnt-button-pdf\" target=\"_blank\" ><img decoding=\"async\" data-src=\"https:\/\/aassdn.org\/amicale\/wp-content\/plugins\/pdf-print\/images\/pdf.png\" alt=\"image_pdf\" title=\"Afficher le PDF\" src=\"data:image\/svg+xml;base64,PHN2ZyB3aWR0aD0iMSIgaGVpZ2h0PSIxIiB4bWxucz0iaHR0cDovL3d3dy53My5vcmcvMjAwMC9zdmciPjwvc3ZnPg==\" class=\"lazyload\" style=\"--smush-placeholder-width: 32px; --smush-placeholder-aspect-ratio: 32\/32;\" \/><\/a><a href=\"https:\/\/aassdn.org\/amicale\/wp-json\/wp\/v2\/posts\/1872?print=print\" class=\"pdfprnt-button pdfprnt-button-print\" target=\"_blank\" ><\/a><\/div>","protected":false},"excerpt":{"rendered":"<p>R\u00e9seau: S.R. Air Robert Geneix \u00e9tait radio dans l&#8217;aviation coloniale. Il fut parachut\u00e9 en France, venant de Londres, le 13 novembre 1943, comme radio du groupe du S.R. Air de la r\u00e9gion de Laon, sous la direction de Paul Berthe. Il sera ainsi d\u00e9crit par un de ses camarades du S.R. Air, le radio Robert [&hellip;]<\/p>\n","protected":false},"author":1,"featured_media":0,"comment_status":"open","ping_status":"open","sticky":false,"template":"","format":"standard","meta":{"_acf_changed":false,"footnotes":""},"categories":[90,87],"tags":[264,212,203],"class_list":["post-1872","post","type-post","status-publish","format-standard","hentry","category-archives-du-site","category-biographies","tag-algerie","tag-memorial","tag-paul-paillole"],"acf":[],"yoast_head":"<!-- This site is optimized with the Yoast SEO plugin v27.4 - https:\/\/yoast.com\/product\/yoast-seo-wordpress\/ -->\n<title>Memorial - biographie de Robert GENEIX Alias JACQUES | AASSDN | Anciens et Amis des Services Sp\u00e9ciaux<\/title>\n<meta name=\"robots\" content=\"index, follow, max-snippet:-1, max-image-preview:large, max-video-preview:-1\" \/>\n<link rel=\"canonical\" href=\"https:\/\/aassdn.org\/amicale\/memorial-biographie-de-robert-geneix-alias-jacques\/\" \/>\n<meta property=\"og:locale\" content=\"fr_FR\" \/>\n<meta property=\"og:type\" content=\"article\" \/>\n<meta property=\"og:title\" content=\"Memorial - biographie de Robert GENEIX Alias JACQUES | AASSDN | Anciens et Amis des Services Sp\u00e9ciaux\" \/>\n<meta property=\"og:description\" content=\"R\u00e9seau: S.R. Air Robert Geneix \u00e9tait radio dans l&#8217;aviation coloniale. Il fut parachut\u00e9 en France, venant de Londres, le 13 novembre 1943, comme radio du groupe du S.R. Air de la r\u00e9gion de Laon, sous la direction de Paul Berthe. Il sera ainsi d\u00e9crit par un de ses camarades du S.R. Air, le radio Robert [&hellip;]\" \/>\n<meta property=\"og:url\" content=\"https:\/\/aassdn.org\/amicale\/memorial-biographie-de-robert-geneix-alias-jacques\/\" \/>\n<meta property=\"og:site_name\" content=\"AASSDN | Anciens et Amis des Services Sp\u00e9ciaux\" \/>\n<meta property=\"article:published_time\" content=\"2021-10-29T07:59:25+00:00\" \/>\n<meta property=\"article:modified_time\" content=\"2023-12-20T19:56:11+00:00\" \/>\n<meta name=\"author\" content=\"AASSDN\" \/>\n<meta name=\"twitter:card\" content=\"summary_large_image\" \/>\n<meta name=\"twitter:label1\" content=\"\u00c9crit par\" \/>\n\t<meta name=\"twitter:data1\" content=\"AASSDN\" \/>\n\t<meta name=\"twitter:label2\" content=\"Dur\u00e9e de lecture estim\u00e9e\" \/>\n\t<meta name=\"twitter:data2\" content=\"2 minutes\" \/>\n<script type=\"application\/ld+json\" class=\"yoast-schema-graph\">{\"@context\":\"https:\\\/\\\/schema.org\",\"@graph\":[{\"@type\":\"Article\",\"@id\":\"https:\\\/\\\/aassdn.org\\\/amicale\\\/memorial-biographie-de-robert-geneix-alias-jacques\\\/#article\",\"isPartOf\":{\"@id\":\"https:\\\/\\\/aassdn.org\\\/amicale\\\/memorial-biographie-de-robert-geneix-alias-jacques\\\/\"},\"author\":{\"name\":\"AASSDN\",\"@id\":\"https:\\\/\\\/aassdn.org\\\/amicale\\\/#\\\/schema\\\/person\\\/73800712a272e6d58a10a86ea9e59671\"},\"headline\":\"Memorial &#8211; biographie de Robert GENEIX Alias JACQUES\",\"datePublished\":\"2021-10-29T07:59:25+00:00\",\"dateModified\":\"2023-12-20T19:56:11+00:00\",\"mainEntityOfPage\":{\"@id\":\"https:\\\/\\\/aassdn.org\\\/amicale\\\/memorial-biographie-de-robert-geneix-alias-jacques\\\/\"},\"wordCount\":502,\"commentCount\":0,\"publisher\":{\"@id\":\"https:\\\/\\\/aassdn.org\\\/amicale\\\/#organization\"},\"keywords\":[\"Alg\u00e9rie\",\"M\u00e9morial\",\"Paul paillole\"],\"articleSection\":[\"Archives du site\",\"Biographies\"],\"inLanguage\":\"fr-FR\",\"potentialAction\":[{\"@type\":\"CommentAction\",\"name\":\"Comment\",\"target\":[\"https:\\\/\\\/aassdn.org\\\/amicale\\\/memorial-biographie-de-robert-geneix-alias-jacques\\\/#respond\"]}]},{\"@type\":\"WebPage\",\"@id\":\"https:\\\/\\\/aassdn.org\\\/amicale\\\/memorial-biographie-de-robert-geneix-alias-jacques\\\/\",\"url\":\"https:\\\/\\\/aassdn.org\\\/amicale\\\/memorial-biographie-de-robert-geneix-alias-jacques\\\/\",\"name\":\"Memorial - biographie de Robert GENEIX Alias JACQUES | AASSDN | Anciens et Amis des Services Sp\u00e9ciaux\",\"isPartOf\":{\"@id\":\"https:\\\/\\\/aassdn.org\\\/amicale\\\/#website\"},\"datePublished\":\"2021-10-29T07:59:25+00:00\",\"dateModified\":\"2023-12-20T19:56:11+00:00\",\"breadcrumb\":{\"@id\":\"https:\\\/\\\/aassdn.org\\\/amicale\\\/memorial-biographie-de-robert-geneix-alias-jacques\\\/#breadcrumb\"},\"inLanguage\":\"fr-FR\",\"potentialAction\":[{\"@type\":\"ReadAction\",\"target\":[\"https:\\\/\\\/aassdn.org\\\/amicale\\\/memorial-biographie-de-robert-geneix-alias-jacques\\\/\"]}]},{\"@type\":\"BreadcrumbList\",\"@id\":\"https:\\\/\\\/aassdn.org\\\/amicale\\\/memorial-biographie-de-robert-geneix-alias-jacques\\\/#breadcrumb\",\"itemListElement\":[{\"@type\":\"ListItem\",\"position\":1,\"name\":\"Accueil\",\"item\":\"https:\\\/\\\/aassdn.org\\\/amicale\\\/\"},{\"@type\":\"ListItem\",\"position\":2,\"name\":\"Memorial &#8211; biographie de Robert GENEIX Alias JACQUES\"}]},{\"@type\":\"WebSite\",\"@id\":\"https:\\\/\\\/aassdn.org\\\/amicale\\\/#website\",\"url\":\"https:\\\/\\\/aassdn.org\\\/amicale\\\/\",\"name\":\"AASSDN | Anciens et Amis des Services Sp\u00e9ciaux\",\"description\":\"Services sp\u00e9ciaux : Des h\u00e9ros anonymes au service exclusif de la France\",\"publisher\":{\"@id\":\"https:\\\/\\\/aassdn.org\\\/amicale\\\/#organization\"},\"potentialAction\":[{\"@type\":\"SearchAction\",\"target\":{\"@type\":\"EntryPoint\",\"urlTemplate\":\"https:\\\/\\\/aassdn.org\\\/amicale\\\/?s={search_term_string}\"},\"query-input\":{\"@type\":\"PropertyValueSpecification\",\"valueRequired\":true,\"valueName\":\"search_term_string\"}}],\"inLanguage\":\"fr-FR\"},{\"@type\":\"Organization\",\"@id\":\"https:\\\/\\\/aassdn.org\\\/amicale\\\/#organization\",\"name\":\"AASSDN | Anciens et Amis des Services Sp\u00e9ciaux\",\"url\":\"https:\\\/\\\/aassdn.org\\\/amicale\\\/\",\"logo\":{\"@type\":\"ImageObject\",\"inLanguage\":\"fr-FR\",\"@id\":\"https:\\\/\\\/aassdn.org\\\/amicale\\\/#\\\/schema\\\/logo\\\/image\\\/\",\"url\":\"https:\\\/\\\/aassdn.org\\\/amicale\\\/wp-content\\\/uploads\\\/Logo_AASSDN_transparent2.png\",\"contentUrl\":\"https:\\\/\\\/aassdn.org\\\/amicale\\\/wp-content\\\/uploads\\\/Logo_AASSDN_transparent2.png\",\"width\":1832,\"height\":1609,\"caption\":\"AASSDN | Anciens et Amis des Services Sp\u00e9ciaux\"},\"image\":{\"@id\":\"https:\\\/\\\/aassdn.org\\\/amicale\\\/#\\\/schema\\\/logo\\\/image\\\/\"}},{\"@type\":\"Person\",\"@id\":\"https:\\\/\\\/aassdn.org\\\/amicale\\\/#\\\/schema\\\/person\\\/73800712a272e6d58a10a86ea9e59671\",\"name\":\"AASSDN\",\"image\":{\"@type\":\"ImageObject\",\"inLanguage\":\"fr-FR\",\"@id\":\"https:\\\/\\\/secure.gravatar.com\\\/avatar\\\/9653808d17788562e72d77e426d8d02775774239aefd00a9b4e852423d8e9d7e?s=96&d=mm&r=g\",\"url\":\"https:\\\/\\\/secure.gravatar.com\\\/avatar\\\/9653808d17788562e72d77e426d8d02775774239aefd00a9b4e852423d8e9d7e?s=96&d=mm&r=g\",\"contentUrl\":\"https:\\\/\\\/secure.gravatar.com\\\/avatar\\\/9653808d17788562e72d77e426d8d02775774239aefd00a9b4e852423d8e9d7e?s=96&d=mm&r=g\",\"caption\":\"AASSDN\"},\"sameAs\":[\"https:\\\/\\\/aassdn.org\\\/amicale\"],\"url\":\"https:\\\/\\\/aassdn.org\\\/amicale\\\/author\\\/wordpress\\\/\"}]}<\/script>\n<!-- \/ Yoast SEO plugin. -->","yoast_head_json":{"title":"Memorial - biographie de Robert GENEIX Alias JACQUES | AASSDN | Anciens et Amis des Services Sp\u00e9ciaux","robots":{"index":"index","follow":"follow","max-snippet":"max-snippet:-1","max-image-preview":"max-image-preview:large","max-video-preview":"max-video-preview:-1"},"canonical":"https:\/\/aassdn.org\/amicale\/memorial-biographie-de-robert-geneix-alias-jacques\/","og_locale":"fr_FR","og_type":"article","og_title":"Memorial - biographie de Robert GENEIX Alias JACQUES | AASSDN | Anciens et Amis des Services Sp\u00e9ciaux","og_description":"R\u00e9seau: S.R. Air Robert Geneix \u00e9tait radio dans l&#8217;aviation coloniale. Il fut parachut\u00e9 en France, venant de Londres, le 13 novembre 1943, comme radio du groupe du S.R. Air de la r\u00e9gion de Laon, sous la direction de Paul Berthe. Il sera ainsi d\u00e9crit par un de ses camarades du S.R. Air, le radio Robert [&hellip;]","og_url":"https:\/\/aassdn.org\/amicale\/memorial-biographie-de-robert-geneix-alias-jacques\/","og_site_name":"AASSDN | Anciens et Amis des Services Sp\u00e9ciaux","article_published_time":"2021-10-29T07:59:25+00:00","article_modified_time":"2023-12-20T19:56:11+00:00","author":"AASSDN","twitter_card":"summary_large_image","twitter_misc":{"\u00c9crit par":"AASSDN","Dur\u00e9e de lecture estim\u00e9e":"2 minutes"},"schema":{"@context":"https:\/\/schema.org","@graph":[{"@type":"Article","@id":"https:\/\/aassdn.org\/amicale\/memorial-biographie-de-robert-geneix-alias-jacques\/#article","isPartOf":{"@id":"https:\/\/aassdn.org\/amicale\/memorial-biographie-de-robert-geneix-alias-jacques\/"},"author":{"name":"AASSDN","@id":"https:\/\/aassdn.org\/amicale\/#\/schema\/person\/73800712a272e6d58a10a86ea9e59671"},"headline":"Memorial &#8211; biographie de Robert GENEIX Alias JACQUES","datePublished":"2021-10-29T07:59:25+00:00","dateModified":"2023-12-20T19:56:11+00:00","mainEntityOfPage":{"@id":"https:\/\/aassdn.org\/amicale\/memorial-biographie-de-robert-geneix-alias-jacques\/"},"wordCount":502,"commentCount":0,"publisher":{"@id":"https:\/\/aassdn.org\/amicale\/#organization"},"keywords":["Alg\u00e9rie","M\u00e9morial","Paul paillole"],"articleSection":["Archives du site","Biographies"],"inLanguage":"fr-FR","potentialAction":[{"@type":"CommentAction","name":"Comment","target":["https:\/\/aassdn.org\/amicale\/memorial-biographie-de-robert-geneix-alias-jacques\/#respond"]}]},{"@type":"WebPage","@id":"https:\/\/aassdn.org\/amicale\/memorial-biographie-de-robert-geneix-alias-jacques\/","url":"https:\/\/aassdn.org\/amicale\/memorial-biographie-de-robert-geneix-alias-jacques\/","name":"Memorial - biographie de Robert GENEIX Alias JACQUES | AASSDN | Anciens et Amis des Services Sp\u00e9ciaux","isPartOf":{"@id":"https:\/\/aassdn.org\/amicale\/#website"},"datePublished":"2021-10-29T07:59:25+00:00","dateModified":"2023-12-20T19:56:11+00:00","breadcrumb":{"@id":"https:\/\/aassdn.org\/amicale\/memorial-biographie-de-robert-geneix-alias-jacques\/#breadcrumb"},"inLanguage":"fr-FR","potentialAction":[{"@type":"ReadAction","target":["https:\/\/aassdn.org\/amicale\/memorial-biographie-de-robert-geneix-alias-jacques\/"]}]},{"@type":"BreadcrumbList","@id":"https:\/\/aassdn.org\/amicale\/memorial-biographie-de-robert-geneix-alias-jacques\/#breadcrumb","itemListElement":[{"@type":"ListItem","position":1,"name":"Accueil","item":"https:\/\/aassdn.org\/amicale\/"},{"@type":"ListItem","position":2,"name":"Memorial &#8211; biographie de Robert GENEIX Alias JACQUES"}]},{"@type":"WebSite","@id":"https:\/\/aassdn.org\/amicale\/#website","url":"https:\/\/aassdn.org\/amicale\/","name":"AASSDN | Anciens et Amis des Services Sp\u00e9ciaux","description":"Services sp\u00e9ciaux : Des h\u00e9ros anonymes au service exclusif de la France","publisher":{"@id":"https:\/\/aassdn.org\/amicale\/#organization"},"potentialAction":[{"@type":"SearchAction","target":{"@type":"EntryPoint","urlTemplate":"https:\/\/aassdn.org\/amicale\/?s={search_term_string}"},"query-input":{"@type":"PropertyValueSpecification","valueRequired":true,"valueName":"search_term_string"}}],"inLanguage":"fr-FR"},{"@type":"Organization","@id":"https:\/\/aassdn.org\/amicale\/#organization","name":"AASSDN | Anciens et Amis des Services Sp\u00e9ciaux","url":"https:\/\/aassdn.org\/amicale\/","logo":{"@type":"ImageObject","inLanguage":"fr-FR","@id":"https:\/\/aassdn.org\/amicale\/#\/schema\/logo\/image\/","url":"https:\/\/aassdn.org\/amicale\/wp-content\/uploads\/Logo_AASSDN_transparent2.png","contentUrl":"https:\/\/aassdn.org\/amicale\/wp-content\/uploads\/Logo_AASSDN_transparent2.png","width":1832,"height":1609,"caption":"AASSDN | Anciens et Amis des Services Sp\u00e9ciaux"},"image":{"@id":"https:\/\/aassdn.org\/amicale\/#\/schema\/logo\/image\/"}},{"@type":"Person","@id":"https:\/\/aassdn.org\/amicale\/#\/schema\/person\/73800712a272e6d58a10a86ea9e59671","name":"AASSDN","image":{"@type":"ImageObject","inLanguage":"fr-FR","@id":"https:\/\/secure.gravatar.com\/avatar\/9653808d17788562e72d77e426d8d02775774239aefd00a9b4e852423d8e9d7e?s=96&d=mm&r=g","url":"https:\/\/secure.gravatar.com\/avatar\/9653808d17788562e72d77e426d8d02775774239aefd00a9b4e852423d8e9d7e?s=96&d=mm&r=g","contentUrl":"https:\/\/secure.gravatar.com\/avatar\/9653808d17788562e72d77e426d8d02775774239aefd00a9b4e852423d8e9d7e?s=96&d=mm&r=g","caption":"AASSDN"},"sameAs":["https:\/\/aassdn.org\/amicale"],"url":"https:\/\/aassdn.org\/amicale\/author\/wordpress\/"}]}},"_links":{"self":[{"href":"https:\/\/aassdn.org\/amicale\/wp-json\/wp\/v2\/posts\/1872","targetHints":{"allow":["GET"]}}],"collection":[{"href":"https:\/\/aassdn.org\/amicale\/wp-json\/wp\/v2\/posts"}],"about":[{"href":"https:\/\/aassdn.org\/amicale\/wp-json\/wp\/v2\/types\/post"}],"author":[{"embeddable":true,"href":"https:\/\/aassdn.org\/amicale\/wp-json\/wp\/v2\/users\/1"}],"replies":[{"embeddable":true,"href":"https:\/\/aassdn.org\/amicale\/wp-json\/wp\/v2\/comments?post=1872"}],"version-history":[{"count":0,"href":"https:\/\/aassdn.org\/amicale\/wp-json\/wp\/v2\/posts\/1872\/revisions"}],"wp:attachment":[{"href":"https:\/\/aassdn.org\/amicale\/wp-json\/wp\/v2\/media?parent=1872"}],"wp:term":[{"taxonomy":"category","embeddable":true,"href":"https:\/\/aassdn.org\/amicale\/wp-json\/wp\/v2\/categories?post=1872"},{"taxonomy":"post_tag","embeddable":true,"href":"https:\/\/aassdn.org\/amicale\/wp-json\/wp\/v2\/tags?post=1872"}],"curies":[{"name":"wp","href":"https:\/\/api.w.org\/{rel}","templated":true}]}}