{"id":18647,"date":"2025-05-07T11:47:20","date_gmt":"2025-05-07T09:47:20","guid":{"rendered":"https:\/\/aassdn.org\/amicale\/?p=18647"},"modified":"2025-10-14T09:39:38","modified_gmt":"2025-10-14T07:39:38","slug":"video-europe-de-la-defense-et-cooperation-europeenne-audition-deric-trappier-a-lassemblee-nationale","status":"publish","type":"post","link":"https:\/\/aassdn.org\/amicale\/video-europe-de-la-defense-et-cooperation-europeenne-audition-deric-trappier-a-lassemblee-nationale\/","title":{"rendered":"Vid\u00e9o. Europe de la d\u00e9fense et coop\u00e9ration europ\u00e9enne : Audition d&#8217;Eric Trappier \u00e0 l&#8217;Assembl\u00e9e nationale."},"content":{"rendered":"\n<p>Mercredi 9 avril, la commission de la d\u00e9fense a auditionn\u00e9 Monsieur \u00c9ric Trappier, pr\u00e9sident directeur g\u00e9n\u00e9ral de Dassault Aviation, sur l\u2019Europe de la d\u00e9fense et les coop\u00e9rations europ\u00e9ennes.<\/p>\n\n\n\n<p>Les auditions de l&#8217;Assembl\u00e9e nationale permettent notamment l&#8217;information et le contr\u00f4le de l&#8217;action du Gouvernement par les d\u00e9put\u00e9s et elles peuvent aussi avoir pour objet de pr\u00e9parer un projet de loi. Elles consistent \u00e0 entendre une personne devant une commission afin d&#8217;avoir un \u00e9clairage, un point de vue sur un sujet pr\u00e9cis. Ces personnes auditionn\u00e9es peuvent \u00eatre des membres du Gouvernement, des commissaires europ\u00e9ens, des chercheurs, des repr\u00e9sentants des milieux socioprofessionnels\u2026 <\/p>\n\n\n\n<p class=\"has-text-align-right\"><em>Source : <a href=\"https:\/\/www.youtube.com\/watch?v=25qDwDS5MB8\" data-type=\"link\" data-id=\"https:\/\/www.youtube.com\/watch?v=25qDwDS5MB8\">Compte YouTube de l&#8217;Assembl\u00e9e nationale<\/a><\/em><\/p>\n\n\n\n<figure class=\"wp-block-embed aligncenter is-type-video is-provider-youtube wp-block-embed-youtube wp-embed-aspect-16-9 wp-has-aspect-ratio\"><div class=\"wp-block-embed__wrapper\">\n<iframe title=\"Eric Trappier, PDG de Dassault Aviation, sur les coop\u00e9rations europ\u00e9ennes\" width=\"500\" height=\"281\" data-src=\"https:\/\/www.youtube.com\/embed\/25qDwDS5MB8?feature=oembed\" frameborder=\"0\" allow=\"accelerometer; autoplay; clipboard-write; encrypted-media; gyroscope; picture-in-picture; web-share\" referrerpolicy=\"strict-origin-when-cross-origin\" allowfullscreen src=\"data:image\/svg+xml;base64,PHN2ZyB3aWR0aD0iMSIgaGVpZ2h0PSIxIiB4bWxucz0iaHR0cDovL3d3dy53My5vcmcvMjAwMC9zdmciPjwvc3ZnPg==\" class=\"lazyload\" data-load-mode=\"1\"><\/iframe>\n<\/div><\/figure>\n\n\n\n<p class=\"has-text-align-center\"><strong>Date de mise en ligne :<\/strong>\u00a012\/04\/2025 <br><strong>Dur\u00e9e :<\/strong>\u00a001:31:31 <br><strong>Date de l\u2019audition :\u00a0<\/strong>09\/04\/2025 <br><strong>Compte YouTube :<\/strong> <a href=\"https:\/\/www.youtube.com\/watch?v=25qDwDS5MB8\">Assembl\u00e9e nationale<\/a><\/p>\n<div class=\"pdfprnt-buttons pdfprnt-buttons-post pdfprnt-bottom-right\"><a href=\"https:\/\/aassdn.org\/amicale\/wp-json\/wp\/v2\/posts\/18647?print=pdf\" class=\"pdfprnt-button pdfprnt-button-pdf\" target=\"_blank\" ><img decoding=\"async\" data-src=\"https:\/\/aassdn.org\/amicale\/wp-content\/plugins\/pdf-print\/images\/pdf.png\" alt=\"image_pdf\" title=\"Afficher le PDF\" src=\"data:image\/svg+xml;base64,PHN2ZyB3aWR0aD0iMSIgaGVpZ2h0PSIxIiB4bWxucz0iaHR0cDovL3d3dy53My5vcmcvMjAwMC9zdmciPjwvc3ZnPg==\" class=\"lazyload\" style=\"--smush-placeholder-width: 32px; --smush-placeholder-aspect-ratio: 32\/32;\" \/><\/a><a href=\"https:\/\/aassdn.org\/amicale\/wp-json\/wp\/v2\/posts\/18647?print=print\" class=\"pdfprnt-button pdfprnt-button-print\" target=\"_blank\" ><\/a><\/div>","protected":false},"excerpt":{"rendered":"<p>Mercredi 9 avril, la commission de la d\u00e9fense a auditionn\u00e9 Monsieur \u00c9ric Trappier, pr\u00e9sident directeur g\u00e9n\u00e9ral de Dassault Aviation, sur l\u2019Europe de la d\u00e9fense et les coop\u00e9rations europ\u00e9ennes. Les auditions de l&#8217;Assembl\u00e9e nationale permettent notamment l&#8217;information et le contr\u00f4le de l&#8217;action du Gouvernement par les d\u00e9put\u00e9s et elles peuvent aussi avoir pour objet de pr\u00e9parer [&hellip;]<\/p>\n","protected":false},"author":32,"featured_media":18649,"comment_status":"open","ping_status":"closed","sticky":false,"template":"","format":"standard","meta":{"_acf_changed":false,"footnotes":""},"categories":[288,278,1888,113,114,882,96],"tags":[2251,2713,1160,1802,2431,4975,263,2873,4981,4110,1907,2883,4984,3844,3501,307,4989,2566,4982,275,3483,3811,3807,2714,3289,1184,920,1218,2353,1487,792,2514,559,962,1314,4990,973,1433,1380],"class_list":["post-18647","post","type-post","status-publish","format-standard","has-post-thumbnail","hentry","category-2020-2030","category-actualites","category-armement","category-europe-de-lest","category-europe-de-louest","category-technologies","category-videos-en-ligne","tag-2251","tag-2713","tag-action","tag-air","tag-assemblee-nationale","tag-audition","tag-aviation","tag-chercheurs","tag-commission-de-la-defense","tag-controle","tag-cooperation","tag-cooperations","tag-cooperations-europeennes","tag-dassault","tag-dassault-aviation","tag-defense","tag-deputes","tag-eric","tag-eric-trappier","tag-europe","tag-europe-de-la-defense","tag-european-defence","tag-european-defence-industry","tag-europeens","tag-general","tag-general-de","tag-gouvernement","tag-information","tag-loi","tag-membres","tag-mission","tag-nation","tag-operations","tag-president","tag-profession","tag-projet-de-loi","tag-representant","tag-ss","tag-tr"],"acf":[],"yoast_head":"<!-- This site is optimized with the Yoast SEO plugin v27.4 - https:\/\/yoast.com\/product\/yoast-seo-wordpress\/ -->\n<title>Vid\u00e9o. Europe de la d\u00e9fense et coop\u00e9ration europ\u00e9enne : Audition d&#039;Eric Trappier \u00e0 l&#039;Assembl\u00e9e nationale. | AASSDN | Anciens et Amis des Services Sp\u00e9ciaux<\/title>\n<meta name=\"robots\" content=\"index, follow, max-snippet:-1, max-image-preview:large, max-video-preview:-1\" \/>\n<link rel=\"canonical\" href=\"https:\/\/aassdn.org\/amicale\/video-europe-de-la-defense-et-cooperation-europeenne-audition-deric-trappier-a-lassemblee-nationale\/\" \/>\n<meta property=\"og:locale\" content=\"fr_FR\" \/>\n<meta property=\"og:type\" content=\"article\" \/>\n<meta property=\"og:title\" content=\"Vid\u00e9o. Europe de la d\u00e9fense et coop\u00e9ration europ\u00e9enne : Audition d&#039;Eric Trappier \u00e0 l&#039;Assembl\u00e9e nationale. | AASSDN | Anciens et Amis des Services Sp\u00e9ciaux\" \/>\n<meta property=\"og:description\" content=\"Mercredi 9 avril, la commission de la d\u00e9fense a auditionn\u00e9 Monsieur \u00c9ric Trappier, pr\u00e9sident directeur g\u00e9n\u00e9ral de Dassault Aviation, sur l\u2019Europe de la d\u00e9fense et les coop\u00e9rations europ\u00e9ennes. Les auditions de l&#8217;Assembl\u00e9e nationale permettent notamment l&#8217;information et le contr\u00f4le de l&#8217;action du Gouvernement par les d\u00e9put\u00e9s et elles peuvent aussi avoir pour objet de pr\u00e9parer [&hellip;]\" \/>\n<meta property=\"og:url\" content=\"https:\/\/aassdn.org\/amicale\/video-europe-de-la-defense-et-cooperation-europeenne-audition-deric-trappier-a-lassemblee-nationale\/\" \/>\n<meta property=\"og:site_name\" content=\"AASSDN | Anciens et Amis des Services Sp\u00e9ciaux\" \/>\n<meta property=\"article:published_time\" content=\"2025-05-07T09:47:20+00:00\" \/>\n<meta property=\"article:modified_time\" content=\"2025-10-14T07:39:38+00:00\" \/>\n<meta property=\"og:image\" content=\"https:\/\/aassdn.org\/amicale\/wp-content\/uploads\/eric-treppier-bandeau-assemblee-nationale-defense-europe.jpg\" \/>\n\t<meta property=\"og:image:width\" content=\"624\" \/>\n\t<meta property=\"og:image:height\" content=\"346\" \/>\n\t<meta property=\"og:image:type\" content=\"image\/jpeg\" \/>\n<meta name=\"author\" content=\"AASSDN\" \/>\n<meta name=\"twitter:card\" content=\"summary_large_image\" \/>\n<meta name=\"twitter:label1\" content=\"\u00c9crit par\" \/>\n\t<meta name=\"twitter:data1\" content=\"AASSDN\" \/>\n\t<meta name=\"twitter:label2\" content=\"Dur\u00e9e de lecture estim\u00e9e\" \/>\n\t<meta name=\"twitter:data2\" content=\"1 minute\" \/>\n<script type=\"application\/ld+json\" class=\"yoast-schema-graph\">{\"@context\":\"https:\\\/\\\/schema.org\",\"@graph\":[{\"@type\":\"Article\",\"@id\":\"https:\\\/\\\/aassdn.org\\\/amicale\\\/video-europe-de-la-defense-et-cooperation-europeenne-audition-deric-trappier-a-lassemblee-nationale\\\/#article\",\"isPartOf\":{\"@id\":\"https:\\\/\\\/aassdn.org\\\/amicale\\\/video-europe-de-la-defense-et-cooperation-europeenne-audition-deric-trappier-a-lassemblee-nationale\\\/\"},\"author\":{\"name\":\"AASSDN\",\"@id\":\"https:\\\/\\\/aassdn.org\\\/amicale\\\/#\\\/schema\\\/person\\\/8e950b11c74c24df36dc8e172f9451f4\"},\"headline\":\"Vid\u00e9o. Europe de la d\u00e9fense et coop\u00e9ration europ\u00e9enne : Audition d&#8217;Eric Trappier \u00e0 l&#8217;Assembl\u00e9e nationale.\",\"datePublished\":\"2025-05-07T09:47:20+00:00\",\"dateModified\":\"2025-10-14T07:39:38+00:00\",\"mainEntityOfPage\":{\"@id\":\"https:\\\/\\\/aassdn.org\\\/amicale\\\/video-europe-de-la-defense-et-cooperation-europeenne-audition-deric-trappier-a-lassemblee-nationale\\\/\"},\"wordCount\":170,\"commentCount\":0,\"publisher\":{\"@id\":\"https:\\\/\\\/aassdn.org\\\/amicale\\\/#organization\"},\"image\":{\"@id\":\"https:\\\/\\\/aassdn.org\\\/amicale\\\/video-europe-de-la-defense-et-cooperation-europeenne-audition-deric-trappier-a-lassemblee-nationale\\\/#primaryimage\"},\"thumbnailUrl\":\"https:\\\/\\\/aassdn.org\\\/amicale\\\/wp-content\\\/uploads\\\/eric-treppier-bandeau-assemblee-nationale-defense-europe.jpg\",\"keywords\":[\"1863\",\"1945\",\"action\",\"Air\",\"Assembl\u00e9e nationale\",\"Audition\",\"Aviation\",\"chercheurs\",\"Commission de la d\u00e9fense\",\"contr\u00f4le\",\"coop\u00e9ration\",\"coop\u00e9rations\",\"coop\u00e9rations europ\u00e9ennes\",\"Dassault\",\"Dassault Aviation\",\"d\u00e9fense\",\"d\u00e9put\u00e9s\",\"Eric\",\"\u00c9ric Trappier\",\"Europe\",\"Europe de la D\u00e9fense\",\"European Defence\",\"European Defence industry\",\"Europ\u00e9ens\",\"G\u00e9n\u00e9ral\",\"G\u00e9n\u00e9ral de\",\"gouvernement\",\"information\",\"loi\",\"Membres\",\"mission\",\"nation\",\"op\u00e9rations\",\"Pr\u00e9sident\",\"Profession\",\"projet de loi\",\"repr\u00e9sentant\",\"SS\",\"TR\"],\"articleSection\":[\"2020-2030\",\"Actualit\u00e9s\",\"Armement\",\"Europe de l'Est\",\"Europe de l'Ouest\",\"Technologies\",\"Videos en ligne\"],\"inLanguage\":\"fr-FR\",\"potentialAction\":[{\"@type\":\"CommentAction\",\"name\":\"Comment\",\"target\":[\"https:\\\/\\\/aassdn.org\\\/amicale\\\/video-europe-de-la-defense-et-cooperation-europeenne-audition-deric-trappier-a-lassemblee-nationale\\\/#respond\"]}]},{\"@type\":\"WebPage\",\"@id\":\"https:\\\/\\\/aassdn.org\\\/amicale\\\/video-europe-de-la-defense-et-cooperation-europeenne-audition-deric-trappier-a-lassemblee-nationale\\\/\",\"url\":\"https:\\\/\\\/aassdn.org\\\/amicale\\\/video-europe-de-la-defense-et-cooperation-europeenne-audition-deric-trappier-a-lassemblee-nationale\\\/\",\"name\":\"Vid\u00e9o. Europe de la d\u00e9fense et coop\u00e9ration europ\u00e9enne : Audition d'Eric Trappier \u00e0 l'Assembl\u00e9e nationale. | AASSDN | Anciens et Amis des Services Sp\u00e9ciaux\",\"isPartOf\":{\"@id\":\"https:\\\/\\\/aassdn.org\\\/amicale\\\/#website\"},\"primaryImageOfPage\":{\"@id\":\"https:\\\/\\\/aassdn.org\\\/amicale\\\/video-europe-de-la-defense-et-cooperation-europeenne-audition-deric-trappier-a-lassemblee-nationale\\\/#primaryimage\"},\"image\":{\"@id\":\"https:\\\/\\\/aassdn.org\\\/amicale\\\/video-europe-de-la-defense-et-cooperation-europeenne-audition-deric-trappier-a-lassemblee-nationale\\\/#primaryimage\"},\"thumbnailUrl\":\"https:\\\/\\\/aassdn.org\\\/amicale\\\/wp-content\\\/uploads\\\/eric-treppier-bandeau-assemblee-nationale-defense-europe.jpg\",\"datePublished\":\"2025-05-07T09:47:20+00:00\",\"dateModified\":\"2025-10-14T07:39:38+00:00\",\"breadcrumb\":{\"@id\":\"https:\\\/\\\/aassdn.org\\\/amicale\\\/video-europe-de-la-defense-et-cooperation-europeenne-audition-deric-trappier-a-lassemblee-nationale\\\/#breadcrumb\"},\"inLanguage\":\"fr-FR\",\"potentialAction\":[{\"@type\":\"ReadAction\",\"target\":[\"https:\\\/\\\/aassdn.org\\\/amicale\\\/video-europe-de-la-defense-et-cooperation-europeenne-audition-deric-trappier-a-lassemblee-nationale\\\/\"]}]},{\"@type\":\"ImageObject\",\"inLanguage\":\"fr-FR\",\"@id\":\"https:\\\/\\\/aassdn.org\\\/amicale\\\/video-europe-de-la-defense-et-cooperation-europeenne-audition-deric-trappier-a-lassemblee-nationale\\\/#primaryimage\",\"url\":\"https:\\\/\\\/aassdn.org\\\/amicale\\\/wp-content\\\/uploads\\\/eric-treppier-bandeau-assemblee-nationale-defense-europe.jpg\",\"contentUrl\":\"https:\\\/\\\/aassdn.org\\\/amicale\\\/wp-content\\\/uploads\\\/eric-treppier-bandeau-assemblee-nationale-defense-europe.jpg\",\"width\":624,\"height\":346},{\"@type\":\"BreadcrumbList\",\"@id\":\"https:\\\/\\\/aassdn.org\\\/amicale\\\/video-europe-de-la-defense-et-cooperation-europeenne-audition-deric-trappier-a-lassemblee-nationale\\\/#breadcrumb\",\"itemListElement\":[{\"@type\":\"ListItem\",\"position\":1,\"name\":\"Accueil\",\"item\":\"https:\\\/\\\/aassdn.org\\\/amicale\\\/\"},{\"@type\":\"ListItem\",\"position\":2,\"name\":\"Vid\u00e9o. Europe de la d\u00e9fense et coop\u00e9ration europ\u00e9enne : Audition d&#8217;Eric Trappier \u00e0 l&#8217;Assembl\u00e9e nationale.\"}]},{\"@type\":\"WebSite\",\"@id\":\"https:\\\/\\\/aassdn.org\\\/amicale\\\/#website\",\"url\":\"https:\\\/\\\/aassdn.org\\\/amicale\\\/\",\"name\":\"AASSDN | Anciens et Amis des Services Sp\u00e9ciaux\",\"description\":\"Services sp\u00e9ciaux : Des h\u00e9ros anonymes au service exclusif de la France\",\"publisher\":{\"@id\":\"https:\\\/\\\/aassdn.org\\\/amicale\\\/#organization\"},\"potentialAction\":[{\"@type\":\"SearchAction\",\"target\":{\"@type\":\"EntryPoint\",\"urlTemplate\":\"https:\\\/\\\/aassdn.org\\\/amicale\\\/?s={search_term_string}\"},\"query-input\":{\"@type\":\"PropertyValueSpecification\",\"valueRequired\":true,\"valueName\":\"search_term_string\"}}],\"inLanguage\":\"fr-FR\"},{\"@type\":\"Organization\",\"@id\":\"https:\\\/\\\/aassdn.org\\\/amicale\\\/#organization\",\"name\":\"AASSDN | Anciens et Amis des Services Sp\u00e9ciaux\",\"url\":\"https:\\\/\\\/aassdn.org\\\/amicale\\\/\",\"logo\":{\"@type\":\"ImageObject\",\"inLanguage\":\"fr-FR\",\"@id\":\"https:\\\/\\\/aassdn.org\\\/amicale\\\/#\\\/schema\\\/logo\\\/image\\\/\",\"url\":\"https:\\\/\\\/aassdn.org\\\/amicale\\\/wp-content\\\/uploads\\\/Logo_AASSDN_transparent2.png\",\"contentUrl\":\"https:\\\/\\\/aassdn.org\\\/amicale\\\/wp-content\\\/uploads\\\/Logo_AASSDN_transparent2.png\",\"width\":1832,\"height\":1609,\"caption\":\"AASSDN | Anciens et Amis des Services Sp\u00e9ciaux\"},\"image\":{\"@id\":\"https:\\\/\\\/aassdn.org\\\/amicale\\\/#\\\/schema\\\/logo\\\/image\\\/\"}},{\"@type\":\"Person\",\"@id\":\"https:\\\/\\\/aassdn.org\\\/amicale\\\/#\\\/schema\\\/person\\\/8e950b11c74c24df36dc8e172f9451f4\",\"name\":\"AASSDN\",\"image\":{\"@type\":\"ImageObject\",\"inLanguage\":\"fr-FR\",\"@id\":\"https:\\\/\\\/secure.gravatar.com\\\/avatar\\\/fd0b6d50e70e6f0ed2d0d0ed7be3689bc93c931340a70ec36db416b5f0486016?s=96&d=mm&r=g\",\"url\":\"https:\\\/\\\/secure.gravatar.com\\\/avatar\\\/fd0b6d50e70e6f0ed2d0d0ed7be3689bc93c931340a70ec36db416b5f0486016?s=96&d=mm&r=g\",\"contentUrl\":\"https:\\\/\\\/secure.gravatar.com\\\/avatar\\\/fd0b6d50e70e6f0ed2d0d0ed7be3689bc93c931340a70ec36db416b5f0486016?s=96&d=mm&r=g\",\"caption\":\"AASSDN\"},\"url\":\"https:\\\/\\\/aassdn.org\\\/amicale\\\/author\\\/laure-fanjeau\\\/\"}]}<\/script>\n<!-- \/ Yoast SEO plugin. -->","yoast_head_json":{"title":"Vid\u00e9o. Europe de la d\u00e9fense et coop\u00e9ration europ\u00e9enne : Audition d'Eric Trappier \u00e0 l'Assembl\u00e9e nationale. | AASSDN | Anciens et Amis des Services Sp\u00e9ciaux","robots":{"index":"index","follow":"follow","max-snippet":"max-snippet:-1","max-image-preview":"max-image-preview:large","max-video-preview":"max-video-preview:-1"},"canonical":"https:\/\/aassdn.org\/amicale\/video-europe-de-la-defense-et-cooperation-europeenne-audition-deric-trappier-a-lassemblee-nationale\/","og_locale":"fr_FR","og_type":"article","og_title":"Vid\u00e9o. Europe de la d\u00e9fense et coop\u00e9ration europ\u00e9enne : Audition d'Eric Trappier \u00e0 l'Assembl\u00e9e nationale. | AASSDN | Anciens et Amis des Services Sp\u00e9ciaux","og_description":"Mercredi 9 avril, la commission de la d\u00e9fense a auditionn\u00e9 Monsieur \u00c9ric Trappier, pr\u00e9sident directeur g\u00e9n\u00e9ral de Dassault Aviation, sur l\u2019Europe de la d\u00e9fense et les coop\u00e9rations europ\u00e9ennes. Les auditions de l&#8217;Assembl\u00e9e nationale permettent notamment l&#8217;information et le contr\u00f4le de l&#8217;action du Gouvernement par les d\u00e9put\u00e9s et elles peuvent aussi avoir pour objet de pr\u00e9parer [&hellip;]","og_url":"https:\/\/aassdn.org\/amicale\/video-europe-de-la-defense-et-cooperation-europeenne-audition-deric-trappier-a-lassemblee-nationale\/","og_site_name":"AASSDN | Anciens et Amis des Services Sp\u00e9ciaux","article_published_time":"2025-05-07T09:47:20+00:00","article_modified_time":"2025-10-14T07:39:38+00:00","og_image":[{"width":624,"height":346,"url":"https:\/\/aassdn.org\/amicale\/wp-content\/uploads\/eric-treppier-bandeau-assemblee-nationale-defense-europe.jpg","type":"image\/jpeg"}],"author":"AASSDN","twitter_card":"summary_large_image","twitter_misc":{"\u00c9crit par":"AASSDN","Dur\u00e9e de lecture estim\u00e9e":"1 minute"},"schema":{"@context":"https:\/\/schema.org","@graph":[{"@type":"Article","@id":"https:\/\/aassdn.org\/amicale\/video-europe-de-la-defense-et-cooperation-europeenne-audition-deric-trappier-a-lassemblee-nationale\/#article","isPartOf":{"@id":"https:\/\/aassdn.org\/amicale\/video-europe-de-la-defense-et-cooperation-europeenne-audition-deric-trappier-a-lassemblee-nationale\/"},"author":{"name":"AASSDN","@id":"https:\/\/aassdn.org\/amicale\/#\/schema\/person\/8e950b11c74c24df36dc8e172f9451f4"},"headline":"Vid\u00e9o. Europe de la d\u00e9fense et coop\u00e9ration europ\u00e9enne : Audition d&#8217;Eric Trappier \u00e0 l&#8217;Assembl\u00e9e nationale.","datePublished":"2025-05-07T09:47:20+00:00","dateModified":"2025-10-14T07:39:38+00:00","mainEntityOfPage":{"@id":"https:\/\/aassdn.org\/amicale\/video-europe-de-la-defense-et-cooperation-europeenne-audition-deric-trappier-a-lassemblee-nationale\/"},"wordCount":170,"commentCount":0,"publisher":{"@id":"https:\/\/aassdn.org\/amicale\/#organization"},"image":{"@id":"https:\/\/aassdn.org\/amicale\/video-europe-de-la-defense-et-cooperation-europeenne-audition-deric-trappier-a-lassemblee-nationale\/#primaryimage"},"thumbnailUrl":"https:\/\/aassdn.org\/amicale\/wp-content\/uploads\/eric-treppier-bandeau-assemblee-nationale-defense-europe.jpg","keywords":["1863","1945","action","Air","Assembl\u00e9e nationale","Audition","Aviation","chercheurs","Commission de la d\u00e9fense","contr\u00f4le","coop\u00e9ration","coop\u00e9rations","coop\u00e9rations europ\u00e9ennes","Dassault","Dassault Aviation","d\u00e9fense","d\u00e9put\u00e9s","Eric","\u00c9ric Trappier","Europe","Europe de la D\u00e9fense","European Defence","European Defence industry","Europ\u00e9ens","G\u00e9n\u00e9ral","G\u00e9n\u00e9ral de","gouvernement","information","loi","Membres","mission","nation","op\u00e9rations","Pr\u00e9sident","Profession","projet de loi","repr\u00e9sentant","SS","TR"],"articleSection":["2020-2030","Actualit\u00e9s","Armement","Europe de l'Est","Europe de l'Ouest","Technologies","Videos en ligne"],"inLanguage":"fr-FR","potentialAction":[{"@type":"CommentAction","name":"Comment","target":["https:\/\/aassdn.org\/amicale\/video-europe-de-la-defense-et-cooperation-europeenne-audition-deric-trappier-a-lassemblee-nationale\/#respond"]}]},{"@type":"WebPage","@id":"https:\/\/aassdn.org\/amicale\/video-europe-de-la-defense-et-cooperation-europeenne-audition-deric-trappier-a-lassemblee-nationale\/","url":"https:\/\/aassdn.org\/amicale\/video-europe-de-la-defense-et-cooperation-europeenne-audition-deric-trappier-a-lassemblee-nationale\/","name":"Vid\u00e9o. Europe de la d\u00e9fense et coop\u00e9ration europ\u00e9enne : Audition d'Eric Trappier \u00e0 l'Assembl\u00e9e nationale. | AASSDN | Anciens et Amis des Services Sp\u00e9ciaux","isPartOf":{"@id":"https:\/\/aassdn.org\/amicale\/#website"},"primaryImageOfPage":{"@id":"https:\/\/aassdn.org\/amicale\/video-europe-de-la-defense-et-cooperation-europeenne-audition-deric-trappier-a-lassemblee-nationale\/#primaryimage"},"image":{"@id":"https:\/\/aassdn.org\/amicale\/video-europe-de-la-defense-et-cooperation-europeenne-audition-deric-trappier-a-lassemblee-nationale\/#primaryimage"},"thumbnailUrl":"https:\/\/aassdn.org\/amicale\/wp-content\/uploads\/eric-treppier-bandeau-assemblee-nationale-defense-europe.jpg","datePublished":"2025-05-07T09:47:20+00:00","dateModified":"2025-10-14T07:39:38+00:00","breadcrumb":{"@id":"https:\/\/aassdn.org\/amicale\/video-europe-de-la-defense-et-cooperation-europeenne-audition-deric-trappier-a-lassemblee-nationale\/#breadcrumb"},"inLanguage":"fr-FR","potentialAction":[{"@type":"ReadAction","target":["https:\/\/aassdn.org\/amicale\/video-europe-de-la-defense-et-cooperation-europeenne-audition-deric-trappier-a-lassemblee-nationale\/"]}]},{"@type":"ImageObject","inLanguage":"fr-FR","@id":"https:\/\/aassdn.org\/amicale\/video-europe-de-la-defense-et-cooperation-europeenne-audition-deric-trappier-a-lassemblee-nationale\/#primaryimage","url":"https:\/\/aassdn.org\/amicale\/wp-content\/uploads\/eric-treppier-bandeau-assemblee-nationale-defense-europe.jpg","contentUrl":"https:\/\/aassdn.org\/amicale\/wp-content\/uploads\/eric-treppier-bandeau-assemblee-nationale-defense-europe.jpg","width":624,"height":346},{"@type":"BreadcrumbList","@id":"https:\/\/aassdn.org\/amicale\/video-europe-de-la-defense-et-cooperation-europeenne-audition-deric-trappier-a-lassemblee-nationale\/#breadcrumb","itemListElement":[{"@type":"ListItem","position":1,"name":"Accueil","item":"https:\/\/aassdn.org\/amicale\/"},{"@type":"ListItem","position":2,"name":"Vid\u00e9o. Europe de la d\u00e9fense et coop\u00e9ration europ\u00e9enne : Audition d&#8217;Eric Trappier \u00e0 l&#8217;Assembl\u00e9e nationale."}]},{"@type":"WebSite","@id":"https:\/\/aassdn.org\/amicale\/#website","url":"https:\/\/aassdn.org\/amicale\/","name":"AASSDN | Anciens et Amis des Services Sp\u00e9ciaux","description":"Services sp\u00e9ciaux : Des h\u00e9ros anonymes au service exclusif de la France","publisher":{"@id":"https:\/\/aassdn.org\/amicale\/#organization"},"potentialAction":[{"@type":"SearchAction","target":{"@type":"EntryPoint","urlTemplate":"https:\/\/aassdn.org\/amicale\/?s={search_term_string}"},"query-input":{"@type":"PropertyValueSpecification","valueRequired":true,"valueName":"search_term_string"}}],"inLanguage":"fr-FR"},{"@type":"Organization","@id":"https:\/\/aassdn.org\/amicale\/#organization","name":"AASSDN | Anciens et Amis des Services Sp\u00e9ciaux","url":"https:\/\/aassdn.org\/amicale\/","logo":{"@type":"ImageObject","inLanguage":"fr-FR","@id":"https:\/\/aassdn.org\/amicale\/#\/schema\/logo\/image\/","url":"https:\/\/aassdn.org\/amicale\/wp-content\/uploads\/Logo_AASSDN_transparent2.png","contentUrl":"https:\/\/aassdn.org\/amicale\/wp-content\/uploads\/Logo_AASSDN_transparent2.png","width":1832,"height":1609,"caption":"AASSDN | Anciens et Amis des Services Sp\u00e9ciaux"},"image":{"@id":"https:\/\/aassdn.org\/amicale\/#\/schema\/logo\/image\/"}},{"@type":"Person","@id":"https:\/\/aassdn.org\/amicale\/#\/schema\/person\/8e950b11c74c24df36dc8e172f9451f4","name":"AASSDN","image":{"@type":"ImageObject","inLanguage":"fr-FR","@id":"https:\/\/secure.gravatar.com\/avatar\/fd0b6d50e70e6f0ed2d0d0ed7be3689bc93c931340a70ec36db416b5f0486016?s=96&d=mm&r=g","url":"https:\/\/secure.gravatar.com\/avatar\/fd0b6d50e70e6f0ed2d0d0ed7be3689bc93c931340a70ec36db416b5f0486016?s=96&d=mm&r=g","contentUrl":"https:\/\/secure.gravatar.com\/avatar\/fd0b6d50e70e6f0ed2d0d0ed7be3689bc93c931340a70ec36db416b5f0486016?s=96&d=mm&r=g","caption":"AASSDN"},"url":"https:\/\/aassdn.org\/amicale\/author\/laure-fanjeau\/"}]}},"_links":{"self":[{"href":"https:\/\/aassdn.org\/amicale\/wp-json\/wp\/v2\/posts\/18647","targetHints":{"allow":["GET"]}}],"collection":[{"href":"https:\/\/aassdn.org\/amicale\/wp-json\/wp\/v2\/posts"}],"about":[{"href":"https:\/\/aassdn.org\/amicale\/wp-json\/wp\/v2\/types\/post"}],"author":[{"embeddable":true,"href":"https:\/\/aassdn.org\/amicale\/wp-json\/wp\/v2\/users\/32"}],"replies":[{"embeddable":true,"href":"https:\/\/aassdn.org\/amicale\/wp-json\/wp\/v2\/comments?post=18647"}],"version-history":[{"count":0,"href":"https:\/\/aassdn.org\/amicale\/wp-json\/wp\/v2\/posts\/18647\/revisions"}],"wp:featuredmedia":[{"embeddable":true,"href":"https:\/\/aassdn.org\/amicale\/wp-json\/wp\/v2\/media\/18649"}],"wp:attachment":[{"href":"https:\/\/aassdn.org\/amicale\/wp-json\/wp\/v2\/media?parent=18647"}],"wp:term":[{"taxonomy":"category","embeddable":true,"href":"https:\/\/aassdn.org\/amicale\/wp-json\/wp\/v2\/categories?post=18647"},{"taxonomy":"post_tag","embeddable":true,"href":"https:\/\/aassdn.org\/amicale\/wp-json\/wp\/v2\/tags?post=18647"}],"curies":[{"name":"wp","href":"https:\/\/api.w.org\/{rel}","templated":true}]}}