{"id":18628,"date":"2025-05-06T12:52:40","date_gmt":"2025-05-06T10:52:40","guid":{"rendered":"https:\/\/aassdn.org\/amicale\/?p=18628"},"modified":"2025-10-14T09:39:44","modified_gmt":"2025-10-14T07:39:44","slug":"video-commande-publique-audition-dalain-juillet","status":"publish","type":"post","link":"https:\/\/aassdn.org\/amicale\/video-commande-publique-audition-dalain-juillet\/","title":{"rendered":"Vid\u00e9o. Commande publique : Audition d\u2019Alain Juillet au S\u00e9nat"},"content":{"rendered":"\n<p>Audition d\u2019Alain Juillet, ancien Haut responsable charg\u00e9 de l&#8217;intelligence \u00e9conomique, par la commission d\u2019enqu\u00eate <a href=\"https:\/\/www.youtube.com\/hashtag\/commandepublique\">Commande Publique<\/a> (Simon Uzenat \/ Dany Wattebled)<\/p>\n\n\n\n<p class=\"has-text-align-right\"><em>Source :<\/em> <a href=\"https:\/\/www.youtube.com\/watch?v=o3RCOUbGCws\"><em>Compte YouTube du S\u00e9nat<\/em><\/a><br><\/p>\n\n\n\n<figure class=\"wp-block-embed aligncenter is-type-video is-provider-youtube wp-block-embed-youtube wp-embed-aspect-16-9 wp-has-aspect-ratio\"><div class=\"wp-block-embed__wrapper\">\n<iframe title=\"Commande publique : audition d\u2019Alain Juillet\" width=\"500\" height=\"281\" data-src=\"https:\/\/www.youtube.com\/embed\/o3RCOUbGCws?feature=oembed\" frameborder=\"0\" allow=\"accelerometer; autoplay; clipboard-write; encrypted-media; gyroscope; picture-in-picture; web-share\" referrerpolicy=\"strict-origin-when-cross-origin\" allowfullscreen src=\"data:image\/svg+xml;base64,PHN2ZyB3aWR0aD0iMSIgaGVpZ2h0PSIxIiB4bWxucz0iaHR0cDovL3d3dy53My5vcmcvMjAwMC9zdmciPjwvc3ZnPg==\" class=\"lazyload\" data-load-mode=\"1\"><\/iframe>\n<\/div><\/figure>\n\n\n\n<p class=\"has-text-align-center\"><strong>Date de mise en ligne :<\/strong>&nbsp;16\/04\/2025 <br><strong>Dur\u00e9e :<\/strong>&nbsp;01:18:13 <br><strong>Date de l&#8217;audition : <\/strong>08\/04\/2025 <br><strong>Compte YouTube :<\/strong><a href=\"https:\/\/www.youtube.com\/watch?v=RLduDWQd5RQ\"> S\u00e9nat<\/a><\/p>\n<div class=\"pdfprnt-buttons pdfprnt-buttons-post pdfprnt-bottom-right\"><a href=\"https:\/\/aassdn.org\/amicale\/wp-json\/wp\/v2\/posts\/18628?print=pdf\" class=\"pdfprnt-button pdfprnt-button-pdf\" target=\"_blank\" ><img decoding=\"async\" data-src=\"https:\/\/aassdn.org\/amicale\/wp-content\/plugins\/pdf-print\/images\/pdf.png\" alt=\"image_pdf\" title=\"Afficher le PDF\" src=\"data:image\/svg+xml;base64,PHN2ZyB3aWR0aD0iMSIgaGVpZ2h0PSIxIiB4bWxucz0iaHR0cDovL3d3dy53My5vcmcvMjAwMC9zdmciPjwvc3ZnPg==\" class=\"lazyload\" style=\"--smush-placeholder-width: 32px; --smush-placeholder-aspect-ratio: 32\/32;\" \/><\/a><a href=\"https:\/\/aassdn.org\/amicale\/wp-json\/wp\/v2\/posts\/18628?print=print\" class=\"pdfprnt-button pdfprnt-button-print\" target=\"_blank\" ><\/a><\/div>","protected":false},"excerpt":{"rendered":"<p>Audition d\u2019Alain Juillet, ancien Haut responsable charg\u00e9 de l&#8217;intelligence \u00e9conomique, par la commission d\u2019enqu\u00eate Commande Publique (Simon Uzenat \/ Dany Wattebled) Source : Compte YouTube du S\u00e9nat Date de mise en ligne :&nbsp;16\/04\/2025 Dur\u00e9e :&nbsp;01:18:13 Date de l&#8217;audition : 08\/04\/2025 Compte YouTube : S\u00e9nat<\/p>\n","protected":false},"author":32,"featured_media":19175,"comment_status":"open","ping_status":"closed","sticky":false,"template":"","format":"standard","meta":{"_acf_changed":false,"footnotes":""},"categories":[288,278,286,96],"tags":[2251,2713,5191,283,3439,4139,4975,4820,4764,4244,4983,3295,4217,4977,4344,5126,3664,3808,4974,3981,4249,4095,3980,4097,3683,5199,550,4854,4972,3876,210,3760,5203,4262,792,4030,4103,3718,1100,4973,5019,1433,4235,3433,5062,3663],"class_list":["post-18628","post","type-post","status-publish","format-standard","has-post-thumbnail","hentry","category-2020-2030","category-actualites","category-alain-juillet","category-videos-en-ligne","tag-2251","tag-2713","tag-alain","tag-alain-juillet","tag-ancien","tag-ar","tag-audition","tag-b","tag-bl","tag-ch","tag-co","tag-command","tag-commande","tag-commande-publique","tag-commission","tag-commission-denquete","tag-compte-youtube","tag-dan","tag-dany-wattebled","tag-date","tag-date-de-mise-en-ligne","tag-de","tag-duree","tag-e","tag-economique","tag-en-ligne","tag-enquete","tag-haut","tag-haut-responsable","tag-intelligence","tag-intelligence-economique","tag-l","tag-ligne","tag-mise-en-ligne","tag-mission","tag-r","tag-re","tag-se","tag-senat","tag-simon-uzenat","tag-sou","tag-ss","tag-ue","tag-uree","tag-watch","tag-youtube"],"acf":[],"yoast_head":"<!-- This site is optimized with the Yoast SEO plugin v27.4 - https:\/\/yoast.com\/product\/yoast-seo-wordpress\/ -->\n<title>Vid\u00e9o. Commande publique : Audition d\u2019Alain Juillet au S\u00e9nat | AASSDN | Anciens et Amis des Services Sp\u00e9ciaux<\/title>\n<meta name=\"robots\" content=\"index, follow, max-snippet:-1, max-image-preview:large, max-video-preview:-1\" \/>\n<link rel=\"canonical\" href=\"https:\/\/aassdn.org\/amicale\/video-commande-publique-audition-dalain-juillet\/\" \/>\n<meta property=\"og:locale\" content=\"fr_FR\" \/>\n<meta property=\"og:type\" content=\"article\" \/>\n<meta property=\"og:title\" content=\"Vid\u00e9o. Commande publique : Audition d\u2019Alain Juillet au S\u00e9nat | AASSDN | Anciens et Amis des Services Sp\u00e9ciaux\" \/>\n<meta property=\"og:description\" content=\"Audition d\u2019Alain Juillet, ancien Haut responsable charg\u00e9 de l&#8217;intelligence \u00e9conomique, par la commission d\u2019enqu\u00eate Commande Publique (Simon Uzenat \/ Dany Wattebled) Source : Compte YouTube du S\u00e9nat Date de mise en ligne :&nbsp;16\/04\/2025 Dur\u00e9e :&nbsp;01:18:13 Date de l&#8217;audition : 08\/04\/2025 Compte YouTube : S\u00e9nat\" \/>\n<meta property=\"og:url\" content=\"https:\/\/aassdn.org\/amicale\/video-commande-publique-audition-dalain-juillet\/\" \/>\n<meta property=\"og:site_name\" content=\"AASSDN | Anciens et Amis des Services Sp\u00e9ciaux\" \/>\n<meta property=\"article:published_time\" content=\"2025-05-06T10:52:40+00:00\" \/>\n<meta property=\"article:modified_time\" content=\"2025-10-14T07:39:44+00:00\" \/>\n<meta property=\"og:image\" content=\"https:\/\/aassdn.org\/amicale\/wp-content\/uploads\/image-73.png\" \/>\n\t<meta property=\"og:image:width\" content=\"1048\" \/>\n\t<meta property=\"og:image:height\" content=\"588\" \/>\n\t<meta property=\"og:image:type\" content=\"image\/png\" \/>\n<meta name=\"author\" content=\"AASSDN\" \/>\n<meta name=\"twitter:card\" content=\"summary_large_image\" \/>\n<meta name=\"twitter:label1\" content=\"\u00c9crit par\" \/>\n\t<meta name=\"twitter:data1\" content=\"AASSDN\" \/>\n<script type=\"application\/ld+json\" class=\"yoast-schema-graph\">{\"@context\":\"https:\\\/\\\/schema.org\",\"@graph\":[{\"@type\":\"Article\",\"@id\":\"https:\\\/\\\/aassdn.org\\\/amicale\\\/video-commande-publique-audition-dalain-juillet\\\/#article\",\"isPartOf\":{\"@id\":\"https:\\\/\\\/aassdn.org\\\/amicale\\\/video-commande-publique-audition-dalain-juillet\\\/\"},\"author\":{\"name\":\"AASSDN\",\"@id\":\"https:\\\/\\\/aassdn.org\\\/amicale\\\/#\\\/schema\\\/person\\\/8e950b11c74c24df36dc8e172f9451f4\"},\"headline\":\"Vid\u00e9o. Commande publique : Audition d\u2019Alain Juillet au S\u00e9nat\",\"datePublished\":\"2025-05-06T10:52:40+00:00\",\"dateModified\":\"2025-10-14T07:39:44+00:00\",\"mainEntityOfPage\":{\"@id\":\"https:\\\/\\\/aassdn.org\\\/amicale\\\/video-commande-publique-audition-dalain-juillet\\\/\"},\"wordCount\":66,\"commentCount\":0,\"publisher\":{\"@id\":\"https:\\\/\\\/aassdn.org\\\/amicale\\\/#organization\"},\"image\":{\"@id\":\"https:\\\/\\\/aassdn.org\\\/amicale\\\/video-commande-publique-audition-dalain-juillet\\\/#primaryimage\"},\"thumbnailUrl\":\"https:\\\/\\\/aassdn.org\\\/amicale\\\/wp-content\\\/uploads\\\/image-73.png\",\"keywords\":[\"1863\",\"1945\",\"Alain\",\"Alain Juillet\",\"ancien\",\"ar\",\"Audition\",\"b\",\"Bl\",\"Ch\",\"Co\",\"Command\",\"Commande\",\"Commande Publique\",\"Commission\",\"commission d\u2019enqu\u00eate\",\"Compte YouTube\",\"Dan\",\"Dany Wattebled\",\"Date\",\"Date de mise en ligne\",\"D\u00e9\",\"Dur\u00e9e\",\"\u00e9\",\"\u00e9conomique\",\"En ligne\",\"enqu\u00eate\",\"haut\",\"Haut responsable\",\"intelligence\",\"intelligence \u00e9conomique\",\"l\",\"ligne\",\"mise en ligne\",\"mission\",\"R\",\"r\u00e9\",\"S\u00e9\",\"S\u00e9nat\",\"Simon Uzenat\",\"sou\",\"SS\",\"UE\",\"ur\u00e9e\",\"watch\",\"YouTube\"],\"articleSection\":[\"2020-2030\",\"Actualit\u00e9s\",\"Alain Juillet\",\"Videos en ligne\"],\"inLanguage\":\"fr-FR\",\"potentialAction\":[{\"@type\":\"CommentAction\",\"name\":\"Comment\",\"target\":[\"https:\\\/\\\/aassdn.org\\\/amicale\\\/video-commande-publique-audition-dalain-juillet\\\/#respond\"]}]},{\"@type\":\"WebPage\",\"@id\":\"https:\\\/\\\/aassdn.org\\\/amicale\\\/video-commande-publique-audition-dalain-juillet\\\/\",\"url\":\"https:\\\/\\\/aassdn.org\\\/amicale\\\/video-commande-publique-audition-dalain-juillet\\\/\",\"name\":\"Vid\u00e9o. Commande publique : Audition d\u2019Alain Juillet au S\u00e9nat | AASSDN | Anciens et Amis des Services Sp\u00e9ciaux\",\"isPartOf\":{\"@id\":\"https:\\\/\\\/aassdn.org\\\/amicale\\\/#website\"},\"primaryImageOfPage\":{\"@id\":\"https:\\\/\\\/aassdn.org\\\/amicale\\\/video-commande-publique-audition-dalain-juillet\\\/#primaryimage\"},\"image\":{\"@id\":\"https:\\\/\\\/aassdn.org\\\/amicale\\\/video-commande-publique-audition-dalain-juillet\\\/#primaryimage\"},\"thumbnailUrl\":\"https:\\\/\\\/aassdn.org\\\/amicale\\\/wp-content\\\/uploads\\\/image-73.png\",\"datePublished\":\"2025-05-06T10:52:40+00:00\",\"dateModified\":\"2025-10-14T07:39:44+00:00\",\"breadcrumb\":{\"@id\":\"https:\\\/\\\/aassdn.org\\\/amicale\\\/video-commande-publique-audition-dalain-juillet\\\/#breadcrumb\"},\"inLanguage\":\"fr-FR\",\"potentialAction\":[{\"@type\":\"ReadAction\",\"target\":[\"https:\\\/\\\/aassdn.org\\\/amicale\\\/video-commande-publique-audition-dalain-juillet\\\/\"]}]},{\"@type\":\"ImageObject\",\"inLanguage\":\"fr-FR\",\"@id\":\"https:\\\/\\\/aassdn.org\\\/amicale\\\/video-commande-publique-audition-dalain-juillet\\\/#primaryimage\",\"url\":\"https:\\\/\\\/aassdn.org\\\/amicale\\\/wp-content\\\/uploads\\\/image-73.png\",\"contentUrl\":\"https:\\\/\\\/aassdn.org\\\/amicale\\\/wp-content\\\/uploads\\\/image-73.png\",\"width\":1048,\"height\":588},{\"@type\":\"BreadcrumbList\",\"@id\":\"https:\\\/\\\/aassdn.org\\\/amicale\\\/video-commande-publique-audition-dalain-juillet\\\/#breadcrumb\",\"itemListElement\":[{\"@type\":\"ListItem\",\"position\":1,\"name\":\"Accueil\",\"item\":\"https:\\\/\\\/aassdn.org\\\/amicale\\\/\"},{\"@type\":\"ListItem\",\"position\":2,\"name\":\"Vid\u00e9o. Commande publique : Audition d\u2019Alain Juillet au S\u00e9nat\"}]},{\"@type\":\"WebSite\",\"@id\":\"https:\\\/\\\/aassdn.org\\\/amicale\\\/#website\",\"url\":\"https:\\\/\\\/aassdn.org\\\/amicale\\\/\",\"name\":\"AASSDN | Anciens et Amis des Services Sp\u00e9ciaux\",\"description\":\"Services sp\u00e9ciaux : Des h\u00e9ros anonymes au service exclusif de la France\",\"publisher\":{\"@id\":\"https:\\\/\\\/aassdn.org\\\/amicale\\\/#organization\"},\"potentialAction\":[{\"@type\":\"SearchAction\",\"target\":{\"@type\":\"EntryPoint\",\"urlTemplate\":\"https:\\\/\\\/aassdn.org\\\/amicale\\\/?s={search_term_string}\"},\"query-input\":{\"@type\":\"PropertyValueSpecification\",\"valueRequired\":true,\"valueName\":\"search_term_string\"}}],\"inLanguage\":\"fr-FR\"},{\"@type\":\"Organization\",\"@id\":\"https:\\\/\\\/aassdn.org\\\/amicale\\\/#organization\",\"name\":\"AASSDN | Anciens et Amis des Services Sp\u00e9ciaux\",\"url\":\"https:\\\/\\\/aassdn.org\\\/amicale\\\/\",\"logo\":{\"@type\":\"ImageObject\",\"inLanguage\":\"fr-FR\",\"@id\":\"https:\\\/\\\/aassdn.org\\\/amicale\\\/#\\\/schema\\\/logo\\\/image\\\/\",\"url\":\"https:\\\/\\\/aassdn.org\\\/amicale\\\/wp-content\\\/uploads\\\/Logo_AASSDN_transparent2.png\",\"contentUrl\":\"https:\\\/\\\/aassdn.org\\\/amicale\\\/wp-content\\\/uploads\\\/Logo_AASSDN_transparent2.png\",\"width\":1832,\"height\":1609,\"caption\":\"AASSDN | Anciens et Amis des Services Sp\u00e9ciaux\"},\"image\":{\"@id\":\"https:\\\/\\\/aassdn.org\\\/amicale\\\/#\\\/schema\\\/logo\\\/image\\\/\"}},{\"@type\":\"Person\",\"@id\":\"https:\\\/\\\/aassdn.org\\\/amicale\\\/#\\\/schema\\\/person\\\/8e950b11c74c24df36dc8e172f9451f4\",\"name\":\"AASSDN\",\"image\":{\"@type\":\"ImageObject\",\"inLanguage\":\"fr-FR\",\"@id\":\"https:\\\/\\\/secure.gravatar.com\\\/avatar\\\/fd0b6d50e70e6f0ed2d0d0ed7be3689bc93c931340a70ec36db416b5f0486016?s=96&d=mm&r=g\",\"url\":\"https:\\\/\\\/secure.gravatar.com\\\/avatar\\\/fd0b6d50e70e6f0ed2d0d0ed7be3689bc93c931340a70ec36db416b5f0486016?s=96&d=mm&r=g\",\"contentUrl\":\"https:\\\/\\\/secure.gravatar.com\\\/avatar\\\/fd0b6d50e70e6f0ed2d0d0ed7be3689bc93c931340a70ec36db416b5f0486016?s=96&d=mm&r=g\",\"caption\":\"AASSDN\"},\"url\":\"https:\\\/\\\/aassdn.org\\\/amicale\\\/author\\\/laure-fanjeau\\\/\"}]}<\/script>\n<!-- \/ Yoast SEO plugin. -->","yoast_head_json":{"title":"Vid\u00e9o. Commande publique : Audition d\u2019Alain Juillet au S\u00e9nat | AASSDN | Anciens et Amis des Services Sp\u00e9ciaux","robots":{"index":"index","follow":"follow","max-snippet":"max-snippet:-1","max-image-preview":"max-image-preview:large","max-video-preview":"max-video-preview:-1"},"canonical":"https:\/\/aassdn.org\/amicale\/video-commande-publique-audition-dalain-juillet\/","og_locale":"fr_FR","og_type":"article","og_title":"Vid\u00e9o. Commande publique : Audition d\u2019Alain Juillet au S\u00e9nat | AASSDN | Anciens et Amis des Services Sp\u00e9ciaux","og_description":"Audition d\u2019Alain Juillet, ancien Haut responsable charg\u00e9 de l&#8217;intelligence \u00e9conomique, par la commission d\u2019enqu\u00eate Commande Publique (Simon Uzenat \/ Dany Wattebled) Source : Compte YouTube du S\u00e9nat Date de mise en ligne :&nbsp;16\/04\/2025 Dur\u00e9e :&nbsp;01:18:13 Date de l&#8217;audition : 08\/04\/2025 Compte YouTube : S\u00e9nat","og_url":"https:\/\/aassdn.org\/amicale\/video-commande-publique-audition-dalain-juillet\/","og_site_name":"AASSDN | Anciens et Amis des Services Sp\u00e9ciaux","article_published_time":"2025-05-06T10:52:40+00:00","article_modified_time":"2025-10-14T07:39:44+00:00","og_image":[{"width":1048,"height":588,"url":"https:\/\/aassdn.org\/amicale\/wp-content\/uploads\/image-73.png","type":"image\/png"}],"author":"AASSDN","twitter_card":"summary_large_image","twitter_misc":{"\u00c9crit par":"AASSDN"},"schema":{"@context":"https:\/\/schema.org","@graph":[{"@type":"Article","@id":"https:\/\/aassdn.org\/amicale\/video-commande-publique-audition-dalain-juillet\/#article","isPartOf":{"@id":"https:\/\/aassdn.org\/amicale\/video-commande-publique-audition-dalain-juillet\/"},"author":{"name":"AASSDN","@id":"https:\/\/aassdn.org\/amicale\/#\/schema\/person\/8e950b11c74c24df36dc8e172f9451f4"},"headline":"Vid\u00e9o. Commande publique : Audition d\u2019Alain Juillet au S\u00e9nat","datePublished":"2025-05-06T10:52:40+00:00","dateModified":"2025-10-14T07:39:44+00:00","mainEntityOfPage":{"@id":"https:\/\/aassdn.org\/amicale\/video-commande-publique-audition-dalain-juillet\/"},"wordCount":66,"commentCount":0,"publisher":{"@id":"https:\/\/aassdn.org\/amicale\/#organization"},"image":{"@id":"https:\/\/aassdn.org\/amicale\/video-commande-publique-audition-dalain-juillet\/#primaryimage"},"thumbnailUrl":"https:\/\/aassdn.org\/amicale\/wp-content\/uploads\/image-73.png","keywords":["1863","1945","Alain","Alain Juillet","ancien","ar","Audition","b","Bl","Ch","Co","Command","Commande","Commande Publique","Commission","commission d\u2019enqu\u00eate","Compte YouTube","Dan","Dany Wattebled","Date","Date de mise en ligne","D\u00e9","Dur\u00e9e","\u00e9","\u00e9conomique","En ligne","enqu\u00eate","haut","Haut responsable","intelligence","intelligence \u00e9conomique","l","ligne","mise en ligne","mission","R","r\u00e9","S\u00e9","S\u00e9nat","Simon Uzenat","sou","SS","UE","ur\u00e9e","watch","YouTube"],"articleSection":["2020-2030","Actualit\u00e9s","Alain Juillet","Videos en ligne"],"inLanguage":"fr-FR","potentialAction":[{"@type":"CommentAction","name":"Comment","target":["https:\/\/aassdn.org\/amicale\/video-commande-publique-audition-dalain-juillet\/#respond"]}]},{"@type":"WebPage","@id":"https:\/\/aassdn.org\/amicale\/video-commande-publique-audition-dalain-juillet\/","url":"https:\/\/aassdn.org\/amicale\/video-commande-publique-audition-dalain-juillet\/","name":"Vid\u00e9o. Commande publique : Audition d\u2019Alain Juillet au S\u00e9nat | AASSDN | Anciens et Amis des Services Sp\u00e9ciaux","isPartOf":{"@id":"https:\/\/aassdn.org\/amicale\/#website"},"primaryImageOfPage":{"@id":"https:\/\/aassdn.org\/amicale\/video-commande-publique-audition-dalain-juillet\/#primaryimage"},"image":{"@id":"https:\/\/aassdn.org\/amicale\/video-commande-publique-audition-dalain-juillet\/#primaryimage"},"thumbnailUrl":"https:\/\/aassdn.org\/amicale\/wp-content\/uploads\/image-73.png","datePublished":"2025-05-06T10:52:40+00:00","dateModified":"2025-10-14T07:39:44+00:00","breadcrumb":{"@id":"https:\/\/aassdn.org\/amicale\/video-commande-publique-audition-dalain-juillet\/#breadcrumb"},"inLanguage":"fr-FR","potentialAction":[{"@type":"ReadAction","target":["https:\/\/aassdn.org\/amicale\/video-commande-publique-audition-dalain-juillet\/"]}]},{"@type":"ImageObject","inLanguage":"fr-FR","@id":"https:\/\/aassdn.org\/amicale\/video-commande-publique-audition-dalain-juillet\/#primaryimage","url":"https:\/\/aassdn.org\/amicale\/wp-content\/uploads\/image-73.png","contentUrl":"https:\/\/aassdn.org\/amicale\/wp-content\/uploads\/image-73.png","width":1048,"height":588},{"@type":"BreadcrumbList","@id":"https:\/\/aassdn.org\/amicale\/video-commande-publique-audition-dalain-juillet\/#breadcrumb","itemListElement":[{"@type":"ListItem","position":1,"name":"Accueil","item":"https:\/\/aassdn.org\/amicale\/"},{"@type":"ListItem","position":2,"name":"Vid\u00e9o. Commande publique : Audition d\u2019Alain Juillet au S\u00e9nat"}]},{"@type":"WebSite","@id":"https:\/\/aassdn.org\/amicale\/#website","url":"https:\/\/aassdn.org\/amicale\/","name":"AASSDN | Anciens et Amis des Services Sp\u00e9ciaux","description":"Services sp\u00e9ciaux : Des h\u00e9ros anonymes au service exclusif de la France","publisher":{"@id":"https:\/\/aassdn.org\/amicale\/#organization"},"potentialAction":[{"@type":"SearchAction","target":{"@type":"EntryPoint","urlTemplate":"https:\/\/aassdn.org\/amicale\/?s={search_term_string}"},"query-input":{"@type":"PropertyValueSpecification","valueRequired":true,"valueName":"search_term_string"}}],"inLanguage":"fr-FR"},{"@type":"Organization","@id":"https:\/\/aassdn.org\/amicale\/#organization","name":"AASSDN | Anciens et Amis des Services Sp\u00e9ciaux","url":"https:\/\/aassdn.org\/amicale\/","logo":{"@type":"ImageObject","inLanguage":"fr-FR","@id":"https:\/\/aassdn.org\/amicale\/#\/schema\/logo\/image\/","url":"https:\/\/aassdn.org\/amicale\/wp-content\/uploads\/Logo_AASSDN_transparent2.png","contentUrl":"https:\/\/aassdn.org\/amicale\/wp-content\/uploads\/Logo_AASSDN_transparent2.png","width":1832,"height":1609,"caption":"AASSDN | Anciens et Amis des Services Sp\u00e9ciaux"},"image":{"@id":"https:\/\/aassdn.org\/amicale\/#\/schema\/logo\/image\/"}},{"@type":"Person","@id":"https:\/\/aassdn.org\/amicale\/#\/schema\/person\/8e950b11c74c24df36dc8e172f9451f4","name":"AASSDN","image":{"@type":"ImageObject","inLanguage":"fr-FR","@id":"https:\/\/secure.gravatar.com\/avatar\/fd0b6d50e70e6f0ed2d0d0ed7be3689bc93c931340a70ec36db416b5f0486016?s=96&d=mm&r=g","url":"https:\/\/secure.gravatar.com\/avatar\/fd0b6d50e70e6f0ed2d0d0ed7be3689bc93c931340a70ec36db416b5f0486016?s=96&d=mm&r=g","contentUrl":"https:\/\/secure.gravatar.com\/avatar\/fd0b6d50e70e6f0ed2d0d0ed7be3689bc93c931340a70ec36db416b5f0486016?s=96&d=mm&r=g","caption":"AASSDN"},"url":"https:\/\/aassdn.org\/amicale\/author\/laure-fanjeau\/"}]}},"_links":{"self":[{"href":"https:\/\/aassdn.org\/amicale\/wp-json\/wp\/v2\/posts\/18628","targetHints":{"allow":["GET"]}}],"collection":[{"href":"https:\/\/aassdn.org\/amicale\/wp-json\/wp\/v2\/posts"}],"about":[{"href":"https:\/\/aassdn.org\/amicale\/wp-json\/wp\/v2\/types\/post"}],"author":[{"embeddable":true,"href":"https:\/\/aassdn.org\/amicale\/wp-json\/wp\/v2\/users\/32"}],"replies":[{"embeddable":true,"href":"https:\/\/aassdn.org\/amicale\/wp-json\/wp\/v2\/comments?post=18628"}],"version-history":[{"count":0,"href":"https:\/\/aassdn.org\/amicale\/wp-json\/wp\/v2\/posts\/18628\/revisions"}],"wp:featuredmedia":[{"embeddable":true,"href":"https:\/\/aassdn.org\/amicale\/wp-json\/wp\/v2\/media\/19175"}],"wp:attachment":[{"href":"https:\/\/aassdn.org\/amicale\/wp-json\/wp\/v2\/media?parent=18628"}],"wp:term":[{"taxonomy":"category","embeddable":true,"href":"https:\/\/aassdn.org\/amicale\/wp-json\/wp\/v2\/categories?post=18628"},{"taxonomy":"post_tag","embeddable":true,"href":"https:\/\/aassdn.org\/amicale\/wp-json\/wp\/v2\/tags?post=18628"}],"curies":[{"name":"wp","href":"https:\/\/api.w.org\/{rel}","templated":true}]}}