{"id":18566,"date":"2025-05-02T15:11:08","date_gmt":"2025-05-02T13:11:08","guid":{"rendered":"https:\/\/aassdn.org\/amicale\/?p=18566"},"modified":"2025-10-14T09:45:06","modified_gmt":"2025-10-14T07:45:06","slug":"video-commemoration-de-camerone-a-la-legion-etrangere-a-aubagne","status":"publish","type":"post","link":"https:\/\/aassdn.org\/amicale\/video-commemoration-de-camerone-a-la-legion-etrangere-a-aubagne\/","title":{"rendered":"Vid\u00e9o. Comm\u00e9moration de Camerone \u00e0 la L\u00e9gion \u00e9trang\u00e8re \u00e0 Aubagne."},"content":{"rendered":"\n<p class=\"has-background\" style=\"background-color:#eeeeeeed\"><strong>Commentaire AASSDN<\/strong> : Camerone est, avec No\u00ebl mais dans un autre registre, la grande f\u00eate de la L\u00e9gion \u00e9trang\u00e8re. A Aubagne, lors de la c\u00e9r\u00e9monie annuelle comm\u00e9morant le combat de <strong>Camerone <\/strong>qui s\u2019est d\u00e9roul\u00e9 le 30 avril 1863 au Mexique, et selon un rite immuable, la L\u00e9gion \u00e9trang\u00e8re r\u00e9affirme les deux vertus si exigeantes qui fondent son identit\u00e9 et son excellence\u00a0:<br>&#8211; le caract\u00e8re sacr\u00e9 de la mission\u00a0: C\u2019est son<strong> honneur.<br><\/strong>On ne choisit pas sa mission, on la re\u00e7oit et on la remplit au prix de sa vie si le succ\u00e8s de la mission l\u2019exige. Camerone est l\u2019exemple d\u2019une mission banale parfaitement et h\u00e9ro\u00efquement remplie. Le convoi fran\u00e7ais a pu rejoindre Puebla. En outre, les pertes mexicaines furent s\u00e9v\u00e8res, pr\u00e8s de 10 fois sup\u00e9rieures \u00e0 celles de la L\u00e9gion.<br>&#8211; la <strong>fid\u00e9lit\u00e9<\/strong> \u00e0 la parole donn\u00e9e.<br>Les l\u00e9gionnaires renouvellent le serment de de se battre jusqu\u2019\u00e0 la mort apr\u00e8s celle de leur chef le capitaine Danjou, \u00e0 qui la mission a \u00e9t\u00e9 confi\u00e9e. Servir jusqu\u2019\u00e0 la mort, derri\u00e8re leurs chefs \u00e0 l\u2019instar du Lieutenant-colonel <strong>Dimitri Amilakvari, chef de corps de la 13<sup>e<\/sup> demi-brigade de L\u00e9gion \u00e9trang\u00e8re, \u00a0<\/strong>tu\u00e9 en Libye lors des combats de\u00a0 El-Alamein en octobre 1942 qui d\u00e9clarait\u00a0:<br><em>\u00ab Nous, \u00e9trangers, n\u2019avons qu\u2019une seule fa\u00e7on de prouver \u00e0 la France notre gratitude pour l\u2019accueil qu\u2019elle nous a r\u00e9serv\u00e9 : nous faire tuer pour elle \u00bb<\/em>.<\/p>\n\n\n\n<p class=\"has-text-align-center\">D\u00e9couvrez la vid\u00e9o de la c\u00e9r\u00e9monie comm\u00e9morant la f\u00eate de Camerone \u00e0 la L\u00e9gion \u00e9trang\u00e8re \u00e0 Aubagne<\/p>\n\n\n\n<figure class=\"wp-block-embed aligncenter is-type-video is-provider-youtube wp-block-embed-youtube wp-embed-aspect-16-9 wp-has-aspect-ratio\"><div class=\"wp-block-embed__wrapper\">\n<iframe title=\"Comm\u00e9moration de Camerone \u00e0 la L\u00e9gion \u00e9trang\u00e8re \u00e0 Aubagne.\" width=\"500\" height=\"281\" data-src=\"https:\/\/www.youtube.com\/embed\/MJO6w6ci-hI?feature=oembed\" frameborder=\"0\" allow=\"accelerometer; autoplay; clipboard-write; encrypted-media; gyroscope; picture-in-picture; web-share\" referrerpolicy=\"strict-origin-when-cross-origin\" allowfullscreen src=\"data:image\/svg+xml;base64,PHN2ZyB3aWR0aD0iMSIgaGVpZ2h0PSIxIiB4bWxucz0iaHR0cDovL3d3dy53My5vcmcvMjAwMC9zdmciPjwvc3ZnPg==\" class=\"lazyload\" data-load-mode=\"1\"><\/iframe>\n<\/div><\/figure>\n\n\n\n<p class=\"has-text-align-center\"><strong>Date de mise en ligne :<\/strong> 30\/04\/2025<br><strong>Dur\u00e9e :<\/strong> 01:25:00<br><strong>Compte YouTube : <\/strong><a href=\"https:\/\/www.youtube.com\/watch?v=MJO6w6ci-hI\">Elys\u00e9e<\/a><\/p>\n<div class=\"pdfprnt-buttons pdfprnt-buttons-post pdfprnt-bottom-right\"><a href=\"https:\/\/aassdn.org\/amicale\/wp-json\/wp\/v2\/posts\/18566?print=pdf\" class=\"pdfprnt-button pdfprnt-button-pdf\" target=\"_blank\" ><img decoding=\"async\" data-src=\"https:\/\/aassdn.org\/amicale\/wp-content\/plugins\/pdf-print\/images\/pdf.png\" alt=\"image_pdf\" title=\"Afficher le PDF\" src=\"data:image\/svg+xml;base64,PHN2ZyB3aWR0aD0iMSIgaGVpZ2h0PSIxIiB4bWxucz0iaHR0cDovL3d3dy53My5vcmcvMjAwMC9zdmciPjwvc3ZnPg==\" class=\"lazyload\" style=\"--smush-placeholder-width: 32px; --smush-placeholder-aspect-ratio: 32\/32;\" \/><\/a><a href=\"https:\/\/aassdn.org\/amicale\/wp-json\/wp\/v2\/posts\/18566?print=print\" class=\"pdfprnt-button pdfprnt-button-print\" target=\"_blank\" ><\/a><\/div>","protected":false},"excerpt":{"rendered":"<p>Commentaire AASSDN : Camerone est, avec No\u00ebl mais dans un autre registre, la grande f\u00eate de la L\u00e9gion \u00e9trang\u00e8re. A Aubagne, lors de la c\u00e9r\u00e9monie annuelle comm\u00e9morant le combat de Camerone qui s\u2019est d\u00e9roul\u00e9 le 30 avril 1863 au Mexique, et selon un rite immuable, la L\u00e9gion \u00e9trang\u00e8re r\u00e9affirme les deux vertus si exigeantes qui [&hellip;]<\/p>\n","protected":false},"author":32,"featured_media":18568,"comment_status":"open","ping_status":"closed","sticky":false,"template":"","format":"standard","meta":{"_acf_changed":false,"footnotes":""},"categories":[82,278,96,5641],"tags":[2251,2713,2823,2225,5125,1802,2249,4820,2228,1599,2219,1613,2255,2234,654,3256,4244,4933,2203,3043,2237,2254,2236,4930,3664,3981,4249,4095,3980,4097,4932,2135,4936,1700,2244,937,938,4934,1011,591,2444,3760,2217,2218,2232,2223,2229,4262,792,4935,4030,555,4103,3718,4937,433,1433,382,1380,3433,201,3663],"class_list":["post-18566","post","type-post","status-publish","format-standard","has-post-thumbnail","hentry","category-1800-1900","category-actualites","category-videos-en-ligne","category-videos-historiques","tag-2251","tag-2713","tag-2823","tag-30-avril","tag-30-avril-1863","tag-air","tag-aubagne","tag-b","tag-bataille-de-camerone","tag-cam","tag-camerone","tag-capitaine","tag-capitaine-danj","tag-capitaine-danjou","tag-ceremonie","tag-ceremonie-commemorative","tag-ch","tag-chef","tag-chefs","tag-combat","tag-combat-de-camerone","tag-combats","tag-commemoration","tag-commemoration-de-camerone","tag-compte-youtube","tag-date","tag-date-de-mise-en-ligne","tag-de","tag-duree","tag-e","tag-elysee","tag-excellence","tag-fete","tag-ffi","tag-fidelite","tag-francais","tag-france","tag-gratitude","tag-heroique","tag-honneur","tag-identite","tag-l","tag-legion","tag-legion-etrangere","tag-legionnaire","tag-legionnaires","tag-mexique","tag-mise-en-ligne","tag-mission","tag-noel","tag-r","tag-rangers","tag-re","tag-se","tag-ser","tag-serment","tag-ss","tag-succes","tag-tr","tag-uree","tag-video","tag-youtube"],"acf":[],"yoast_head":"<!-- This site is optimized with the Yoast SEO plugin v27.4 - https:\/\/yoast.com\/product\/yoast-seo-wordpress\/ -->\n<title>Vid\u00e9o. Comm\u00e9moration de Camerone \u00e0 la L\u00e9gion \u00e9trang\u00e8re \u00e0 Aubagne. | AASSDN | Anciens et Amis des Services Sp\u00e9ciaux<\/title>\n<meta name=\"robots\" content=\"index, follow, max-snippet:-1, max-image-preview:large, max-video-preview:-1\" \/>\n<link rel=\"canonical\" href=\"https:\/\/aassdn.org\/amicale\/video-commemoration-de-camerone-a-la-legion-etrangere-a-aubagne\/\" \/>\n<meta property=\"og:locale\" content=\"fr_FR\" \/>\n<meta property=\"og:type\" content=\"article\" \/>\n<meta property=\"og:title\" content=\"Vid\u00e9o. Comm\u00e9moration de Camerone \u00e0 la L\u00e9gion \u00e9trang\u00e8re \u00e0 Aubagne. | AASSDN | Anciens et Amis des Services Sp\u00e9ciaux\" \/>\n<meta property=\"og:description\" content=\"Commentaire AASSDN : Camerone est, avec No\u00ebl mais dans un autre registre, la grande f\u00eate de la L\u00e9gion \u00e9trang\u00e8re. A Aubagne, lors de la c\u00e9r\u00e9monie annuelle comm\u00e9morant le combat de Camerone qui s\u2019est d\u00e9roul\u00e9 le 30 avril 1863 au Mexique, et selon un rite immuable, la L\u00e9gion \u00e9trang\u00e8re r\u00e9affirme les deux vertus si exigeantes qui [&hellip;]\" \/>\n<meta property=\"og:url\" content=\"https:\/\/aassdn.org\/amicale\/video-commemoration-de-camerone-a-la-legion-etrangere-a-aubagne\/\" \/>\n<meta property=\"og:site_name\" content=\"AASSDN | Anciens et Amis des Services Sp\u00e9ciaux\" \/>\n<meta property=\"article:published_time\" content=\"2025-05-02T13:11:08+00:00\" \/>\n<meta property=\"article:modified_time\" content=\"2025-10-14T07:45:06+00:00\" \/>\n<meta property=\"og:image\" content=\"https:\/\/aassdn.org\/amicale\/wp-content\/uploads\/bandeau-aassdn-legion-etrangere-elysee-25.jpg\" \/>\n\t<meta property=\"og:image:width\" content=\"733\" \/>\n\t<meta property=\"og:image:height\" content=\"410\" \/>\n\t<meta property=\"og:image:type\" content=\"image\/jpeg\" \/>\n<meta name=\"author\" content=\"AASSDN\" \/>\n<meta name=\"twitter:card\" content=\"summary_large_image\" \/>\n<meta name=\"twitter:label1\" content=\"\u00c9crit par\" \/>\n\t<meta name=\"twitter:data1\" content=\"AASSDN\" \/>\n\t<meta name=\"twitter:label2\" content=\"Dur\u00e9e de lecture estim\u00e9e\" \/>\n\t<meta name=\"twitter:data2\" content=\"2 minutes\" \/>\n<script type=\"application\/ld+json\" class=\"yoast-schema-graph\">{\"@context\":\"https:\\\/\\\/schema.org\",\"@graph\":[{\"@type\":\"Article\",\"@id\":\"https:\\\/\\\/aassdn.org\\\/amicale\\\/video-commemoration-de-camerone-a-la-legion-etrangere-a-aubagne\\\/#article\",\"isPartOf\":{\"@id\":\"https:\\\/\\\/aassdn.org\\\/amicale\\\/video-commemoration-de-camerone-a-la-legion-etrangere-a-aubagne\\\/\"},\"author\":{\"name\":\"AASSDN\",\"@id\":\"https:\\\/\\\/aassdn.org\\\/amicale\\\/#\\\/schema\\\/person\\\/8e950b11c74c24df36dc8e172f9451f4\"},\"headline\":\"Vid\u00e9o. Comm\u00e9moration de Camerone \u00e0 la L\u00e9gion \u00e9trang\u00e8re \u00e0 Aubagne.\",\"datePublished\":\"2025-05-02T13:11:08+00:00\",\"dateModified\":\"2025-10-14T07:45:06+00:00\",\"mainEntityOfPage\":{\"@id\":\"https:\\\/\\\/aassdn.org\\\/amicale\\\/video-commemoration-de-camerone-a-la-legion-etrangere-a-aubagne\\\/\"},\"wordCount\":312,\"commentCount\":0,\"publisher\":{\"@id\":\"https:\\\/\\\/aassdn.org\\\/amicale\\\/#organization\"},\"image\":{\"@id\":\"https:\\\/\\\/aassdn.org\\\/amicale\\\/video-commemoration-de-camerone-a-la-legion-etrangere-a-aubagne\\\/#primaryimage\"},\"thumbnailUrl\":\"https:\\\/\\\/aassdn.org\\\/amicale\\\/wp-content\\\/uploads\\\/bandeau-aassdn-legion-etrangere-elysee-25.jpg\",\"keywords\":[\"1863\",\"1945\",\"1963\",\"30 avril\",\"30 avril 1863\",\"Air\",\"Aubagne\",\"b\",\"Bataille de Camerone\",\"Cam\",\"Camerone\",\"Capitaine\",\"Capitaine Danj\",\"Capitaine Danjou\",\"c\u00e9r\u00e9monie\",\"c\u00e9r\u00e9monie comm\u00e9morative\",\"Ch\",\"chef\",\"chefs\",\"combat\",\"combat de Camerone\",\"Combats\",\"comm\u00e9moration\",\"Comm\u00e9moration de Camerone\",\"Compte YouTube\",\"Date\",\"Date de mise en ligne\",\"D\u00e9\",\"Dur\u00e9e\",\"\u00e9\",\"Elys\u00e9e\",\"excellence\",\"f\u00eate\",\"FFI\",\"fid\u00e9lit\u00e9\",\"fran\u00e7ais\",\"France\",\"gratitude\",\"h\u00e9ro\u00efque\",\"honneur\",\"identit\u00e9\",\"l\",\"L\u00e9gion\",\"L\u00e9gion \u00e9trang\u00e8re\",\"l\u00e9gionnaire\",\"L\u00e9gionnaires\",\"Mexique\",\"mise en ligne\",\"mission\",\"No\u00ebl\",\"R\",\"rangers\",\"r\u00e9\",\"S\u00e9\",\"ser\",\"serment\",\"SS\",\"succ\u00e8s\",\"TR\",\"ur\u00e9e\",\"video\",\"YouTube\"],\"articleSection\":[\"1800-1900\",\"Actualit\u00e9s\",\"Videos en ligne\",\"Videos historiques\"],\"inLanguage\":\"fr-FR\",\"potentialAction\":[{\"@type\":\"CommentAction\",\"name\":\"Comment\",\"target\":[\"https:\\\/\\\/aassdn.org\\\/amicale\\\/video-commemoration-de-camerone-a-la-legion-etrangere-a-aubagne\\\/#respond\"]}]},{\"@type\":\"WebPage\",\"@id\":\"https:\\\/\\\/aassdn.org\\\/amicale\\\/video-commemoration-de-camerone-a-la-legion-etrangere-a-aubagne\\\/\",\"url\":\"https:\\\/\\\/aassdn.org\\\/amicale\\\/video-commemoration-de-camerone-a-la-legion-etrangere-a-aubagne\\\/\",\"name\":\"Vid\u00e9o. Comm\u00e9moration de Camerone \u00e0 la L\u00e9gion \u00e9trang\u00e8re \u00e0 Aubagne. | AASSDN | Anciens et Amis des Services Sp\u00e9ciaux\",\"isPartOf\":{\"@id\":\"https:\\\/\\\/aassdn.org\\\/amicale\\\/#website\"},\"primaryImageOfPage\":{\"@id\":\"https:\\\/\\\/aassdn.org\\\/amicale\\\/video-commemoration-de-camerone-a-la-legion-etrangere-a-aubagne\\\/#primaryimage\"},\"image\":{\"@id\":\"https:\\\/\\\/aassdn.org\\\/amicale\\\/video-commemoration-de-camerone-a-la-legion-etrangere-a-aubagne\\\/#primaryimage\"},\"thumbnailUrl\":\"https:\\\/\\\/aassdn.org\\\/amicale\\\/wp-content\\\/uploads\\\/bandeau-aassdn-legion-etrangere-elysee-25.jpg\",\"datePublished\":\"2025-05-02T13:11:08+00:00\",\"dateModified\":\"2025-10-14T07:45:06+00:00\",\"breadcrumb\":{\"@id\":\"https:\\\/\\\/aassdn.org\\\/amicale\\\/video-commemoration-de-camerone-a-la-legion-etrangere-a-aubagne\\\/#breadcrumb\"},\"inLanguage\":\"fr-FR\",\"potentialAction\":[{\"@type\":\"ReadAction\",\"target\":[\"https:\\\/\\\/aassdn.org\\\/amicale\\\/video-commemoration-de-camerone-a-la-legion-etrangere-a-aubagne\\\/\"]}]},{\"@type\":\"ImageObject\",\"inLanguage\":\"fr-FR\",\"@id\":\"https:\\\/\\\/aassdn.org\\\/amicale\\\/video-commemoration-de-camerone-a-la-legion-etrangere-a-aubagne\\\/#primaryimage\",\"url\":\"https:\\\/\\\/aassdn.org\\\/amicale\\\/wp-content\\\/uploads\\\/bandeau-aassdn-legion-etrangere-elysee-25.jpg\",\"contentUrl\":\"https:\\\/\\\/aassdn.org\\\/amicale\\\/wp-content\\\/uploads\\\/bandeau-aassdn-legion-etrangere-elysee-25.jpg\",\"width\":733,\"height\":410},{\"@type\":\"BreadcrumbList\",\"@id\":\"https:\\\/\\\/aassdn.org\\\/amicale\\\/video-commemoration-de-camerone-a-la-legion-etrangere-a-aubagne\\\/#breadcrumb\",\"itemListElement\":[{\"@type\":\"ListItem\",\"position\":1,\"name\":\"Accueil\",\"item\":\"https:\\\/\\\/aassdn.org\\\/amicale\\\/\"},{\"@type\":\"ListItem\",\"position\":2,\"name\":\"Vid\u00e9o. Comm\u00e9moration de Camerone \u00e0 la L\u00e9gion \u00e9trang\u00e8re \u00e0 Aubagne.\"}]},{\"@type\":\"WebSite\",\"@id\":\"https:\\\/\\\/aassdn.org\\\/amicale\\\/#website\",\"url\":\"https:\\\/\\\/aassdn.org\\\/amicale\\\/\",\"name\":\"AASSDN | Anciens et Amis des Services Sp\u00e9ciaux\",\"description\":\"Services sp\u00e9ciaux : Des h\u00e9ros anonymes au service exclusif de la France\",\"publisher\":{\"@id\":\"https:\\\/\\\/aassdn.org\\\/amicale\\\/#organization\"},\"potentialAction\":[{\"@type\":\"SearchAction\",\"target\":{\"@type\":\"EntryPoint\",\"urlTemplate\":\"https:\\\/\\\/aassdn.org\\\/amicale\\\/?s={search_term_string}\"},\"query-input\":{\"@type\":\"PropertyValueSpecification\",\"valueRequired\":true,\"valueName\":\"search_term_string\"}}],\"inLanguage\":\"fr-FR\"},{\"@type\":\"Organization\",\"@id\":\"https:\\\/\\\/aassdn.org\\\/amicale\\\/#organization\",\"name\":\"AASSDN | Anciens et Amis des Services Sp\u00e9ciaux\",\"url\":\"https:\\\/\\\/aassdn.org\\\/amicale\\\/\",\"logo\":{\"@type\":\"ImageObject\",\"inLanguage\":\"fr-FR\",\"@id\":\"https:\\\/\\\/aassdn.org\\\/amicale\\\/#\\\/schema\\\/logo\\\/image\\\/\",\"url\":\"https:\\\/\\\/aassdn.org\\\/amicale\\\/wp-content\\\/uploads\\\/Logo_AASSDN_transparent2.png\",\"contentUrl\":\"https:\\\/\\\/aassdn.org\\\/amicale\\\/wp-content\\\/uploads\\\/Logo_AASSDN_transparent2.png\",\"width\":1832,\"height\":1609,\"caption\":\"AASSDN | Anciens et Amis des Services Sp\u00e9ciaux\"},\"image\":{\"@id\":\"https:\\\/\\\/aassdn.org\\\/amicale\\\/#\\\/schema\\\/logo\\\/image\\\/\"}},{\"@type\":\"Person\",\"@id\":\"https:\\\/\\\/aassdn.org\\\/amicale\\\/#\\\/schema\\\/person\\\/8e950b11c74c24df36dc8e172f9451f4\",\"name\":\"AASSDN\",\"image\":{\"@type\":\"ImageObject\",\"inLanguage\":\"fr-FR\",\"@id\":\"https:\\\/\\\/secure.gravatar.com\\\/avatar\\\/fd0b6d50e70e6f0ed2d0d0ed7be3689bc93c931340a70ec36db416b5f0486016?s=96&d=mm&r=g\",\"url\":\"https:\\\/\\\/secure.gravatar.com\\\/avatar\\\/fd0b6d50e70e6f0ed2d0d0ed7be3689bc93c931340a70ec36db416b5f0486016?s=96&d=mm&r=g\",\"contentUrl\":\"https:\\\/\\\/secure.gravatar.com\\\/avatar\\\/fd0b6d50e70e6f0ed2d0d0ed7be3689bc93c931340a70ec36db416b5f0486016?s=96&d=mm&r=g\",\"caption\":\"AASSDN\"},\"url\":\"https:\\\/\\\/aassdn.org\\\/amicale\\\/author\\\/laure-fanjeau\\\/\"}]}<\/script>\n<!-- \/ Yoast SEO plugin. -->","yoast_head_json":{"title":"Vid\u00e9o. Comm\u00e9moration de Camerone \u00e0 la L\u00e9gion \u00e9trang\u00e8re \u00e0 Aubagne. | AASSDN | Anciens et Amis des Services Sp\u00e9ciaux","robots":{"index":"index","follow":"follow","max-snippet":"max-snippet:-1","max-image-preview":"max-image-preview:large","max-video-preview":"max-video-preview:-1"},"canonical":"https:\/\/aassdn.org\/amicale\/video-commemoration-de-camerone-a-la-legion-etrangere-a-aubagne\/","og_locale":"fr_FR","og_type":"article","og_title":"Vid\u00e9o. Comm\u00e9moration de Camerone \u00e0 la L\u00e9gion \u00e9trang\u00e8re \u00e0 Aubagne. | AASSDN | Anciens et Amis des Services Sp\u00e9ciaux","og_description":"Commentaire AASSDN : Camerone est, avec No\u00ebl mais dans un autre registre, la grande f\u00eate de la L\u00e9gion \u00e9trang\u00e8re. A Aubagne, lors de la c\u00e9r\u00e9monie annuelle comm\u00e9morant le combat de Camerone qui s\u2019est d\u00e9roul\u00e9 le 30 avril 1863 au Mexique, et selon un rite immuable, la L\u00e9gion \u00e9trang\u00e8re r\u00e9affirme les deux vertus si exigeantes qui [&hellip;]","og_url":"https:\/\/aassdn.org\/amicale\/video-commemoration-de-camerone-a-la-legion-etrangere-a-aubagne\/","og_site_name":"AASSDN | Anciens et Amis des Services Sp\u00e9ciaux","article_published_time":"2025-05-02T13:11:08+00:00","article_modified_time":"2025-10-14T07:45:06+00:00","og_image":[{"width":733,"height":410,"url":"https:\/\/aassdn.org\/amicale\/wp-content\/uploads\/bandeau-aassdn-legion-etrangere-elysee-25.jpg","type":"image\/jpeg"}],"author":"AASSDN","twitter_card":"summary_large_image","twitter_misc":{"\u00c9crit par":"AASSDN","Dur\u00e9e de lecture estim\u00e9e":"2 minutes"},"schema":{"@context":"https:\/\/schema.org","@graph":[{"@type":"Article","@id":"https:\/\/aassdn.org\/amicale\/video-commemoration-de-camerone-a-la-legion-etrangere-a-aubagne\/#article","isPartOf":{"@id":"https:\/\/aassdn.org\/amicale\/video-commemoration-de-camerone-a-la-legion-etrangere-a-aubagne\/"},"author":{"name":"AASSDN","@id":"https:\/\/aassdn.org\/amicale\/#\/schema\/person\/8e950b11c74c24df36dc8e172f9451f4"},"headline":"Vid\u00e9o. Comm\u00e9moration de Camerone \u00e0 la L\u00e9gion \u00e9trang\u00e8re \u00e0 Aubagne.","datePublished":"2025-05-02T13:11:08+00:00","dateModified":"2025-10-14T07:45:06+00:00","mainEntityOfPage":{"@id":"https:\/\/aassdn.org\/amicale\/video-commemoration-de-camerone-a-la-legion-etrangere-a-aubagne\/"},"wordCount":312,"commentCount":0,"publisher":{"@id":"https:\/\/aassdn.org\/amicale\/#organization"},"image":{"@id":"https:\/\/aassdn.org\/amicale\/video-commemoration-de-camerone-a-la-legion-etrangere-a-aubagne\/#primaryimage"},"thumbnailUrl":"https:\/\/aassdn.org\/amicale\/wp-content\/uploads\/bandeau-aassdn-legion-etrangere-elysee-25.jpg","keywords":["1863","1945","1963","30 avril","30 avril 1863","Air","Aubagne","b","Bataille de Camerone","Cam","Camerone","Capitaine","Capitaine Danj","Capitaine Danjou","c\u00e9r\u00e9monie","c\u00e9r\u00e9monie comm\u00e9morative","Ch","chef","chefs","combat","combat de Camerone","Combats","comm\u00e9moration","Comm\u00e9moration de Camerone","Compte YouTube","Date","Date de mise en ligne","D\u00e9","Dur\u00e9e","\u00e9","Elys\u00e9e","excellence","f\u00eate","FFI","fid\u00e9lit\u00e9","fran\u00e7ais","France","gratitude","h\u00e9ro\u00efque","honneur","identit\u00e9","l","L\u00e9gion","L\u00e9gion \u00e9trang\u00e8re","l\u00e9gionnaire","L\u00e9gionnaires","Mexique","mise en ligne","mission","No\u00ebl","R","rangers","r\u00e9","S\u00e9","ser","serment","SS","succ\u00e8s","TR","ur\u00e9e","video","YouTube"],"articleSection":["1800-1900","Actualit\u00e9s","Videos en ligne","Videos historiques"],"inLanguage":"fr-FR","potentialAction":[{"@type":"CommentAction","name":"Comment","target":["https:\/\/aassdn.org\/amicale\/video-commemoration-de-camerone-a-la-legion-etrangere-a-aubagne\/#respond"]}]},{"@type":"WebPage","@id":"https:\/\/aassdn.org\/amicale\/video-commemoration-de-camerone-a-la-legion-etrangere-a-aubagne\/","url":"https:\/\/aassdn.org\/amicale\/video-commemoration-de-camerone-a-la-legion-etrangere-a-aubagne\/","name":"Vid\u00e9o. Comm\u00e9moration de Camerone \u00e0 la L\u00e9gion \u00e9trang\u00e8re \u00e0 Aubagne. | AASSDN | Anciens et Amis des Services Sp\u00e9ciaux","isPartOf":{"@id":"https:\/\/aassdn.org\/amicale\/#website"},"primaryImageOfPage":{"@id":"https:\/\/aassdn.org\/amicale\/video-commemoration-de-camerone-a-la-legion-etrangere-a-aubagne\/#primaryimage"},"image":{"@id":"https:\/\/aassdn.org\/amicale\/video-commemoration-de-camerone-a-la-legion-etrangere-a-aubagne\/#primaryimage"},"thumbnailUrl":"https:\/\/aassdn.org\/amicale\/wp-content\/uploads\/bandeau-aassdn-legion-etrangere-elysee-25.jpg","datePublished":"2025-05-02T13:11:08+00:00","dateModified":"2025-10-14T07:45:06+00:00","breadcrumb":{"@id":"https:\/\/aassdn.org\/amicale\/video-commemoration-de-camerone-a-la-legion-etrangere-a-aubagne\/#breadcrumb"},"inLanguage":"fr-FR","potentialAction":[{"@type":"ReadAction","target":["https:\/\/aassdn.org\/amicale\/video-commemoration-de-camerone-a-la-legion-etrangere-a-aubagne\/"]}]},{"@type":"ImageObject","inLanguage":"fr-FR","@id":"https:\/\/aassdn.org\/amicale\/video-commemoration-de-camerone-a-la-legion-etrangere-a-aubagne\/#primaryimage","url":"https:\/\/aassdn.org\/amicale\/wp-content\/uploads\/bandeau-aassdn-legion-etrangere-elysee-25.jpg","contentUrl":"https:\/\/aassdn.org\/amicale\/wp-content\/uploads\/bandeau-aassdn-legion-etrangere-elysee-25.jpg","width":733,"height":410},{"@type":"BreadcrumbList","@id":"https:\/\/aassdn.org\/amicale\/video-commemoration-de-camerone-a-la-legion-etrangere-a-aubagne\/#breadcrumb","itemListElement":[{"@type":"ListItem","position":1,"name":"Accueil","item":"https:\/\/aassdn.org\/amicale\/"},{"@type":"ListItem","position":2,"name":"Vid\u00e9o. Comm\u00e9moration de Camerone \u00e0 la L\u00e9gion \u00e9trang\u00e8re \u00e0 Aubagne."}]},{"@type":"WebSite","@id":"https:\/\/aassdn.org\/amicale\/#website","url":"https:\/\/aassdn.org\/amicale\/","name":"AASSDN | Anciens et Amis des Services Sp\u00e9ciaux","description":"Services sp\u00e9ciaux : Des h\u00e9ros anonymes au service exclusif de la France","publisher":{"@id":"https:\/\/aassdn.org\/amicale\/#organization"},"potentialAction":[{"@type":"SearchAction","target":{"@type":"EntryPoint","urlTemplate":"https:\/\/aassdn.org\/amicale\/?s={search_term_string}"},"query-input":{"@type":"PropertyValueSpecification","valueRequired":true,"valueName":"search_term_string"}}],"inLanguage":"fr-FR"},{"@type":"Organization","@id":"https:\/\/aassdn.org\/amicale\/#organization","name":"AASSDN | Anciens et Amis des Services Sp\u00e9ciaux","url":"https:\/\/aassdn.org\/amicale\/","logo":{"@type":"ImageObject","inLanguage":"fr-FR","@id":"https:\/\/aassdn.org\/amicale\/#\/schema\/logo\/image\/","url":"https:\/\/aassdn.org\/amicale\/wp-content\/uploads\/Logo_AASSDN_transparent2.png","contentUrl":"https:\/\/aassdn.org\/amicale\/wp-content\/uploads\/Logo_AASSDN_transparent2.png","width":1832,"height":1609,"caption":"AASSDN | Anciens et Amis des Services Sp\u00e9ciaux"},"image":{"@id":"https:\/\/aassdn.org\/amicale\/#\/schema\/logo\/image\/"}},{"@type":"Person","@id":"https:\/\/aassdn.org\/amicale\/#\/schema\/person\/8e950b11c74c24df36dc8e172f9451f4","name":"AASSDN","image":{"@type":"ImageObject","inLanguage":"fr-FR","@id":"https:\/\/secure.gravatar.com\/avatar\/fd0b6d50e70e6f0ed2d0d0ed7be3689bc93c931340a70ec36db416b5f0486016?s=96&d=mm&r=g","url":"https:\/\/secure.gravatar.com\/avatar\/fd0b6d50e70e6f0ed2d0d0ed7be3689bc93c931340a70ec36db416b5f0486016?s=96&d=mm&r=g","contentUrl":"https:\/\/secure.gravatar.com\/avatar\/fd0b6d50e70e6f0ed2d0d0ed7be3689bc93c931340a70ec36db416b5f0486016?s=96&d=mm&r=g","caption":"AASSDN"},"url":"https:\/\/aassdn.org\/amicale\/author\/laure-fanjeau\/"}]}},"_links":{"self":[{"href":"https:\/\/aassdn.org\/amicale\/wp-json\/wp\/v2\/posts\/18566","targetHints":{"allow":["GET"]}}],"collection":[{"href":"https:\/\/aassdn.org\/amicale\/wp-json\/wp\/v2\/posts"}],"about":[{"href":"https:\/\/aassdn.org\/amicale\/wp-json\/wp\/v2\/types\/post"}],"author":[{"embeddable":true,"href":"https:\/\/aassdn.org\/amicale\/wp-json\/wp\/v2\/users\/32"}],"replies":[{"embeddable":true,"href":"https:\/\/aassdn.org\/amicale\/wp-json\/wp\/v2\/comments?post=18566"}],"version-history":[{"count":0,"href":"https:\/\/aassdn.org\/amicale\/wp-json\/wp\/v2\/posts\/18566\/revisions"}],"wp:featuredmedia":[{"embeddable":true,"href":"https:\/\/aassdn.org\/amicale\/wp-json\/wp\/v2\/media\/18568"}],"wp:attachment":[{"href":"https:\/\/aassdn.org\/amicale\/wp-json\/wp\/v2\/media?parent=18566"}],"wp:term":[{"taxonomy":"category","embeddable":true,"href":"https:\/\/aassdn.org\/amicale\/wp-json\/wp\/v2\/categories?post=18566"},{"taxonomy":"post_tag","embeddable":true,"href":"https:\/\/aassdn.org\/amicale\/wp-json\/wp\/v2\/tags?post=18566"}],"curies":[{"name":"wp","href":"https:\/\/api.w.org\/{rel}","templated":true}]}}