{"id":18251,"date":"2025-04-16T20:15:07","date_gmt":"2025-04-16T18:15:07","guid":{"rendered":"https:\/\/aassdn.org\/amicale\/?p=18251"},"modified":"2025-04-18T21:53:15","modified_gmt":"2025-04-18T19:53:15","slug":"production-semi-conducteurs-leurope-peut-elle-regagner-du-terrain","status":"publish","type":"post","link":"https:\/\/aassdn.org\/amicale\/production-semi-conducteurs-leurope-peut-elle-regagner-du-terrain\/","title":{"rendered":"Semi-conducteurs : L\u2019Europe peut-elle regagner du terrain\u00a0?"},"content":{"rendered":"\n<p><strong>Face \u00e0 sa d\u00e9pendance \u00e0 l\u2019Asie et aux \u00c9tats-Unis pour les semi-conducteurs, l\u2019Europe mise sur le Chips Act et des projets comme FAMES pour renforcer sa souverainet\u00e9, en capitalisant sur ses atouts en innovation, edge AI, et production sp\u00e9cialis\u00e9e. Malgr\u00e9 des ambitions \u00e9lev\u00e9es, elle se concentre sur le maintien de sa position strat\u00e9gique et la pr\u00e9paration des technologies cl\u00e9s de demain dans un march\u00e9 mondial toujours tr\u00e8s polaris\u00e9.<\/strong><\/p>\n\n\n\n<ul class=\"wp-block-list\">\n<li>Contre sa d\u00e9pendance \u00e0 l\u2019Asie et aux \u00c9tats-Unis sur le march\u00e9 des semi-conducteurs \u00e9lectroniques, l\u2019Europe a lanc\u00e9 le <em>Chips Act.<\/em><\/li>\n\n\n\n<li>L\u2019Europe repr\u00e9sente un peu moins de 10 % de la production mondiale de semi-conducteurs, gr\u00e2ce \u00e0 des industriels comme le fran\u00e7ais STMicroelectronics.<\/li>\n\n\n\n<li>Pour maintenir sa position, l\u2019Europe doit investir dans ses points forts : l\u2019innovation technologique, la production, les enjeux environnementaux&#8230;<\/li>\n\n\n\n<li>L\u2019Europe peut valoriser ses atouts dans <em>l&#8217;edge AI<\/em>, l\u2019intelligence artificielle g\u00e9r\u00e9e sur des p\u00e9riph\u00e9riques tels que les smartphones, objets connect\u00e9s, etc.<\/li>\n\n\n\n<li>Le projet <em>FAMES<\/em>, port\u00e9 par la Commission europ\u00e9enne et la France, repr\u00e9sente aujourd\u2019hui un investissement de 830 millions d\u2019euros dans le secteur.<\/li>\n<\/ul>\n\n\n\n<p>625 milliards de dollars : c\u2019est le poids du march\u00e9 mondial des composants \u00e9lectroniques en 2024. \u00c0 l\u2019occasion de la pand\u00e9mie de Covid 21 et de la p\u00e9nurie de puces qui en avait r\u00e9sult\u00e9, l\u2019Europe red\u00e9couvrait sa d\u00e9pendance vis-\u00e0-vis de l\u2019Asie et des \u00c9tats-Unis. Pour tenter de limiter cette d\u00e9pendance, l\u2019Union europ\u00e9enne annon\u00e7ait en f\u00e9vrier 2022 le lancement du <em>CHIPS and Science Act<\/em>, qui visait \u00e0 stimuler la production europ\u00e9enne. Quelque 3 ans plus tard, comment se porte le secteur en Europe ? Nous faisons le point avec S\u00e9bastien Dauv\u00e9, directeur du CEA-Leti, qui vient de lancer \u00e0 Grenoble la ligne-pilote FAMES, financ\u00e9e par l\u2019Union europ\u00e9enne et la France.<\/p>\n\n\n\n<p><strong>Comment se porte le march\u00e9 de la micro\u00e9lectronique aujourd\u2019hui ?<\/strong><\/p>\n\n\n\n<p><strong>S\u00e9bastien Dauv\u00e9.<\/strong> En recul en 2023, le march\u00e9 est en croissance depuis 2024, mais cette croissance cache une \u00e9volution \u00e0 deux vitesses. Le secteur des semi-conducteurs matures, comme les microcontr\u00f4leurs, qui ont fait d\u00e9faut \u00e0 l\u2019industrie et au secteur automobile en 2022\u20132023, s\u2019av\u00e8re aujourd\u2019hui satur\u00e9. En parall\u00e8le, nous connaissons une explosion du march\u00e9 des composants \u00e0 n\u0153uds tr\u00e8s avanc\u00e9s (moins de 5 nm), stimul\u00e9e par une tr\u00e8s forte demande de puces destin\u00e9es aux <em>data centers<\/em> et aux applications d\u2019intelligence artificielle : processeurs graphiques (GPU) et m\u00e9moire \u00e0 large bande passante (HBM). Les investissements dans ces domaines d\u00e9fient l\u2019entendement : le ta\u00efwanais TSMC a, par exemple, annonc\u00e9 investir 100 milliards de dollars aux \u00c9tats-Unis pour les quatre ans \u00e0&nbsp;venir.<\/p>\n\n\n\n<p><strong>\u00c0 l\u2019occasion de la p\u00e9nurie, nous avions red\u00e9couvert que le march\u00e9 des composants \u00e9lectroniques \u00e9tait \u00e0 la fois tr\u00e8s mondialis\u00e9 et tr\u00e8s polaris\u00e9, les principaux acteurs se situant en Asie et aux \u00c9tats-Unis. Cette structuration a\u2011t-elle \u00e9volu\u00e9&nbsp;?<\/strong><\/p>\n\n\n\n<p>Les investissements \u00e0 consentir pour d\u00e9ployer de nouveaux moyens industriels sont tels qu\u2019on ne peut imaginer une \u00e9volution majeure \u00e0 court terme. Il reste donc aujourd\u2019hui encore marqu\u00e9 par une tr\u00e8s forte interd\u00e9pendance au niveau mondial : un composant peut ainsi \u00eatre con\u00e7u sur un continent et produit sur un deuxi\u00e8me, alors que les mati\u00e8res premi\u00e8res sont fournies par un troisi\u00e8me. Les \u00c9tats-Unis, par exemple, excellent dans la conception des circuits int\u00e9gr\u00e9s. Le Japon a pris la t\u00eate sur la production de <em>wafers<\/em> (les galettes de semi-conducteurs sur lesquelles sont imprim\u00e9s les composants \u00e9lectroniques) et les gaz de process, la Chine est incontournable pour l\u2019approvisionnement en terres rares. Ta\u00efwan et la Cor\u00e9e du Sud, par le biais des fonderies TSMC et Samsung, dominent la production des puces \u2013 TSMC est m\u00eame le seul \u00e0 ma\u00eetriser les n\u0153uds les plus avanc\u00e9s (2&nbsp;nm), tr\u00e8s innovants et aujourd\u2019hui tr\u00e8s demand\u00e9s.<\/p>\n\n\n\n<p><strong>Dans ce paysage, quelle est la place de l\u2019Europe ?<\/strong><\/p>\n\n\n\n<p>L\u2019Europe repr\u00e9sente un peu moins de 10&nbsp;% de la production globale de semi-conducteurs, gr\u00e2ce \u00e0 des industriels comme le fran\u00e7ais STMicroelectronics, qui se classe autour du 10<sup>\u00e8me<\/sup> rang mondial. Si elle ne dispose pas de capacit\u00e9 de production des n\u0153uds avanc\u00e9s, elle est plut\u00f4t bien positionn\u00e9e sur la conception et la production des composants dits <em>\u00ab&nbsp;More than Moore <\/em>\u00bb, constitu\u00e9s de capteurs, d\u2019imageurs, de composants de puissance et t\u00e9l\u00e9com, ou encore de microcontr\u00f4leurs. Cette classe trouve des applications dans divers secteurs d\u2019activit\u00e9, comme l\u2019automobile, l\u2019industrie, la d\u00e9fense ou la sant\u00e9. Le continent dispose aussi de quasi-monopoles dans des domaines sp\u00e9cifiques : le n\u00e9erlandais ASML est ainsi par exemple le seul acteur \u00e0 ma\u00eetriser la fabrication des \u00e9quipements de lithographie avanc\u00e9e EUV, essentiels aux fonderies.<\/p>\n\n\n\n\n\n<p>L\u2019Europe b\u00e9n\u00e9ficie enfin d\u2019une recherche active et d\u2019importantes capacit\u00e9s d\u2019innovation, notamment au travers de ses RTO (<em>Research and Technology Organisations<\/em>, parmi lesquelles le CEA-Leti, l\u2019Imec belge, le Fraunhofer allemand, le VTT finlandais, etc.), un mod\u00e8le unique d\u2019organisation, capable de mener une innovation de la recherche la plus en amont jusqu\u2019\u00e0 la pr\u00e9-industrialisation.<\/p>\n\n\n\n<p><strong>Le <em>Chips Act<\/em> ambitionnait de doubler la part de la contribution europ\u00e9enne \u00e0 la production mondiale d\u2019ici \u00e0 2030, en la faisant passer \u00e0 20&nbsp;%. Dans le contexte actuel, cela vous semble-t-il r\u00e9aliste&nbsp;?<\/strong><\/p>\n\n\n\n<p>Nous savions que cet objectif \u00e9tait tr\u00e8s ambitieux\u2026 Je dirais qu\u2019\u00e0 court et moyen terme il s\u2019agit plut\u00f4t de maintenir notre place sur le march\u00e9 actuel et de conserver notre souverainet\u00e9 sur les d\u00e9veloppements les plus strat\u00e9giques lorsque nous en avons les moyens : notamment ceux qui touchent la d\u00e9fense, la cybers\u00e9curit\u00e9 mais aussi le calcul quantique, sur lequel l\u2019Europe avance bien.&nbsp;<\/p>\n\n\n\n<p><strong>La strat\u00e9gie europ\u00e9enne visait \u00e9galement \u00e0 accueillir des usines Intel, en Allemagne et en Pologne, mais le g\u00e9ant am\u00e9ricain a suspendu le projet en septembre dernier, tout en poursuivant son expansion industrielle aux \u00c9tats-Unis\u2026&nbsp;<\/strong><\/p>\n\n\n\n<p>C\u2019est en effet une mauvaise nouvelle pour l\u2019Europe, car nous aurions int\u00e9r\u00eat \u00e0 avoir plus d\u2019acteurs install\u00e9s. En micro\u00e9lectronique, la notion d\u2019\u00e9cosyst\u00e8me est tr\u00e8s importante. Nous avons la chance \u00e0 Grenoble d\u2019avoir un \u00e9cosyst\u00e8me qui atteint la taille critique, r\u00e9unissant toute la cha\u00eene de valeur, de la start-up au grand groupe, et c\u2019est pr\u00e9cieux.<\/p>\n\n\n\n<p><strong>Comment maintenir notre place dans un contexte international de plus en plus agressif \u00e9conomiquement et tendant au protectionnisme national&nbsp;?<\/strong><\/p>\n\n\n\n<p>Nous devons continuer d\u2019investir sur nos points forts, de l\u2019innovation technologique \u00e0 la production, mais aussi renforcer les liens entre le semi-conducteur et les domaines applicatifs souverains pour l\u2019Europe (industrie, automobile, sant\u00e9\u2026) qui ont d\u00e9sormais pris pleine conscience de l\u2019importance des composants.<\/p>\n\n\n\n<p>L\u2019Europe est \u00e9galement en avance sur la prise en consid\u00e9ration des enjeux environnementaux et \u00e9nerg\u00e9tiques&nbsp;: ces deux contraintes constituent des opportunit\u00e9s d\u2019innovation importantes. Le CEA porte par exemple le projet europ\u00e9en GENESIS, r\u00e9unissant 50 partenaires, qui vise \u00e0 acc\u00e9l\u00e9rer l\u2019\u00e9co-innovation sur les proc\u00e9d\u00e9s de fabrication des semi-conducteurs. Nous avons aussi l\u2019ambition de r\u00e9duire d\u2019un facteur 1000 la consommation des composants d\u2019ici&nbsp;2032.<\/p>\n\n\n\n<p>Mais surtout, il ne faut pas oublier que le march\u00e9 de la micro\u00e9lectronique est par nature cyclique : ce qui est vrai aujourd\u2019hui ne le sera pas forc\u00e9ment demain.<\/p>\n\n\n\n<p><strong>Quelles \u00e9volutions pr\u00e9voyez-vous&nbsp;?<\/strong><\/p>\n\n\n\n<p>Une tendance forte \u00e9merge sur laquelle l\u2019Europe pourrait faire valoir ses atouts : l\u2019<em>edge AI<\/em>, l\u2019intelligence artificielle g\u00e9r\u00e9e non pas dans des centres de donn\u00e9es, mais sur des p\u00e9riph\u00e9riques, smartphones, objets connect\u00e9s, bo\u00eetiers industriels\u2026 Ces applications embarqu\u00e9es requi\u00e8rent des \u00e9lectroniques \u00e0 la fois tr\u00e8s peu gourmandes en \u00e9nergie et capables de r\u00e9aliser la phase d\u2019inf\u00e9rence, voire la phase d\u2019apprentissage, en local. Or, traditionnellement, les unit\u00e9s d\u00e9di\u00e9es au calcul et celles d\u00e9di\u00e9es \u00e0 la m\u00e9moire sont s\u00e9par\u00e9es sur les puces : 80 et 90&nbsp;% de l\u2019\u00e9nergie est consomm\u00e9e dans la transmission des donn\u00e9es entre les deux. L\u2019<em>edge AI<\/em> n\u00e9cessitera donc des innovations en mati\u00e8re d\u2019architecture \u00e9lectronique, sur lesquelles l\u2019Europe a une place \u00e0 prendre. Elle sera de plus tr\u00e8s li\u00e9e aux capteurs, qui sont une force de l\u2019Europe.<\/p>\n\n\n\n<p><strong>Le CEA-Leti a \u00e9t\u00e9 s\u00e9lectionn\u00e9 pour porter l\u2019une des trois lignes pilotes pr\u00e9vues par le <em>Chips Act, FAMES<\/em>, situ\u00e9e \u00e0 Grenoble. De quels moyens est-elle dot\u00e9e&nbsp;?<\/strong><\/p>\n\n\n\n<p><em>FAMES <\/em>nous permet de construire 2 000&nbsp;m\u00b2 de salles blanches suppl\u00e9mentaires et d\u2019acqu\u00e9rir une centaine de nouveaux \u00e9quipements de type industriel, repr\u00e9sentant un investissement de 830 millions d\u2019euros, port\u00e9 \u00e0 la fois par la Commission europ\u00e9enne et l\u2019\u00c9tat fran\u00e7ais. Elle est entr\u00e9e en service op\u00e9rationnel en ce d\u00e9but d\u2019ann\u00e9e. Nous avons parfaitement tenu le calendrier pr\u00e9vu, qui \u00e9tait tr\u00e8s serr\u00e9. C\u2019est important \u00e0 souligner : lorsqu\u2019on conna\u00eet l\u2019Asie, on sait que l\u2019ex\u00e9cution op\u00e9rationnelle y est redoutable. Preuve est faite que nous sommes capables de faire aussi&nbsp;bien.&nbsp;<\/p>\n\n\n\n<p><strong>Quels sont les objectifs de&nbsp;<em>FAMES&nbsp;<\/em>?<\/strong><\/p>\n\n\n\n<p>Sa premi\u00e8re vocation consistera \u00e0 pr\u00e9parer les technologies FD-SOI pour des n\u0153uds de 10, voire 7 nm. Cette technologie est aujourd\u2019hui produite par <em>GlobalFoundries<\/em> et STMicroelectronics, respectivement en 22 et 18 nm. Le march\u00e9 vis\u00e9 reste modeste \u00e0 l\u2019\u00e9chelle mondiale, mais c\u2019est une solution particuli\u00e8rement int\u00e9ressante pour les applications embarqu\u00e9es qui recherchent la frugalit\u00e9. Mais FAMES doit aussi nous permettre de pr\u00e9parer \u00ab le coup d\u2019apr\u00e8s \u00bb pour les industriels europ\u00e9ens, en acc\u00e9l\u00e9rant le d\u00e9veloppement d\u2019autres technologies jug\u00e9es cl\u00e9s pour les 5\u201310 ans \u00e0 venir : les m\u00e9moires embarqu\u00e9es non volatiles, qui joueront un r\u00f4le essentiel pour les usages d\u2019IA nomades \u00e9voqu\u00e9es plus haut, les composants radiofr\u00e9quences, qui soutiendront le passage aux applications 6G, ou encore sur l\u2019int\u00e9gration h\u00e9t\u00e9rog\u00e8ne 3D, qui exploitera l\u2019empilement pour int\u00e9grer de nouvelles fonctionnalit\u00e9s sur une seule et m\u00eame puce. Il faut ajouter que nous participerons aux autres lignes pilotes pr\u00e9vues par le<em> Chips&nbsp;Act.<\/em><\/p>\n\n\n\n<p>Ces lignes pilote visent \u00e0 pr\u00e9parer \u00e0 court, moyen et long terme l\u2019avenir industriel de l\u2019Europe dans le champ des semi-conducteurs. On parle parfois de difficult\u00e9s \u00e0 collaborer au niveau europ\u00e9en : c\u2019est loin d\u2019\u00eatre le cas dans le domaine de la micro\u00e9lectronique. Nous travaillons en \u00e9troite collaboration, tirant le meilleur parti de nos compl\u00e9mentarit\u00e9s, afin de r\u00e9pondre efficacement \u00e0 l\u2019urgence strat\u00e9gique \u00e0 laquelle nous faisons face.<\/p>\n\n\n\n<p class=\"has-text-align-right\"><a href=\"https:\/\/www.polytechnique-insights.com\/contributeurs\/sebastien-dauve\/\"><strong>S\u00e9bastien DAUVE<\/strong><\/a><br>PDG du CEA-Leti<br>Propos recueillis par Anne ORLIAC<br><a href=\"https:\/\/www.polytechnique-insights.com\/tribunes\/industrie\/semi-conducteurs-leurope-peut-elle-regagner-du-terrain\">Site internet de l&#8217;\u00e9cole Polytechnique<\/a> <br>02 avril 2025<\/p>\n\n\n\n<p><\/p>\n<div class=\"pdfprnt-buttons pdfprnt-buttons-post pdfprnt-bottom-right\"><a href=\"https:\/\/aassdn.org\/amicale\/wp-json\/wp\/v2\/posts\/18251?print=pdf\" class=\"pdfprnt-button pdfprnt-button-pdf\" target=\"_blank\" ><img decoding=\"async\" data-src=\"https:\/\/aassdn.org\/amicale\/wp-content\/plugins\/pdf-print\/images\/pdf.png\" alt=\"image_pdf\" title=\"Afficher le PDF\" src=\"data:image\/svg+xml;base64,PHN2ZyB3aWR0aD0iMSIgaGVpZ2h0PSIxIiB4bWxucz0iaHR0cDovL3d3dy53My5vcmcvMjAwMC9zdmciPjwvc3ZnPg==\" class=\"lazyload\" style=\"--smush-placeholder-width: 32px; --smush-placeholder-aspect-ratio: 32\/32;\" \/><\/a><a href=\"https:\/\/aassdn.org\/amicale\/wp-json\/wp\/v2\/posts\/18251?print=print\" class=\"pdfprnt-button pdfprnt-button-print\" target=\"_blank\" ><\/a><\/div>","protected":false},"excerpt":{"rendered":"<p>Face \u00e0 sa d\u00e9pendance \u00e0 l\u2019Asie et aux \u00c9tats-Unis pour les semi-conducteurs, l\u2019Europe mise sur le Chips Act et des projets comme FAMES pour renforcer sa souverainet\u00e9, en capitalisant sur ses atouts en innovation, edge AI, et production sp\u00e9cialis\u00e9e. Malgr\u00e9 des ambitions \u00e9lev\u00e9es, elle se concentre sur le maintien de sa position strat\u00e9gique et la [&hellip;]<\/p>\n","protected":false},"author":32,"featured_media":18253,"comment_status":"open","ping_status":"closed","sticky":false,"template":"","format":"standard","meta":{"_acf_changed":false,"footnotes":""},"categories":[288,278],"tags":[1331,1802,293,360,3962,367,1887,334,4771,695,4782,4774,4781,307,4791,4773,505,347,275,2171,607,1507,328,1700,937,938,1120,4772,1886,2160,3031,2178,2512,4822,2164,339,1668,4793,4780,792,713,4823,374,4825,770,3849,4792,2083,973,4794,4770,1353,4733,1884,1433,1318,296,1116,1890,4824,1380,1590,915],"class_list":["post-18251","post","type-post","status-publish","format-standard","has-post-thumbnail","hentry","category-2020-2030","category-actualites","tag-acteurs","tag-air","tag-allemagne","tag-allemands","tag-asie","tag-avion","tag-capacite","tag-capacites","tag-chips-act","tag-collaboration","tag-covid","tag-covid-21","tag-data-centers","tag-defense","tag-edge","tag-enjeux-environnementaux","tag-etats","tag-etats-unis","tag-europe","tag-evolution","tag-execution","tag-exploit","tag-fabrication","tag-ffi","tag-francais","tag-france","tag-groupe","tag-icroelectronics","tag-industrie","tag-innovation","tag-innovation-technologique","tag-intelligence-artificielle","tag-investissements","tag-marche","tag-marche-mondial","tag-memoire","tag-memoires","tag-microelectronics","tag-microelectronique","tag-mission","tag-organisation","tag-pandemie","tag-pilote","tag-polar","tag-pologne","tag-production","tag-production-specialisee","tag-puissance","tag-representant","tag-science-act","tag-semi-conducteurs","tag-somme","tag-sous-traitance-electronique","tag-souverainete","tag-ss","tag-strategie","tag-strategique","tag-technique","tag-technologie","tag-technologies-cles","tag-tr","tag-train","tag-vision"],"acf":[],"yoast_head":"<!-- This site is optimized with the Yoast SEO plugin v27.4 - https:\/\/yoast.com\/product\/yoast-seo-wordpress\/ -->\n<title>Semi-conducteurs : l\u2019Europe peut-elle regagner du terrain\u00a0?<\/title>\n<meta name=\"description\" content=\"625 milliards de dollars : c\u2019est le poids du march\u00e9 mondial des composants \u00e9lectroniques en 2024.\" \/>\n<meta name=\"robots\" content=\"index, follow, max-snippet:-1, max-image-preview:large, max-video-preview:-1\" \/>\n<link rel=\"canonical\" href=\"https:\/\/aassdn.org\/amicale\/production-semi-conducteurs-leurope-peut-elle-regagner-du-terrain\/\" \/>\n<meta property=\"og:locale\" content=\"fr_FR\" \/>\n<meta property=\"og:type\" content=\"article\" \/>\n<meta property=\"og:title\" content=\"Semi-conducteurs : l\u2019Europe peut-elle regagner du terrain\u00a0?\" \/>\n<meta property=\"og:description\" content=\"625 milliards de dollars : c\u2019est le poids du march\u00e9 mondial des composants \u00e9lectroniques en 2024.\" \/>\n<meta property=\"og:url\" content=\"https:\/\/aassdn.org\/amicale\/production-semi-conducteurs-leurope-peut-elle-regagner-du-terrain\/\" \/>\n<meta property=\"og:site_name\" content=\"AASSDN | Anciens et Amis des Services Sp\u00e9ciaux\" \/>\n<meta property=\"article:published_time\" content=\"2025-04-16T18:15:07+00:00\" \/>\n<meta property=\"article:modified_time\" content=\"2025-04-18T19:53:15+00:00\" \/>\n<meta property=\"og:image\" content=\"https:\/\/aassdn.org\/amicale\/wp-content\/uploads\/processor-8785385_1280.jpg\" \/>\n\t<meta property=\"og:image:width\" content=\"1280\" \/>\n\t<meta property=\"og:image:height\" content=\"960\" \/>\n\t<meta property=\"og:image:type\" content=\"image\/jpeg\" \/>\n<meta name=\"author\" content=\"AASSDN\" \/>\n<meta name=\"twitter:card\" content=\"summary_large_image\" \/>\n<meta name=\"twitter:label1\" content=\"\u00c9crit par\" \/>\n\t<meta name=\"twitter:data1\" content=\"AASSDN\" \/>\n\t<meta name=\"twitter:label2\" content=\"Dur\u00e9e de lecture estim\u00e9e\" \/>\n\t<meta name=\"twitter:data2\" content=\"9 minutes\" \/>\n<script type=\"application\/ld+json\" class=\"yoast-schema-graph\">{\"@context\":\"https:\\\/\\\/schema.org\",\"@graph\":[{\"@type\":\"Article\",\"@id\":\"https:\\\/\\\/aassdn.org\\\/amicale\\\/production-semi-conducteurs-leurope-peut-elle-regagner-du-terrain\\\/#article\",\"isPartOf\":{\"@id\":\"https:\\\/\\\/aassdn.org\\\/amicale\\\/production-semi-conducteurs-leurope-peut-elle-regagner-du-terrain\\\/\"},\"author\":{\"name\":\"AASSDN\",\"@id\":\"https:\\\/\\\/aassdn.org\\\/amicale\\\/#\\\/schema\\\/person\\\/8e950b11c74c24df36dc8e172f9451f4\"},\"headline\":\"Semi-conducteurs : L\u2019Europe peut-elle regagner du terrain\u00a0?\",\"datePublished\":\"2025-04-16T18:15:07+00:00\",\"dateModified\":\"2025-04-18T19:53:15+00:00\",\"mainEntityOfPage\":{\"@id\":\"https:\\\/\\\/aassdn.org\\\/amicale\\\/production-semi-conducteurs-leurope-peut-elle-regagner-du-terrain\\\/\"},\"wordCount\":1839,\"commentCount\":0,\"publisher\":{\"@id\":\"https:\\\/\\\/aassdn.org\\\/amicale\\\/#organization\"},\"image\":{\"@id\":\"https:\\\/\\\/aassdn.org\\\/amicale\\\/production-semi-conducteurs-leurope-peut-elle-regagner-du-terrain\\\/#primaryimage\"},\"thumbnailUrl\":\"https:\\\/\\\/aassdn.org\\\/amicale\\\/wp-content\\\/uploads\\\/processor-8785385_1280.jpg\",\"keywords\":[\"Acteurs\",\"Air\",\"Allemagne\",\"Allemands\",\"Asie\",\"avion\",\"capacit\u00e9\",\"capacit\u00e9s\",\"Chips Act\",\"collaboration\",\"Covid\",\"Covid 21\",\"data centers\",\"d\u00e9fense\",\"edge\",\"enjeux environnementaux\",\"\u00c9tats\",\"\u00c9tats-Unis\",\"Europe\",\"\u00e9volution\",\"ex\u00e9cution\",\"exploit\",\"fabrication\",\"FFI\",\"fran\u00e7ais\",\"France\",\"groupe\",\"icroelectronics\",\"industrie\",\"Innovation\",\"innovation technologique,\",\"intelligence artificielle\",\"investissements\",\"march\u00e9\",\"March\u00e9 mondial\",\"m\u00e9moire\",\"M\u00e9moires\",\"microelectronics\",\"micro\u00e9lectronique\",\"mission\",\"organisation\",\"pand\u00e9mie\",\"Pilote\",\"polar\",\"Pologne\",\"production\",\"production sp\u00e9cialis\u00e9e\",\"puissance\",\"repr\u00e9sentant\",\"Science Act\",\"Semi-conducteurs\",\"Somme\",\"Sous-traitance \u00e9lectronique\",\"souverainet\u00e9\",\"SS\",\"strat\u00e9gie\",\"strat\u00e9gique\",\"technique\",\"technologie\",\"technologies cl\u00e9s\",\"TR\",\"train\",\"vision\"],\"articleSection\":[\"2020-2030\",\"Actualit\u00e9s\"],\"inLanguage\":\"fr-FR\",\"potentialAction\":[{\"@type\":\"CommentAction\",\"name\":\"Comment\",\"target\":[\"https:\\\/\\\/aassdn.org\\\/amicale\\\/production-semi-conducteurs-leurope-peut-elle-regagner-du-terrain\\\/#respond\"]}]},{\"@type\":\"WebPage\",\"@id\":\"https:\\\/\\\/aassdn.org\\\/amicale\\\/production-semi-conducteurs-leurope-peut-elle-regagner-du-terrain\\\/\",\"url\":\"https:\\\/\\\/aassdn.org\\\/amicale\\\/production-semi-conducteurs-leurope-peut-elle-regagner-du-terrain\\\/\",\"name\":\"Semi-conducteurs : l\u2019Europe peut-elle regagner du terrain\u00a0?\",\"isPartOf\":{\"@id\":\"https:\\\/\\\/aassdn.org\\\/amicale\\\/#website\"},\"primaryImageOfPage\":{\"@id\":\"https:\\\/\\\/aassdn.org\\\/amicale\\\/production-semi-conducteurs-leurope-peut-elle-regagner-du-terrain\\\/#primaryimage\"},\"image\":{\"@id\":\"https:\\\/\\\/aassdn.org\\\/amicale\\\/production-semi-conducteurs-leurope-peut-elle-regagner-du-terrain\\\/#primaryimage\"},\"thumbnailUrl\":\"https:\\\/\\\/aassdn.org\\\/amicale\\\/wp-content\\\/uploads\\\/processor-8785385_1280.jpg\",\"datePublished\":\"2025-04-16T18:15:07+00:00\",\"dateModified\":\"2025-04-18T19:53:15+00:00\",\"description\":\"625 milliards de dollars : c\u2019est le poids du march\u00e9 mondial des composants \u00e9lectroniques en 2024.\",\"breadcrumb\":{\"@id\":\"https:\\\/\\\/aassdn.org\\\/amicale\\\/production-semi-conducteurs-leurope-peut-elle-regagner-du-terrain\\\/#breadcrumb\"},\"inLanguage\":\"fr-FR\",\"potentialAction\":[{\"@type\":\"ReadAction\",\"target\":[\"https:\\\/\\\/aassdn.org\\\/amicale\\\/production-semi-conducteurs-leurope-peut-elle-regagner-du-terrain\\\/\"]}]},{\"@type\":\"ImageObject\",\"inLanguage\":\"fr-FR\",\"@id\":\"https:\\\/\\\/aassdn.org\\\/amicale\\\/production-semi-conducteurs-leurope-peut-elle-regagner-du-terrain\\\/#primaryimage\",\"url\":\"https:\\\/\\\/aassdn.org\\\/amicale\\\/wp-content\\\/uploads\\\/processor-8785385_1280.jpg\",\"contentUrl\":\"https:\\\/\\\/aassdn.org\\\/amicale\\\/wp-content\\\/uploads\\\/processor-8785385_1280.jpg\",\"width\":1280,\"height\":960},{\"@type\":\"BreadcrumbList\",\"@id\":\"https:\\\/\\\/aassdn.org\\\/amicale\\\/production-semi-conducteurs-leurope-peut-elle-regagner-du-terrain\\\/#breadcrumb\",\"itemListElement\":[{\"@type\":\"ListItem\",\"position\":1,\"name\":\"Accueil\",\"item\":\"https:\\\/\\\/aassdn.org\\\/amicale\\\/\"},{\"@type\":\"ListItem\",\"position\":2,\"name\":\"Semi-conducteurs : L\u2019Europe peut-elle regagner du terrain\u00a0?\"}]},{\"@type\":\"WebSite\",\"@id\":\"https:\\\/\\\/aassdn.org\\\/amicale\\\/#website\",\"url\":\"https:\\\/\\\/aassdn.org\\\/amicale\\\/\",\"name\":\"AASSDN | Anciens et Amis des Services Sp\u00e9ciaux\",\"description\":\"Services sp\u00e9ciaux : Des h\u00e9ros anonymes au service exclusif de la France\",\"publisher\":{\"@id\":\"https:\\\/\\\/aassdn.org\\\/amicale\\\/#organization\"},\"potentialAction\":[{\"@type\":\"SearchAction\",\"target\":{\"@type\":\"EntryPoint\",\"urlTemplate\":\"https:\\\/\\\/aassdn.org\\\/amicale\\\/?s={search_term_string}\"},\"query-input\":{\"@type\":\"PropertyValueSpecification\",\"valueRequired\":true,\"valueName\":\"search_term_string\"}}],\"inLanguage\":\"fr-FR\"},{\"@type\":\"Organization\",\"@id\":\"https:\\\/\\\/aassdn.org\\\/amicale\\\/#organization\",\"name\":\"AASSDN | Anciens et Amis des Services Sp\u00e9ciaux\",\"url\":\"https:\\\/\\\/aassdn.org\\\/amicale\\\/\",\"logo\":{\"@type\":\"ImageObject\",\"inLanguage\":\"fr-FR\",\"@id\":\"https:\\\/\\\/aassdn.org\\\/amicale\\\/#\\\/schema\\\/logo\\\/image\\\/\",\"url\":\"https:\\\/\\\/aassdn.org\\\/amicale\\\/wp-content\\\/uploads\\\/Logo_AASSDN_transparent2.png\",\"contentUrl\":\"https:\\\/\\\/aassdn.org\\\/amicale\\\/wp-content\\\/uploads\\\/Logo_AASSDN_transparent2.png\",\"width\":1832,\"height\":1609,\"caption\":\"AASSDN | Anciens et Amis des Services Sp\u00e9ciaux\"},\"image\":{\"@id\":\"https:\\\/\\\/aassdn.org\\\/amicale\\\/#\\\/schema\\\/logo\\\/image\\\/\"}},{\"@type\":\"Person\",\"@id\":\"https:\\\/\\\/aassdn.org\\\/amicale\\\/#\\\/schema\\\/person\\\/8e950b11c74c24df36dc8e172f9451f4\",\"name\":\"AASSDN\",\"image\":{\"@type\":\"ImageObject\",\"inLanguage\":\"fr-FR\",\"@id\":\"https:\\\/\\\/secure.gravatar.com\\\/avatar\\\/fd0b6d50e70e6f0ed2d0d0ed7be3689bc93c931340a70ec36db416b5f0486016?s=96&d=mm&r=g\",\"url\":\"https:\\\/\\\/secure.gravatar.com\\\/avatar\\\/fd0b6d50e70e6f0ed2d0d0ed7be3689bc93c931340a70ec36db416b5f0486016?s=96&d=mm&r=g\",\"contentUrl\":\"https:\\\/\\\/secure.gravatar.com\\\/avatar\\\/fd0b6d50e70e6f0ed2d0d0ed7be3689bc93c931340a70ec36db416b5f0486016?s=96&d=mm&r=g\",\"caption\":\"AASSDN\"},\"url\":\"https:\\\/\\\/aassdn.org\\\/amicale\\\/author\\\/laure-fanjeau\\\/\"}]}<\/script>\n<!-- \/ Yoast SEO plugin. -->","yoast_head_json":{"title":"Semi-conducteurs : l\u2019Europe peut-elle regagner du terrain\u00a0?","description":"625 milliards de dollars : c\u2019est le poids du march\u00e9 mondial des composants \u00e9lectroniques en 2024.","robots":{"index":"index","follow":"follow","max-snippet":"max-snippet:-1","max-image-preview":"max-image-preview:large","max-video-preview":"max-video-preview:-1"},"canonical":"https:\/\/aassdn.org\/amicale\/production-semi-conducteurs-leurope-peut-elle-regagner-du-terrain\/","og_locale":"fr_FR","og_type":"article","og_title":"Semi-conducteurs : l\u2019Europe peut-elle regagner du terrain\u00a0?","og_description":"625 milliards de dollars : c\u2019est le poids du march\u00e9 mondial des composants \u00e9lectroniques en 2024.","og_url":"https:\/\/aassdn.org\/amicale\/production-semi-conducteurs-leurope-peut-elle-regagner-du-terrain\/","og_site_name":"AASSDN | Anciens et Amis des Services Sp\u00e9ciaux","article_published_time":"2025-04-16T18:15:07+00:00","article_modified_time":"2025-04-18T19:53:15+00:00","og_image":[{"width":1280,"height":960,"url":"https:\/\/aassdn.org\/amicale\/wp-content\/uploads\/processor-8785385_1280.jpg","type":"image\/jpeg"}],"author":"AASSDN","twitter_card":"summary_large_image","twitter_misc":{"\u00c9crit par":"AASSDN","Dur\u00e9e de lecture estim\u00e9e":"9 minutes"},"schema":{"@context":"https:\/\/schema.org","@graph":[{"@type":"Article","@id":"https:\/\/aassdn.org\/amicale\/production-semi-conducteurs-leurope-peut-elle-regagner-du-terrain\/#article","isPartOf":{"@id":"https:\/\/aassdn.org\/amicale\/production-semi-conducteurs-leurope-peut-elle-regagner-du-terrain\/"},"author":{"name":"AASSDN","@id":"https:\/\/aassdn.org\/amicale\/#\/schema\/person\/8e950b11c74c24df36dc8e172f9451f4"},"headline":"Semi-conducteurs : L\u2019Europe peut-elle regagner du terrain\u00a0?","datePublished":"2025-04-16T18:15:07+00:00","dateModified":"2025-04-18T19:53:15+00:00","mainEntityOfPage":{"@id":"https:\/\/aassdn.org\/amicale\/production-semi-conducteurs-leurope-peut-elle-regagner-du-terrain\/"},"wordCount":1839,"commentCount":0,"publisher":{"@id":"https:\/\/aassdn.org\/amicale\/#organization"},"image":{"@id":"https:\/\/aassdn.org\/amicale\/production-semi-conducteurs-leurope-peut-elle-regagner-du-terrain\/#primaryimage"},"thumbnailUrl":"https:\/\/aassdn.org\/amicale\/wp-content\/uploads\/processor-8785385_1280.jpg","keywords":["Acteurs","Air","Allemagne","Allemands","Asie","avion","capacit\u00e9","capacit\u00e9s","Chips Act","collaboration","Covid","Covid 21","data centers","d\u00e9fense","edge","enjeux environnementaux","\u00c9tats","\u00c9tats-Unis","Europe","\u00e9volution","ex\u00e9cution","exploit","fabrication","FFI","fran\u00e7ais","France","groupe","icroelectronics","industrie","Innovation","innovation technologique,","intelligence artificielle","investissements","march\u00e9","March\u00e9 mondial","m\u00e9moire","M\u00e9moires","microelectronics","micro\u00e9lectronique","mission","organisation","pand\u00e9mie","Pilote","polar","Pologne","production","production sp\u00e9cialis\u00e9e","puissance","repr\u00e9sentant","Science Act","Semi-conducteurs","Somme","Sous-traitance \u00e9lectronique","souverainet\u00e9","SS","strat\u00e9gie","strat\u00e9gique","technique","technologie","technologies cl\u00e9s","TR","train","vision"],"articleSection":["2020-2030","Actualit\u00e9s"],"inLanguage":"fr-FR","potentialAction":[{"@type":"CommentAction","name":"Comment","target":["https:\/\/aassdn.org\/amicale\/production-semi-conducteurs-leurope-peut-elle-regagner-du-terrain\/#respond"]}]},{"@type":"WebPage","@id":"https:\/\/aassdn.org\/amicale\/production-semi-conducteurs-leurope-peut-elle-regagner-du-terrain\/","url":"https:\/\/aassdn.org\/amicale\/production-semi-conducteurs-leurope-peut-elle-regagner-du-terrain\/","name":"Semi-conducteurs : l\u2019Europe peut-elle regagner du terrain\u00a0?","isPartOf":{"@id":"https:\/\/aassdn.org\/amicale\/#website"},"primaryImageOfPage":{"@id":"https:\/\/aassdn.org\/amicale\/production-semi-conducteurs-leurope-peut-elle-regagner-du-terrain\/#primaryimage"},"image":{"@id":"https:\/\/aassdn.org\/amicale\/production-semi-conducteurs-leurope-peut-elle-regagner-du-terrain\/#primaryimage"},"thumbnailUrl":"https:\/\/aassdn.org\/amicale\/wp-content\/uploads\/processor-8785385_1280.jpg","datePublished":"2025-04-16T18:15:07+00:00","dateModified":"2025-04-18T19:53:15+00:00","description":"625 milliards de dollars : c\u2019est le poids du march\u00e9 mondial des composants \u00e9lectroniques en 2024.","breadcrumb":{"@id":"https:\/\/aassdn.org\/amicale\/production-semi-conducteurs-leurope-peut-elle-regagner-du-terrain\/#breadcrumb"},"inLanguage":"fr-FR","potentialAction":[{"@type":"ReadAction","target":["https:\/\/aassdn.org\/amicale\/production-semi-conducteurs-leurope-peut-elle-regagner-du-terrain\/"]}]},{"@type":"ImageObject","inLanguage":"fr-FR","@id":"https:\/\/aassdn.org\/amicale\/production-semi-conducteurs-leurope-peut-elle-regagner-du-terrain\/#primaryimage","url":"https:\/\/aassdn.org\/amicale\/wp-content\/uploads\/processor-8785385_1280.jpg","contentUrl":"https:\/\/aassdn.org\/amicale\/wp-content\/uploads\/processor-8785385_1280.jpg","width":1280,"height":960},{"@type":"BreadcrumbList","@id":"https:\/\/aassdn.org\/amicale\/production-semi-conducteurs-leurope-peut-elle-regagner-du-terrain\/#breadcrumb","itemListElement":[{"@type":"ListItem","position":1,"name":"Accueil","item":"https:\/\/aassdn.org\/amicale\/"},{"@type":"ListItem","position":2,"name":"Semi-conducteurs : L\u2019Europe peut-elle regagner du terrain\u00a0?"}]},{"@type":"WebSite","@id":"https:\/\/aassdn.org\/amicale\/#website","url":"https:\/\/aassdn.org\/amicale\/","name":"AASSDN | Anciens et Amis des Services Sp\u00e9ciaux","description":"Services sp\u00e9ciaux : Des h\u00e9ros anonymes au service exclusif de la France","publisher":{"@id":"https:\/\/aassdn.org\/amicale\/#organization"},"potentialAction":[{"@type":"SearchAction","target":{"@type":"EntryPoint","urlTemplate":"https:\/\/aassdn.org\/amicale\/?s={search_term_string}"},"query-input":{"@type":"PropertyValueSpecification","valueRequired":true,"valueName":"search_term_string"}}],"inLanguage":"fr-FR"},{"@type":"Organization","@id":"https:\/\/aassdn.org\/amicale\/#organization","name":"AASSDN | Anciens et Amis des Services Sp\u00e9ciaux","url":"https:\/\/aassdn.org\/amicale\/","logo":{"@type":"ImageObject","inLanguage":"fr-FR","@id":"https:\/\/aassdn.org\/amicale\/#\/schema\/logo\/image\/","url":"https:\/\/aassdn.org\/amicale\/wp-content\/uploads\/Logo_AASSDN_transparent2.png","contentUrl":"https:\/\/aassdn.org\/amicale\/wp-content\/uploads\/Logo_AASSDN_transparent2.png","width":1832,"height":1609,"caption":"AASSDN | Anciens et Amis des Services Sp\u00e9ciaux"},"image":{"@id":"https:\/\/aassdn.org\/amicale\/#\/schema\/logo\/image\/"}},{"@type":"Person","@id":"https:\/\/aassdn.org\/amicale\/#\/schema\/person\/8e950b11c74c24df36dc8e172f9451f4","name":"AASSDN","image":{"@type":"ImageObject","inLanguage":"fr-FR","@id":"https:\/\/secure.gravatar.com\/avatar\/fd0b6d50e70e6f0ed2d0d0ed7be3689bc93c931340a70ec36db416b5f0486016?s=96&d=mm&r=g","url":"https:\/\/secure.gravatar.com\/avatar\/fd0b6d50e70e6f0ed2d0d0ed7be3689bc93c931340a70ec36db416b5f0486016?s=96&d=mm&r=g","contentUrl":"https:\/\/secure.gravatar.com\/avatar\/fd0b6d50e70e6f0ed2d0d0ed7be3689bc93c931340a70ec36db416b5f0486016?s=96&d=mm&r=g","caption":"AASSDN"},"url":"https:\/\/aassdn.org\/amicale\/author\/laure-fanjeau\/"}]}},"_links":{"self":[{"href":"https:\/\/aassdn.org\/amicale\/wp-json\/wp\/v2\/posts\/18251","targetHints":{"allow":["GET"]}}],"collection":[{"href":"https:\/\/aassdn.org\/amicale\/wp-json\/wp\/v2\/posts"}],"about":[{"href":"https:\/\/aassdn.org\/amicale\/wp-json\/wp\/v2\/types\/post"}],"author":[{"embeddable":true,"href":"https:\/\/aassdn.org\/amicale\/wp-json\/wp\/v2\/users\/32"}],"replies":[{"embeddable":true,"href":"https:\/\/aassdn.org\/amicale\/wp-json\/wp\/v2\/comments?post=18251"}],"version-history":[{"count":0,"href":"https:\/\/aassdn.org\/amicale\/wp-json\/wp\/v2\/posts\/18251\/revisions"}],"wp:featuredmedia":[{"embeddable":true,"href":"https:\/\/aassdn.org\/amicale\/wp-json\/wp\/v2\/media\/18253"}],"wp:attachment":[{"href":"https:\/\/aassdn.org\/amicale\/wp-json\/wp\/v2\/media?parent=18251"}],"wp:term":[{"taxonomy":"category","embeddable":true,"href":"https:\/\/aassdn.org\/amicale\/wp-json\/wp\/v2\/categories?post=18251"},{"taxonomy":"post_tag","embeddable":true,"href":"https:\/\/aassdn.org\/amicale\/wp-json\/wp\/v2\/tags?post=18251"}],"curies":[{"name":"wp","href":"https:\/\/api.w.org\/{rel}","templated":true}]}}