{"id":17309,"date":"2025-01-22T11:56:53","date_gmt":"2025-01-22T10:56:53","guid":{"rendered":"https:\/\/aassdn.org\/amicale\/?p=17309"},"modified":"2025-01-22T12:04:29","modified_gmt":"2025-01-22T11:04:29","slug":"le-groenland-fait-il-partie-de-l-union-europeenne","status":"publish","type":"post","link":"https:\/\/aassdn.org\/amicale\/le-groenland-fait-il-partie-de-l-union-europeenne\/","title":{"rendered":"Culture g\u00e9ostrat\u00e9gique : Le Groenland fait-il partie de l\u2019Union europ\u00e9enne\u00a0?"},"content":{"rendered":"\n<p><strong><br><\/strong><\/p>\n\n\n\n<p><\/p>\n\n\n\n<p>Situ\u00e9e entre l\u2019Atlantique nord et l\u2019Arctique, la plus grande \u00eele du monde fait l\u2019objet de convoitises. Autonome mais constitutive du royaume du Danemark, elle n\u2019est pas \u00e0 proprement parler un territoire de l\u2019UE. En revanche, les Groenlandais sont bien des citoyens europ\u00e9ens.<br>C\u2019est un territoire grand comme quatre fois celui de la France m\u00e9tropolitaine, mais peupl\u00e9 de seulement 55&nbsp;000 \u00e2mes et recouvert \u00e0 85&nbsp;% de glace. C\u2019est le territoire le moins dens\u00e9ment peupl\u00e9 de la plan\u00e8te, avec 0,03 habitant par km2. &nbsp;<br>A premi\u00e8re vue, le Groenland ne semble pas particuli\u00e8rement attrayant. Pourtant, la plus grande \u00eele du monde fait aujourd\u2019hui l\u2019objet de nombreuses convoitises, notamment de la part du futur pr\u00e9sident des Etats-Unis.<\/p>\n\n\n\n<p>D\u00e9but janvier 2025, lors d\u2019une conf\u00e9rence de presse, Donald Trump a refus\u00e9 d\u2019exclure une annexion militaire du territoire. Le milliardaire am\u00e9ricain, qui retrouvera la Maison-Blanche le 20 janvier 2025, voit dans&nbsp;<em>\u201cla propri\u00e9t\u00e9 et le contr\u00f4le du Groenland\u201d<\/em>&nbsp;par les \u00c9tats-Unis une&nbsp;<em>\u201cn\u00e9cessit\u00e9 absolue\u201d<\/em>. En 2019 d\u00e9j\u00e0, il avait \u00e9voqu\u00e9 l\u2019id\u00e9e d\u2019acheter ce territoire, suscitant une fin de non-recevoir de la part des autorit\u00e9s danoises, dont le Groenland est un pays constitutif. Quelques-uns de ses pr\u00e9d\u00e9cesseurs avaient essuy\u00e9 le m\u00eame refus, en 1867, en 1910 ou encore en&nbsp;1947.&nbsp;<\/p>\n\n\n\n<p><\/p>\n\n\n\n<p class=\"has-medium-font-size\"><strong>Quel est le statut du Groenland&nbsp;?<\/strong><\/p>\n\n\n\n<p>Le Groenland a connu de nombreux changements de statut depuis la seconde moiti\u00e9 du XXe si\u00e8cle. L\u2019ancienne colonie danoise a acc\u00e9d\u00e9 au statut de communaut\u00e9 autonome constitutive du royaume du Danemark en 1979. Elle a alors acquis des comp\u00e9tences en mati\u00e8re de fiscalit\u00e9, d\u2019\u00e9conomie ou d\u2019\u00e9ducation, puis de police ou encore de justice \u00e0 partir de&nbsp;2009.<\/p>\n\n\n\n<p>Le territoire reste n\u00e9anmoins soumis \u00e0 la Constitution et \u00e0 la Cour supr\u00eame du Danemark, le pays scandinave conservant des pr\u00e9rogatives importantes, notamment dans les domaines des relations internationales, de la d\u00e9fense et de la s\u00e9curit\u00e9. Par ailleurs, Copenhague verse aujourd\u2019hui l\u2019\u00e9quivalent de 500 millions d\u2019euros d\u2019aides \u00e0 l\u2019\u00eele chaque ann\u00e9e.<\/p>\n\n\n\n<p>Comme le Danemark, le Groenland a rejoint la Communaut\u00e9 \u00e9conomique europ\u00e9enne (CEE, d\u00e9sormais Union europ\u00e9enne) en 1973. Mais le territoire autonome a d\u00e9cid\u00e9 de la quitter douze ans plus tard, \u00e0 la suite d\u2019un r\u00e9f\u00e9rendum. Il n\u2019est donc plus un territoire europ\u00e9en depuis le 1er f\u00e9vrier 1985.<\/p>\n\n\n\n<p>Outre son appartenance au Danemark, le territoire conserve toutefois des liens importants avec l\u2019Union europ\u00e9enne. Le Groenland figure ainsi parmi les 13 <strong><em>pays et territoires d\u2019outre-mer<\/em><\/strong><em> <strong>(PTOM)<\/strong><\/em><strong>,<\/strong> un ensemble de d\u00e9pendances et de territoires ultramarins qui entretiennent des liens constitutionnels avec un Etat membre de l\u2019Union europ\u00e9enne, sans faire partie int\u00e9grante de&nbsp;l\u2019UE.<\/p>\n\n\n\n<p>Ces 13 pays et territoires rel\u00e8vent aujourd\u2019hui de trois Etats&nbsp;: 6 sont reli\u00e9s \u00e0 la France (Nouvelle-Cal\u00e9donie, Polyn\u00e9sie fran\u00e7aise, Saint-Pierre-et-Miquelon, les Terres australes et antarctiques fran\u00e7aises, Wallis-et-Futuna et Saint-Barth\u00e9lemy), 6 autres aux Pays-Bas (Sint Maarten, Saba, Sint Eustatius, Aruba, Cura\u00e7ao et Bonaire) et enfin le Groenland qui est un pays constitutif du royaume du Danemark. Le droit europ\u00e9en ne s\u2019applique pas dans ces territoires, qui ne sont pas membres de l\u2019espace&nbsp;Schengen&nbsp;par ailleurs.<\/p>\n\n\n\n<p>Les PTOM sont en revanche associ\u00e9s \u00e0 certaines politiques de l\u2019UE pour faciliter leur d\u00e9veloppement \u00e9conomique, social et commercial.&nbsp;<a href=\"https:\/\/www.touteleurope.eu\/l-europe-et-moi\/l-instrument-europeen-pour-le-voisinage-le-developpement-et-la-cooperation-internationale-ndici\/\" target=\"_blank\" rel=\"noreferrer noopener\">L\u2019instrument europ\u00e9en pour le voisinage, le d\u00e9veloppement et la coop\u00e9ration internationale<\/a>&nbsp;regroupe les diff\u00e9rents programmes de financements \u00e0 destination de ces zones. Par ailleurs, les produits import\u00e9s dans l\u2019UE depuis les PTOM ne sont pas soumis aux droits de douane ou aux restrictions quantitatives. Enfin, leurs ressortissants disposent de la citoyennet\u00e9 europ\u00e9enne et donc d\u2019un passeport de&nbsp;l\u2019UE.<\/p>\n\n\n\n<p>Pour les PTOM, un statut diff\u00e9rent de celui des <strong><em>r\u00e9gions ultrap\u00e9riph\u00e9riques (RUP)<\/em><\/strong><\/p>\n\n\n\n<p>Le statut des PTOM (pays et territoires d\u2019outre-mer) est \u00e0 distinguer de celui des&nbsp;<a href=\"https:\/\/www.touteleurope.eu\/agriculture-et-territoires\/les-regions-ultraperipheriques-territoires-europeens-au-coeur-des-oceans\/\" target=\"_blank\" rel=\"noreferrer noopener\">r\u00e9gions ultrap\u00e9riph\u00e9riques (RUP)<\/a>. Ce dernier concerne 9 r\u00e9gions insulaires et\/ou g\u00e9ographiquement \u00e9loign\u00e9es du continent europ\u00e9en. Contrairement aux PTOM, elles font partie int\u00e9grante du territoire de l\u2019Union et sont, \u00e0 ce titre, soumises au droit europ\u00e9en.<\/p>\n\n\n\n<p>La France compte six&nbsp;r\u00e9gions ultrap\u00e9riph\u00e9riques&nbsp;(Saint-Martin, la Guadeloupe, la Martinique, la Guyane, Mayotte et La R\u00e9union), contre deux pour le Portugal (Mad\u00e8re et les A\u00e7ores) et une pour l\u2019Espagne (les Canaries).<\/p>\n\n\n\n<p><\/p>\n\n\n\n<p class=\"has-medium-font-size\"><strong>Pourquoi le Groenland est-il convoit\u00e9&nbsp;?<\/strong><\/p>\n\n\n\n<p>Pour justifier ses volont\u00e9s d\u2019annexion du Groenland, Donald Trump avance des raisons de s\u00e9curit\u00e9 nationale. Pr\u00e9sents depuis la Seconde Guerre mondiale sur l\u2019\u00eele, les Etats-Unis y ont notamment construit une base a\u00e9rienne au nord-ouest, \u00e0 Qaanaaq (ou Thul\u00e9) en 1953. Le Groenland suscite \u00e9galement les convoitises de la Chine, qui y a d\u00e9velopp\u00e9 des activit\u00e9s \u00e9conomiques et scientifiques ces derni\u00e8res ann\u00e9es, ou celles de la Russie, qui esp\u00e8re r\u00e9gner sur l\u2019Arctique dans les ann\u00e9es \u00e0&nbsp;venir.<\/p>\n\n\n\n<p>Ces multiples int\u00e9r\u00eats s\u2019expliquent par la situation g\u00e9ographique de l\u2019\u00eele, dont les planisph\u00e8res donnent une mauvaise repr\u00e9sentation. En regardant une carte centr\u00e9e sur le Groenland (voir l\u2019encadr\u00e9 ci-dessous), on constate la position strat\u00e9gique du territoire. Constitu\u00e9 en grande partie de glace, il se r\u00e9chauffe deux fois plus vite que le reste du globe, entra\u00eenant la fonte des glaces. Celle-ci pourrait ouvrir de nouvelles routes commerciales maritimes jusqu\u2019ici inaccessibles. Une aubaine pour les trois puissances mondiales.<\/p>\n\n\n\n<p>Enfin, le sol du Groenland est particuli\u00e8rement riche en ressources&nbsp;: 13&nbsp;% du p\u00e9trole et 30&nbsp;% du gaz naturel non d\u00e9couverts \u00e0 ce jour se trouveraient en Arctique, dont la majeure partie au Groenland,&nbsp;<a href=\"https:\/\/www.youtube.com\/watch?v=VRp3HwWiPhI\" target=\"_blank\" rel=\"noreferrer noopener\">selon certaines estimations<\/a>. Il regorgerait enfin de terres rares, comme le nickel ou le cobalt, n\u00e9cessaires \u00e0 la fabrication des batteries pour les t\u00e9l\u00e9phones portables, par exemple. L\u00e0 aussi, la fonte des glaces pourrait s\u2019av\u00e9rer d\u00e9terminante.<\/p>\n\n\n\n<p><\/p>\n\n\n\n<p class=\"has-medium-font-size\"><strong>Le Groenland&nbsp;: carte d\u2019identit\u00e9&nbsp;<\/strong><\/p>\n\n\n\n<p><em><br><br><\/em><\/p>\n\n\n<div class=\"wp-block-image\">\n<figure class=\"aligncenter size-full is-resized\"><img decoding=\"async\" width=\"438\" height=\"307\" data-src=\"https:\/\/aassdn.org\/amicale\/wp-content\/uploads\/Image2.jpg\" alt=\"\" class=\"wp-image-17311 lazyload\" style=\"--smush-placeholder-width: 438px; --smush-placeholder-aspect-ratio: 438\/307;width:438px;height:auto\" data-srcset=\"https:\/\/aassdn.org\/amicale\/wp-content\/uploads\/Image2.jpg 438w, https:\/\/aassdn.org\/amicale\/wp-content\/uploads\/Image2-300x210.jpg 300w\" data-sizes=\"(max-width: 438px) 100vw, 438px\" src=\"data:image\/svg+xml;base64,PHN2ZyB3aWR0aD0iMSIgaGVpZ2h0PSIxIiB4bWxucz0iaHR0cDovL3d3dy53My5vcmcvMjAwMC9zdmciPjwvc3ZnPg==\" \/><\/figure>\n<\/div>\n\n\n<p class=\"has-text-align-center has-small-font-size\">Cr\u00e9dits\u00a0: Toute l\u2019Europe, avec Flourish<\/p>\n\n\n\n<p><strong>Capitale<\/strong>&nbsp;: Nuuk (17&nbsp;000 habitants)<br><strong>Population<\/strong>&nbsp;: 55&nbsp;000 habitants (449 millions pour l\u2019Union europ\u00e9enne)<br><strong>Superficie<\/strong>&nbsp;: 2,16 millions de km2 (deux fois moins que l\u2019Union europ\u00e9enne, 4,23 millions de&nbsp;km2)<br><strong>Monnaie&nbsp;<\/strong>: couronne danoise (comme au Danemark)<br><strong>Chef du gouvernement<\/strong>&nbsp;: M\u00fate B. Egede, membre du parti&nbsp;<em>Inuit Ataqatigiit&nbsp;<\/em>(social-d\u00e9mocrate)<\/p>\n\n\n\n<p><\/p>\n\n\n\n<p class=\"has-medium-font-size\"><strong>Le Groenland fait-il partie de l\u2019Otan&nbsp;?<\/strong><\/p>\n\n\n\n<p>Si elle peut para\u00eetre farfelue, l\u2019option militaire n\u2019a pas \u00e9t\u00e9 \u00e9cart\u00e9e par Donald Trump pour s\u2019emparer du Groenland. Compte tenu de la pr\u00e9sence am\u00e9ricaine sur l\u2019\u00eele, une hypoth\u00e9tique invasion s\u2019av\u00e9rerait relativement simple \u00e0 mettre en \u0153uvre. Evidemment, une telle intervention cr\u00e9erait un choc sans pr\u00e9c\u00e9dent, notamment parce que les Etats-Unis et le Danemark sont alli\u00e9s au sein de l\u2019Otan.<\/p>\n\n\n\n<p>\u201c<em>S\u2019ils envahissent le Groenland, ils envahissent l\u2019Otan. C\u2019est l\u00e0 que \u00e7a s\u2019arr\u00eate. L\u2019article 5 de l\u2019Otan&nbsp;[qui implique qu\u2019une attaque contre l\u2019un ou plusieurs de ses membres est consid\u00e9r\u00e9e comme une attaque dirig\u00e9e contre tous, NDLR] devrait \u00eatre d\u00e9clench\u00e9. Et si un pays de l\u2019Otan&nbsp;envahit l\u2019Otan, il n\u2019y a plus d\u2019Otan<\/em>\u201d, explique par exemple Elisabet Svane, correspondante politique en chef du journal danois&nbsp;<em>Politiken<\/em>, cit\u00e9e par la&nbsp;<a href=\"https:\/\/www.bbc.com\/afrique\/articles\/cgkj17vn0m3o\" target=\"_blank\" rel=\"noreferrer noopener\">BBC<\/a>.<\/p>\n\n\n\n<p>Enfin, les Etats membres de l\u2019UE, dont le Danemark, pourraient \u00e9galement \u00e9voquer l\u2019article 42.7 du Trait\u00e9 sur l\u2019Union europ\u00e9enne, \u00e9galement appel\u00e9 \u201cclause de d\u00e9fense mutuelle\u201d. \u201c<em>Au cas o\u00f9 un \u00c9tat membre serait l\u2019objet d\u2019une agression arm\u00e9e sur son territoire, les autres \u00c9tats membres lui doivent aide et assistance par tous les moyens en leur pouvoir<\/em>\u201d, pr\u00e9cise ce dernier. Une clause dont b\u00e9n\u00e9ficie \u00e9galement le Groenland, a confirm\u00e9 un porte-parole de la&nbsp;Commission europ\u00e9enne.<\/p>\n\n\n\n<p><\/p>\n\n\n\n<p class=\"has-medium-font-size\"><strong>Le Groenland pourrait-il demander son ind\u00e9pendance\u00a0?<\/strong><\/p>\n\n\n\n<p>Depuis 2009, le Groenland peut, s\u2019il le souhaite, d\u00e9clarer son ind\u00e9pendance du Danemark. Un processus qui passerait notamment par l\u2019organisation d\u2019un r\u00e9f\u00e9rendum et des n\u00e9gociations avec le Danemark sur leurs futures relations. La perspective refait souvent surface dans le d\u00e9bat public. Le Premier ministre groenlandais, M\u00fate Egede, a d\u2019ailleurs exprim\u00e9 son souhait d\u2019organiser un r\u00e9f\u00e9rendum sur le sujet s\u2019il remporte les prochaines \u00e9lections, en avril 2025. Et lors de son discours du Nouvel An, il y a de nouveau fait allusion.<\/p>\n\n\n\n<p class=\"has-text-align-left\">Reste que le Groenland est extr\u00eamement d\u00e9pendant de Copenhague. Les fonds vers\u00e9s par le Danemark repr\u00e9sentent actuellement 60\u00a0% du budget de l\u2019\u00eele et pr\u00e8s du quart de son\u00a0PIB. <\/p>\n\n\n\n<p class=\"has-text-align-right\"><strong><a href=\"https:\/\/www.touteleurope.eu\/\">Touteleurope.eu<\/a> <\/strong><br>16\/01\/2025<\/p>\n\n\n\n<p class=\"has-text-align-right has-small-font-size\"><em>Source photo-bandeau : <a href=\"https:\/\/www.google.fr\/maps\/@68.3438192,-72.3195416,3z?entry=ttu&amp;g_ep=EgoyMDI1MDExNS4wIKXMDSoASAFQAw%3D%3D\">Google Maps<\/a><\/em><\/p>\n\n\n\n<p><\/p>\n<div class=\"pdfprnt-buttons pdfprnt-buttons-post pdfprnt-bottom-right\"><a href=\"https:\/\/aassdn.org\/amicale\/wp-json\/wp\/v2\/posts\/17309?print=pdf\" class=\"pdfprnt-button pdfprnt-button-pdf\" target=\"_blank\" ><img decoding=\"async\" data-src=\"https:\/\/aassdn.org\/amicale\/wp-content\/plugins\/pdf-print\/images\/pdf.png\" alt=\"image_pdf\" title=\"Afficher le PDF\" src=\"data:image\/svg+xml;base64,PHN2ZyB3aWR0aD0iMSIgaGVpZ2h0PSIxIiB4bWxucz0iaHR0cDovL3d3dy53My5vcmcvMjAwMC9zdmciPjwvc3ZnPg==\" class=\"lazyload\" style=\"--smush-placeholder-width: 32px; --smush-placeholder-aspect-ratio: 32\/32;\" \/><\/a><a href=\"https:\/\/aassdn.org\/amicale\/wp-json\/wp\/v2\/posts\/17309?print=print\" class=\"pdfprnt-button pdfprnt-button-print\" target=\"_blank\" ><\/a><\/div>","protected":false},"excerpt":{"rendered":"<p>Situ\u00e9e entre l\u2019Atlantique nord et l\u2019Arctique, la plus grande \u00eele du monde fait l\u2019objet de convoitises. Autonome mais constitutive du royaume du Danemark, elle n\u2019est pas \u00e0 proprement parler un territoire de l\u2019UE. En revanche, les Groenlandais sont bien des citoyens europ\u00e9ens.C\u2019est un territoire grand comme quatre fois celui de la France m\u00e9tropolitaine, mais peupl\u00e9 [&hellip;]<\/p>\n","protected":false},"author":32,"featured_media":17312,"comment_status":"open","ping_status":"closed","sticky":false,"template":"","format":"standard","meta":{"_acf_changed":false,"footnotes":""},"categories":[288,278,113,114,107],"tags":[362,996,4239,2339,490,4233,2981,307,656,2346,563,505,347,275,328,295,4234,346,2502,462,584,324,353,3093,2197,2421,297,4246,238,422,332,296,2416,3177],"class_list":["post-17309","post","type-post","status-publish","format-standard","has-post-thumbnail","hentry","category-2020-2030","category-actualites","category-europe-de-lest","category-europe-de-louest","category-geopolitique","tag-allies","tag-annexion","tag-arctique","tag-chine","tag-conference","tag-culture-geostrategique","tag-danemark","tag-defense","tag-discours","tag-donald-trump","tag-entretien","tag-etats","tag-etats-unis","tag-europe","tag-fabrication","tag-geopolitique","tag-groenland","tag-guerre","tag-independance","tag-journal","tag-justice","tag-militaire","tag-otan","tag-politique","tag-population","tag-referendum","tag-relation","tag-relations-internation","tag-russie","tag-seconde-guerre-mondiale","tag-securite-nationale","tag-strategique","tag-territoire","tag-union-europeenne"],"acf":[],"yoast_head":"<!-- This site is optimized with the Yoast SEO plugin v27.4 - https:\/\/yoast.com\/product\/yoast-seo-wordpress\/ -->\n<title>Le Groenland fait-il partie de l\u2019Union europ\u00e9enne\u00a0?<\/title>\n<meta name=\"description\" content=\"Situ\u00e9e entre l\u2019Atlantique nord et l\u2019Arctique, la plus grande \u00eele du monde fait l\u2019objet de convoitises.\" \/>\n<meta name=\"robots\" content=\"index, follow, max-snippet:-1, max-image-preview:large, max-video-preview:-1\" \/>\n<link rel=\"canonical\" href=\"https:\/\/aassdn.org\/amicale\/le-groenland-fait-il-partie-de-l-union-europeenne\/\" \/>\n<meta property=\"og:locale\" content=\"fr_FR\" \/>\n<meta property=\"og:type\" content=\"article\" \/>\n<meta property=\"og:title\" content=\"Le Groenland fait-il partie de l\u2019Union europ\u00e9enne\u00a0?\" \/>\n<meta property=\"og:description\" content=\"Situ\u00e9e entre l\u2019Atlantique nord et l\u2019Arctique, la plus grande \u00eele du monde fait l\u2019objet de convoitises.\" \/>\n<meta property=\"og:url\" content=\"https:\/\/aassdn.org\/amicale\/le-groenland-fait-il-partie-de-l-union-europeenne\/\" \/>\n<meta property=\"og:site_name\" content=\"AASSDN | Anciens et Amis des Services Sp\u00e9ciaux\" \/>\n<meta property=\"article:published_time\" content=\"2025-01-22T10:56:53+00:00\" \/>\n<meta property=\"article:modified_time\" content=\"2025-01-22T11:04:29+00:00\" \/>\n<meta property=\"og:image\" content=\"https:\/\/aassdn.org\/amicale\/wp-content\/uploads\/groeland.jpg\" \/>\n\t<meta property=\"og:image:width\" content=\"730\" \/>\n\t<meta property=\"og:image:height\" content=\"441\" \/>\n\t<meta property=\"og:image:type\" content=\"image\/jpeg\" \/>\n<meta name=\"author\" content=\"AASSDN\" \/>\n<meta name=\"twitter:card\" content=\"summary_large_image\" \/>\n<meta name=\"twitter:label1\" content=\"\u00c9crit par\" \/>\n\t<meta name=\"twitter:data1\" content=\"AASSDN\" \/>\n\t<meta name=\"twitter:label2\" content=\"Dur\u00e9e de lecture estim\u00e9e\" \/>\n\t<meta name=\"twitter:data2\" content=\"7 minutes\" \/>\n<script type=\"application\/ld+json\" class=\"yoast-schema-graph\">{\"@context\":\"https:\\\/\\\/schema.org\",\"@graph\":[{\"@type\":\"Article\",\"@id\":\"https:\\\/\\\/aassdn.org\\\/amicale\\\/le-groenland-fait-il-partie-de-l-union-europeenne\\\/#article\",\"isPartOf\":{\"@id\":\"https:\\\/\\\/aassdn.org\\\/amicale\\\/le-groenland-fait-il-partie-de-l-union-europeenne\\\/\"},\"author\":{\"name\":\"AASSDN\",\"@id\":\"https:\\\/\\\/aassdn.org\\\/amicale\\\/#\\\/schema\\\/person\\\/8e950b11c74c24df36dc8e172f9451f4\"},\"headline\":\"Culture g\u00e9ostrat\u00e9gique : Le Groenland fait-il partie de l\u2019Union europ\u00e9enne\u00a0?\",\"datePublished\":\"2025-01-22T10:56:53+00:00\",\"dateModified\":\"2025-01-22T11:04:29+00:00\",\"mainEntityOfPage\":{\"@id\":\"https:\\\/\\\/aassdn.org\\\/amicale\\\/le-groenland-fait-il-partie-de-l-union-europeenne\\\/\"},\"wordCount\":1506,\"commentCount\":0,\"publisher\":{\"@id\":\"https:\\\/\\\/aassdn.org\\\/amicale\\\/#organization\"},\"image\":{\"@id\":\"https:\\\/\\\/aassdn.org\\\/amicale\\\/le-groenland-fait-il-partie-de-l-union-europeenne\\\/#primaryimage\"},\"thumbnailUrl\":\"https:\\\/\\\/aassdn.org\\\/amicale\\\/wp-content\\\/uploads\\\/groeland.jpg\",\"keywords\":[\"Alli\u00e9s\",\"annexion\",\"Arctique\",\"Chine\",\"conf\u00e9rence\",\"Culture g\u00e9ostrat\u00e9gique\",\"Danemark\",\"d\u00e9fense\",\"discours\",\"Donald Trump\",\"entretien\",\"\u00c9tats\",\"\u00c9tats-Unis\",\"Europe\",\"fabrication\",\"g\u00e9opolitique\",\"Groenland\",\"guerre\",\"ind\u00e9pendance\",\"journal\",\"justice\",\"militaire\",\"Otan\",\"politique\",\"population\",\"r\u00e9f\u00e9rendum\",\"relation\",\"Relations internation\",\"Russie\",\"Seconde Guerre mondiale\",\"s\u00e9curit\u00e9 nationale\",\"strat\u00e9gique\",\"territoire\",\"Union europ\u00e9enne\"],\"articleSection\":[\"2020-2030\",\"Actualit\u00e9s\",\"Europe de l'Est\",\"Europe de l'Ouest\",\"G\u00e9opolitique\"],\"inLanguage\":\"fr-FR\",\"potentialAction\":[{\"@type\":\"CommentAction\",\"name\":\"Comment\",\"target\":[\"https:\\\/\\\/aassdn.org\\\/amicale\\\/le-groenland-fait-il-partie-de-l-union-europeenne\\\/#respond\"]}]},{\"@type\":\"WebPage\",\"@id\":\"https:\\\/\\\/aassdn.org\\\/amicale\\\/le-groenland-fait-il-partie-de-l-union-europeenne\\\/\",\"url\":\"https:\\\/\\\/aassdn.org\\\/amicale\\\/le-groenland-fait-il-partie-de-l-union-europeenne\\\/\",\"name\":\"Le Groenland fait-il partie de l\u2019Union europ\u00e9enne\u00a0?\",\"isPartOf\":{\"@id\":\"https:\\\/\\\/aassdn.org\\\/amicale\\\/#website\"},\"primaryImageOfPage\":{\"@id\":\"https:\\\/\\\/aassdn.org\\\/amicale\\\/le-groenland-fait-il-partie-de-l-union-europeenne\\\/#primaryimage\"},\"image\":{\"@id\":\"https:\\\/\\\/aassdn.org\\\/amicale\\\/le-groenland-fait-il-partie-de-l-union-europeenne\\\/#primaryimage\"},\"thumbnailUrl\":\"https:\\\/\\\/aassdn.org\\\/amicale\\\/wp-content\\\/uploads\\\/groeland.jpg\",\"datePublished\":\"2025-01-22T10:56:53+00:00\",\"dateModified\":\"2025-01-22T11:04:29+00:00\",\"description\":\"Situ\u00e9e entre l\u2019Atlantique nord et l\u2019Arctique, la plus grande \u00eele du monde fait l\u2019objet de convoitises.\",\"breadcrumb\":{\"@id\":\"https:\\\/\\\/aassdn.org\\\/amicale\\\/le-groenland-fait-il-partie-de-l-union-europeenne\\\/#breadcrumb\"},\"inLanguage\":\"fr-FR\",\"potentialAction\":[{\"@type\":\"ReadAction\",\"target\":[\"https:\\\/\\\/aassdn.org\\\/amicale\\\/le-groenland-fait-il-partie-de-l-union-europeenne\\\/\"]}]},{\"@type\":\"ImageObject\",\"inLanguage\":\"fr-FR\",\"@id\":\"https:\\\/\\\/aassdn.org\\\/amicale\\\/le-groenland-fait-il-partie-de-l-union-europeenne\\\/#primaryimage\",\"url\":\"https:\\\/\\\/aassdn.org\\\/amicale\\\/wp-content\\\/uploads\\\/groeland.jpg\",\"contentUrl\":\"https:\\\/\\\/aassdn.org\\\/amicale\\\/wp-content\\\/uploads\\\/groeland.jpg\",\"width\":730,\"height\":441},{\"@type\":\"BreadcrumbList\",\"@id\":\"https:\\\/\\\/aassdn.org\\\/amicale\\\/le-groenland-fait-il-partie-de-l-union-europeenne\\\/#breadcrumb\",\"itemListElement\":[{\"@type\":\"ListItem\",\"position\":1,\"name\":\"Accueil\",\"item\":\"https:\\\/\\\/aassdn.org\\\/amicale\\\/\"},{\"@type\":\"ListItem\",\"position\":2,\"name\":\"Culture g\u00e9ostrat\u00e9gique : Le Groenland fait-il partie de l\u2019Union europ\u00e9enne\u00a0?\"}]},{\"@type\":\"WebSite\",\"@id\":\"https:\\\/\\\/aassdn.org\\\/amicale\\\/#website\",\"url\":\"https:\\\/\\\/aassdn.org\\\/amicale\\\/\",\"name\":\"AASSDN | Anciens et Amis des Services Sp\u00e9ciaux\",\"description\":\"Services sp\u00e9ciaux : Des h\u00e9ros anonymes au service exclusif de la France\",\"publisher\":{\"@id\":\"https:\\\/\\\/aassdn.org\\\/amicale\\\/#organization\"},\"potentialAction\":[{\"@type\":\"SearchAction\",\"target\":{\"@type\":\"EntryPoint\",\"urlTemplate\":\"https:\\\/\\\/aassdn.org\\\/amicale\\\/?s={search_term_string}\"},\"query-input\":{\"@type\":\"PropertyValueSpecification\",\"valueRequired\":true,\"valueName\":\"search_term_string\"}}],\"inLanguage\":\"fr-FR\"},{\"@type\":\"Organization\",\"@id\":\"https:\\\/\\\/aassdn.org\\\/amicale\\\/#organization\",\"name\":\"AASSDN | Anciens et Amis des Services Sp\u00e9ciaux\",\"url\":\"https:\\\/\\\/aassdn.org\\\/amicale\\\/\",\"logo\":{\"@type\":\"ImageObject\",\"inLanguage\":\"fr-FR\",\"@id\":\"https:\\\/\\\/aassdn.org\\\/amicale\\\/#\\\/schema\\\/logo\\\/image\\\/\",\"url\":\"https:\\\/\\\/aassdn.org\\\/amicale\\\/wp-content\\\/uploads\\\/Logo_AASSDN_transparent2.png\",\"contentUrl\":\"https:\\\/\\\/aassdn.org\\\/amicale\\\/wp-content\\\/uploads\\\/Logo_AASSDN_transparent2.png\",\"width\":1832,\"height\":1609,\"caption\":\"AASSDN | Anciens et Amis des Services Sp\u00e9ciaux\"},\"image\":{\"@id\":\"https:\\\/\\\/aassdn.org\\\/amicale\\\/#\\\/schema\\\/logo\\\/image\\\/\"}},{\"@type\":\"Person\",\"@id\":\"https:\\\/\\\/aassdn.org\\\/amicale\\\/#\\\/schema\\\/person\\\/8e950b11c74c24df36dc8e172f9451f4\",\"name\":\"AASSDN\",\"image\":{\"@type\":\"ImageObject\",\"inLanguage\":\"fr-FR\",\"@id\":\"https:\\\/\\\/secure.gravatar.com\\\/avatar\\\/fd0b6d50e70e6f0ed2d0d0ed7be3689bc93c931340a70ec36db416b5f0486016?s=96&d=mm&r=g\",\"url\":\"https:\\\/\\\/secure.gravatar.com\\\/avatar\\\/fd0b6d50e70e6f0ed2d0d0ed7be3689bc93c931340a70ec36db416b5f0486016?s=96&d=mm&r=g\",\"contentUrl\":\"https:\\\/\\\/secure.gravatar.com\\\/avatar\\\/fd0b6d50e70e6f0ed2d0d0ed7be3689bc93c931340a70ec36db416b5f0486016?s=96&d=mm&r=g\",\"caption\":\"AASSDN\"},\"url\":\"https:\\\/\\\/aassdn.org\\\/amicale\\\/author\\\/laure-fanjeau\\\/\"}]}<\/script>\n<!-- \/ Yoast SEO plugin. -->","yoast_head_json":{"title":"Le Groenland fait-il partie de l\u2019Union europ\u00e9enne\u00a0?","description":"Situ\u00e9e entre l\u2019Atlantique nord et l\u2019Arctique, la plus grande \u00eele du monde fait l\u2019objet de convoitises.","robots":{"index":"index","follow":"follow","max-snippet":"max-snippet:-1","max-image-preview":"max-image-preview:large","max-video-preview":"max-video-preview:-1"},"canonical":"https:\/\/aassdn.org\/amicale\/le-groenland-fait-il-partie-de-l-union-europeenne\/","og_locale":"fr_FR","og_type":"article","og_title":"Le Groenland fait-il partie de l\u2019Union europ\u00e9enne\u00a0?","og_description":"Situ\u00e9e entre l\u2019Atlantique nord et l\u2019Arctique, la plus grande \u00eele du monde fait l\u2019objet de convoitises.","og_url":"https:\/\/aassdn.org\/amicale\/le-groenland-fait-il-partie-de-l-union-europeenne\/","og_site_name":"AASSDN | Anciens et Amis des Services Sp\u00e9ciaux","article_published_time":"2025-01-22T10:56:53+00:00","article_modified_time":"2025-01-22T11:04:29+00:00","og_image":[{"width":730,"height":441,"url":"https:\/\/aassdn.org\/amicale\/wp-content\/uploads\/groeland.jpg","type":"image\/jpeg"}],"author":"AASSDN","twitter_card":"summary_large_image","twitter_misc":{"\u00c9crit par":"AASSDN","Dur\u00e9e de lecture estim\u00e9e":"7 minutes"},"schema":{"@context":"https:\/\/schema.org","@graph":[{"@type":"Article","@id":"https:\/\/aassdn.org\/amicale\/le-groenland-fait-il-partie-de-l-union-europeenne\/#article","isPartOf":{"@id":"https:\/\/aassdn.org\/amicale\/le-groenland-fait-il-partie-de-l-union-europeenne\/"},"author":{"name":"AASSDN","@id":"https:\/\/aassdn.org\/amicale\/#\/schema\/person\/8e950b11c74c24df36dc8e172f9451f4"},"headline":"Culture g\u00e9ostrat\u00e9gique : Le Groenland fait-il partie de l\u2019Union europ\u00e9enne\u00a0?","datePublished":"2025-01-22T10:56:53+00:00","dateModified":"2025-01-22T11:04:29+00:00","mainEntityOfPage":{"@id":"https:\/\/aassdn.org\/amicale\/le-groenland-fait-il-partie-de-l-union-europeenne\/"},"wordCount":1506,"commentCount":0,"publisher":{"@id":"https:\/\/aassdn.org\/amicale\/#organization"},"image":{"@id":"https:\/\/aassdn.org\/amicale\/le-groenland-fait-il-partie-de-l-union-europeenne\/#primaryimage"},"thumbnailUrl":"https:\/\/aassdn.org\/amicale\/wp-content\/uploads\/groeland.jpg","keywords":["Alli\u00e9s","annexion","Arctique","Chine","conf\u00e9rence","Culture g\u00e9ostrat\u00e9gique","Danemark","d\u00e9fense","discours","Donald Trump","entretien","\u00c9tats","\u00c9tats-Unis","Europe","fabrication","g\u00e9opolitique","Groenland","guerre","ind\u00e9pendance","journal","justice","militaire","Otan","politique","population","r\u00e9f\u00e9rendum","relation","Relations internation","Russie","Seconde Guerre mondiale","s\u00e9curit\u00e9 nationale","strat\u00e9gique","territoire","Union europ\u00e9enne"],"articleSection":["2020-2030","Actualit\u00e9s","Europe de l'Est","Europe de l'Ouest","G\u00e9opolitique"],"inLanguage":"fr-FR","potentialAction":[{"@type":"CommentAction","name":"Comment","target":["https:\/\/aassdn.org\/amicale\/le-groenland-fait-il-partie-de-l-union-europeenne\/#respond"]}]},{"@type":"WebPage","@id":"https:\/\/aassdn.org\/amicale\/le-groenland-fait-il-partie-de-l-union-europeenne\/","url":"https:\/\/aassdn.org\/amicale\/le-groenland-fait-il-partie-de-l-union-europeenne\/","name":"Le Groenland fait-il partie de l\u2019Union europ\u00e9enne\u00a0?","isPartOf":{"@id":"https:\/\/aassdn.org\/amicale\/#website"},"primaryImageOfPage":{"@id":"https:\/\/aassdn.org\/amicale\/le-groenland-fait-il-partie-de-l-union-europeenne\/#primaryimage"},"image":{"@id":"https:\/\/aassdn.org\/amicale\/le-groenland-fait-il-partie-de-l-union-europeenne\/#primaryimage"},"thumbnailUrl":"https:\/\/aassdn.org\/amicale\/wp-content\/uploads\/groeland.jpg","datePublished":"2025-01-22T10:56:53+00:00","dateModified":"2025-01-22T11:04:29+00:00","description":"Situ\u00e9e entre l\u2019Atlantique nord et l\u2019Arctique, la plus grande \u00eele du monde fait l\u2019objet de convoitises.","breadcrumb":{"@id":"https:\/\/aassdn.org\/amicale\/le-groenland-fait-il-partie-de-l-union-europeenne\/#breadcrumb"},"inLanguage":"fr-FR","potentialAction":[{"@type":"ReadAction","target":["https:\/\/aassdn.org\/amicale\/le-groenland-fait-il-partie-de-l-union-europeenne\/"]}]},{"@type":"ImageObject","inLanguage":"fr-FR","@id":"https:\/\/aassdn.org\/amicale\/le-groenland-fait-il-partie-de-l-union-europeenne\/#primaryimage","url":"https:\/\/aassdn.org\/amicale\/wp-content\/uploads\/groeland.jpg","contentUrl":"https:\/\/aassdn.org\/amicale\/wp-content\/uploads\/groeland.jpg","width":730,"height":441},{"@type":"BreadcrumbList","@id":"https:\/\/aassdn.org\/amicale\/le-groenland-fait-il-partie-de-l-union-europeenne\/#breadcrumb","itemListElement":[{"@type":"ListItem","position":1,"name":"Accueil","item":"https:\/\/aassdn.org\/amicale\/"},{"@type":"ListItem","position":2,"name":"Culture g\u00e9ostrat\u00e9gique : Le Groenland fait-il partie de l\u2019Union europ\u00e9enne\u00a0?"}]},{"@type":"WebSite","@id":"https:\/\/aassdn.org\/amicale\/#website","url":"https:\/\/aassdn.org\/amicale\/","name":"AASSDN | Anciens et Amis des Services Sp\u00e9ciaux","description":"Services sp\u00e9ciaux : Des h\u00e9ros anonymes au service exclusif de la France","publisher":{"@id":"https:\/\/aassdn.org\/amicale\/#organization"},"potentialAction":[{"@type":"SearchAction","target":{"@type":"EntryPoint","urlTemplate":"https:\/\/aassdn.org\/amicale\/?s={search_term_string}"},"query-input":{"@type":"PropertyValueSpecification","valueRequired":true,"valueName":"search_term_string"}}],"inLanguage":"fr-FR"},{"@type":"Organization","@id":"https:\/\/aassdn.org\/amicale\/#organization","name":"AASSDN | Anciens et Amis des Services Sp\u00e9ciaux","url":"https:\/\/aassdn.org\/amicale\/","logo":{"@type":"ImageObject","inLanguage":"fr-FR","@id":"https:\/\/aassdn.org\/amicale\/#\/schema\/logo\/image\/","url":"https:\/\/aassdn.org\/amicale\/wp-content\/uploads\/Logo_AASSDN_transparent2.png","contentUrl":"https:\/\/aassdn.org\/amicale\/wp-content\/uploads\/Logo_AASSDN_transparent2.png","width":1832,"height":1609,"caption":"AASSDN | Anciens et Amis des Services Sp\u00e9ciaux"},"image":{"@id":"https:\/\/aassdn.org\/amicale\/#\/schema\/logo\/image\/"}},{"@type":"Person","@id":"https:\/\/aassdn.org\/amicale\/#\/schema\/person\/8e950b11c74c24df36dc8e172f9451f4","name":"AASSDN","image":{"@type":"ImageObject","inLanguage":"fr-FR","@id":"https:\/\/secure.gravatar.com\/avatar\/fd0b6d50e70e6f0ed2d0d0ed7be3689bc93c931340a70ec36db416b5f0486016?s=96&d=mm&r=g","url":"https:\/\/secure.gravatar.com\/avatar\/fd0b6d50e70e6f0ed2d0d0ed7be3689bc93c931340a70ec36db416b5f0486016?s=96&d=mm&r=g","contentUrl":"https:\/\/secure.gravatar.com\/avatar\/fd0b6d50e70e6f0ed2d0d0ed7be3689bc93c931340a70ec36db416b5f0486016?s=96&d=mm&r=g","caption":"AASSDN"},"url":"https:\/\/aassdn.org\/amicale\/author\/laure-fanjeau\/"}]}},"_links":{"self":[{"href":"https:\/\/aassdn.org\/amicale\/wp-json\/wp\/v2\/posts\/17309","targetHints":{"allow":["GET"]}}],"collection":[{"href":"https:\/\/aassdn.org\/amicale\/wp-json\/wp\/v2\/posts"}],"about":[{"href":"https:\/\/aassdn.org\/amicale\/wp-json\/wp\/v2\/types\/post"}],"author":[{"embeddable":true,"href":"https:\/\/aassdn.org\/amicale\/wp-json\/wp\/v2\/users\/32"}],"replies":[{"embeddable":true,"href":"https:\/\/aassdn.org\/amicale\/wp-json\/wp\/v2\/comments?post=17309"}],"version-history":[{"count":0,"href":"https:\/\/aassdn.org\/amicale\/wp-json\/wp\/v2\/posts\/17309\/revisions"}],"wp:featuredmedia":[{"embeddable":true,"href":"https:\/\/aassdn.org\/amicale\/wp-json\/wp\/v2\/media\/17312"}],"wp:attachment":[{"href":"https:\/\/aassdn.org\/amicale\/wp-json\/wp\/v2\/media?parent=17309"}],"wp:term":[{"taxonomy":"category","embeddable":true,"href":"https:\/\/aassdn.org\/amicale\/wp-json\/wp\/v2\/categories?post=17309"},{"taxonomy":"post_tag","embeddable":true,"href":"https:\/\/aassdn.org\/amicale\/wp-json\/wp\/v2\/tags?post=17309"}],"curies":[{"name":"wp","href":"https:\/\/api.w.org\/{rel}","templated":true}]}}