{"id":16851,"date":"2025-01-02T20:38:46","date_gmt":"2025-01-02T19:38:46","guid":{"rendered":"https:\/\/aassdn.org\/amicale\/?p=16851"},"modified":"2025-04-21T19:22:36","modified_gmt":"2025-04-21T17:22:36","slug":"l-europe-coalisee-contre-la-france_les-deux-bruxelles-contre-la-france_l-allemagne-l-ame-des-coalitions-de-revers","status":"publish","type":"post","link":"https:\/\/aassdn.org\/amicale\/l-europe-coalisee-contre-la-france_les-deux-bruxelles-contre-la-france_l-allemagne-l-ame-des-coalitions-de-revers\/","title":{"rendered":"Souverainet\u00e9. Menaces sur l\u2019industrie d\u2019armement fran\u00e7aise"},"content":{"rendered":"\n<p><strong>Le Groupe Vauban met en garde contre la cr\u00e9ation d\u2019un march\u00e9 unique europ\u00e9en de la d\u00e9fense, qui ferait la part belle aux industriels extra-europ\u00e9ens et aux coalitions germano-italiennes ou germano-britanniques, affaiblissant ainsi consid\u00e9rablement la souverainet\u00e9 fran\u00e7aise. Face \u00e0 cette \u00e9volution pilot\u00e9e par les \u00ab deux Bruxelles \u00bb et par Berlin, il appelle \u00e0 une r\u00e9vision fondamentale des alliances et \u00e0 un sursaut national pour pr\u00e9server l\u2019industrie d\u2019armement et la dissuasion fran\u00e7aises.<\/strong><\/p>\n\n\n\n<p class=\"has-background\" style=\"background-color:#eeeeee\"><strong>Pr\u00e9sentation AASSDN<\/strong> : Le Groupe &#8220;Vauban&#8221;, est compos\u00e9 d&#8217;experts des questions de D\u00e9fense soucieux de pr\u00e9server la souverainet\u00e9 nationale notamment dans le domaine strat\u00e9gique de l&#8217;industrie d&#8217;armement. Les deux articles ci-dessous, parus fin 2024 dans\u00a0<em>La Tribune<\/em>, ont pour objet d&#8217;alerter et de sensibiliser les Fran\u00e7ais sur les cons\u00e9quences des op\u00e9rations\u00a0 de recomposition envisag\u00e9es et en cours des alliances dans l&#8217;industrie d&#8217;armement europ\u00e9enne. Selon les conclusions de l&#8217;analyse tr\u00e8s argument\u00e9e r\u00e9alis\u00e9e par le Groupe &#8220;Vauban&#8221;, la situation de l&#8217;industrie de d\u00e9fense fran\u00e7aise, atout majeur de la souverainet\u00e9 de notre pays en sortirait tr\u00e8s affaiblie.<\/p>\n\n\n\n<p class=\"has-text-align-center\"><strong>***<\/strong><\/p>\n\n\n\n<h2 class=\"wp-block-heading has-text-align-center\"><strong><em>L\u2019Europe coalis\u00e9e contre la France<\/em><\/strong><br><strong>Les deux Bruxelles contre la France <br>(1\/2)<\/strong><\/h2>\n\n\n\n<p class=\"has-colibri-color-5-color has-text-color has-link-color wp-elements-9113e53ee7c056b4c83660d869b4879f\">;<\/p>\n\n\n\n<p><strong>O\u00f9 va l&#8217;Union europ\u00e9enne dans le domaine de l&#8217;industrie de la d\u00e9fense ? Selon le groupe Vauban, la cr\u00e9ation d&#8217;un march\u00e9 unique au niveau europ\u00e9en ouvrira la porte aux industriels am\u00e9ricains, isra\u00e9liens et sud-cor\u00e9ens avec la cr\u00e9ation d&#8217;une autorit\u00e9 centralis\u00e9e europ\u00e9enne de l\u2019industrie de d\u00e9fense. Elle permettra une \u00ab coordination am\u00e9lior\u00e9e pour agr\u00e9ger l&#8217;acquisition de syst\u00e8mes am\u00e9ricains par des groupes d&#8217;\u00c9tats-Membres de l&#8217;UE \u00bb, selon une recommandation du rapport Draghi. C&#8217;est pour cela que la ministre allemande des Affaires \u00e9trang\u00e8res, Annalena Baerbock, a soulign\u00e9 le r\u00f4le de l&#8217;Otan qui est, selon elle, \u00ab la colonne vert\u00e9brale \u00bb de la d\u00e9fense commune.<\/strong><\/p>\n\n\n\n<p>Dans sa longue histoire, la France s&#8217;est r\u00e9guli\u00e8rement retrouv\u00e9e seule face \u00e0 une Europe coalis\u00e9e contre elle : la force de son \u00c9tat-nation, de son g\u00e9nie diplomatique et militaire et de son rayonnement culturel lui a toujours permis d&#8217;y faire face. Les guerres de Louis XIV puis celles de la R\u00e9volution et de l&#8217;Empire, jusqu&#8217;aux d\u00e9cisions diplomatiques et militaires du g\u00e9n\u00e9ral de Gaulle, en t\u00e9moignent. L&#8217;Histoire se r\u00e9p\u00e8te&nbsp;aujourd&#8217;hui sous d&#8217;autres formes, moins \u00e9piques mais tout aussi d\u00e9cisives : la r\u00e9surrection de la Communaut\u00e9 Europ\u00e9enne de D\u00e9fense de 1952, l&#8217;alliance germano-italienne dans le domaine terrestre (avant son prolongement ult\u00e9rieur dans le domaine naval), et l&#8217;accord germano-britannique de <em>Trinity House, <\/em>prenant \u00e0 revers le Trait\u00e9 de Lancaster House et celui d&#8217;Aix-la-Chapelle, en sont trois r\u00e9centes manifestations.<\/p>\n\n\n\n<p>Au terme de ces d\u00e9veloppements, la France n&#8217;est nulle part dans une Europe qu&#8217;elle pr\u00e9tend pourtant b\u00e2tir mais qu&#8217;elle n&#8217;a ni volont\u00e9 ni constance pour la guider vers le sens de ses int\u00e9r\u00eats.<\/p>\n\n\n\n<p><strong>Bruxelles la f\u00e9d\u00e9rale ou la \u00ab voli\u00e8re des cabris \u00bb<\/strong><\/p>\n\n\n\n<p>L&#8217;\u00e2me de la premi\u00e8re coalition anti-fran\u00e7aise est \u00e0 Bruxelles. S&#8217;arrogeant des comp\u00e9tences qu&#8217;aucun trait\u00e9 ne lui reconna\u00eet, la Commission europ\u00e9enne, pourtant gardienne des trait\u00e9s, use et abuse des m\u00eames proc\u00e9d\u00e9s, d\u00e9nonc\u00e9s en son temps par la France lors de la politique de la chaise vide (mai &#8211; juillet 1965)&nbsp;: utilisant avec z\u00e8le son droit d&#8217;initiative, elle prend pr\u00e9texte du march\u00e9 int\u00e9rieur pour r\u00e9glementer le domaine de la D\u00e9fense, sanctuaire pourtant exclusif des \u00c9tats-nations.<\/p>\n\n\n\n<p>Avec ses mani\u00e8res \u00e0 la fois arbitraires et bureaucratiques mais toujours opaques, car avan\u00e7ant masqu\u00e9e, elle promet \u00e0 ce secteur le m\u00eame sort que les autres domaines dont elle s&#8217;est occup\u00e9e depuis 1958&nbsp;: la ruine totale au profit de la concurrence extra-europ\u00e9enne. L&#8217;agriculture, les transports, l&#8217;\u00e9nergie, la m\u00e9tallurgie, l&#8217;automobile ont \u00e9t\u00e9 sacrifi\u00e9s sur l&#8217;autel de ses d\u00e9cisions et de ses convictions&nbsp;: les m\u00eames rem\u00e8des produisant les m\u00eames causes, la D\u00e9fense ne fera pas exception.<\/p>\n\n\n\n<p>En ce sens, le rapport Draghi et la nomination d&#8217;un Commissaire europ\u00e9en \u00e0 la d\u00e9fense acc\u00e9l\u00e8rent le processus, amorc\u00e9 en 1952 avec la CED. La marche f\u00e9d\u00e9rale de von der Leyen consiste en cinq \u00e9tapes claires dont la caract\u00e9ristique commune est de reposer sur des principes tous aussi faux que n\u00e9fastes aux syst\u00e8mes de d\u00e9fense de chaque \u00c9tat-membre&nbsp;:<\/p>\n\n\n\n<p><strong>L&#8217;Europe sous les fourches caudines am\u00e9ricaines<\/strong><\/p>\n\n\n\n<p>Ce sch\u00e9ma n&#8217;est ni imaginaire ni exag\u00e9r\u00e9&nbsp;: c&#8217;est tr\u00e8s exactement l&#8217;Europe de la D\u00e9fense que dessine le rapport Draghi et que M. Kubilius s&#8217;efforcera, pas \u00e0 pas, de concr\u00e9tiser durant son mandat. En ruinant assur\u00e9ment le secteur de l&#8217;industrie d&#8217;armement en Europe, il d\u00e9truira l&#8217;objectif m\u00eame recherch\u00e9&nbsp;: la d\u00e9fense de l&#8217;Europe par elle-m\u00eame. Que nombre d&#8217;\u00c9tats-membres n&#8217;aient pas protest\u00e9, se con\u00e7oit&nbsp;: comme le disait le g\u00e9n\u00e9ral De Gaulle <strong>[1]<\/strong>, \u00ab l<em>es Allemands, les Italiens, les Belges, les Pays-Bas sont domin\u00e9s par les Am\u00e9ricains<\/em>&nbsp;\u00bb.<\/p>\n\n\n\n<p>Mais il est tragique de constater qu&#8217;en France, il n&#8217;y aura plus communistes et gaullistes &#8211; ou un Mend\u00e8s-France &#8211; pour faire \u00e9chec \u00e0 cette CED nouvelle version. Les communistes ont disparu et les gaullistes, depuis Jacques Chirac, se sont ralli\u00e9s \u00e0 la f\u00e9d\u00e9ralisation de l&#8217;Europe tout en maintenant la doctrine de dissuasion fran\u00e7aise, refusant de voir que l&#8217;une sacrifie d\u00e9lib\u00e9r\u00e9ment l&#8217;autre. Aucun parti, y compris le RN, ne va jouer le r\u00f4le-cl\u00e9 qu&#8217;il aurait pu jouer sur ce dossier,&nbsp;\u00e0 l&#8217;instar de celui jou\u00e9 par le gaullisme en 1954.<\/p>\n\n\n\n<p>Cette marche \u00e0 la supranationalit\u00e9 ne sera donc pas frein\u00e9e par les \u00c9tats-membres sans g\u00e9opolitique ni par les partis souverainistes sans courage, mais bel et bien recadr\u00e9e par ceux-l\u00e0 m\u00eame \u00e0 qui elles profitent <em>in fine<\/em>&nbsp;: l&#8217;OTAN et les Etats-Unis, car ce que Madame von Der Leyen n&#8217;a pas voulu voir ou dire, c&#8217;est que sa CED \u00e0 elle, en faisant doublon \u00e0 l&#8217;OTAN, se condamne d&#8217;elle-m\u00eame.<\/p>\n\n\n\n<p>L&#8217;Europe ne faisant pas le poids face \u00e0 l&#8217;OTAN, la seule issue \u00e0 ce conflit, d\u00e9j\u00e0 palpable \u00e0 Bruxelles, sera une supranationalit\u00e9 soigneusement encadr\u00e9e ou recadr\u00e9e par les Etats-Unis pour, \u00e0 la fois, assoir leur <em>leadership<\/em>&nbsp;politique en Europe (un th\u00e9\u00e2tre d&#8217;op\u00e9ration majeur pour eux quoiqu&#8217;en dise) et s&#8217;assurer des parts dominantes dans le march\u00e9 europ\u00e9en de la D\u00e9fense. \u00ab&nbsp;To <em>get the U.S in, the Soviets out and the Germans down \u00bb<\/em> : cette d\u00e9finition cynique de l&#8217;OTAN formul\u00e9e par le premier Secr\u00e9taire-G\u00e9n\u00e9ral de l&#8217;OTAN, Lord Ismay, reste toujours d&#8217;actualit\u00e9.<\/p>\n\n\n\n<p>L&#8217;Europe de la d\u00e9fense de Mme von der Leyen se dissoudra donc dans le pilier europ\u00e9en de l&#8217;OTAN, donnant ainsi raison au g\u00e9n\u00e9ral De Gaulle&nbsp;: \u00ab <em>Vous savez ce que \u00e7a veut dire, la supranationalit\u00e9 ? La domination des Am\u00e9ricains. L&#8217;Europe supranationale, c&#8217;est l&#8217;Europe sous commandement Am\u00e9ricain<\/em> \u00bb <strong>[2]<\/strong>.<\/p>\n\n\n\n<p>La seule initiative qui subsistera sera la communautarisation forc\u00e9e de l&#8217;industrie de d\u00e9fense des \u00c9tats-membres, annonc\u00e9e d\u00e8s le 8 juillet 2017 par Mme Goulard, \u00e9ph\u00e9m\u00e8re ministre de la D\u00e9fense fran\u00e7aise&nbsp;: \u00ab <em>Si nous voulons faire l&#8217;Europe de la d\u00e9fense, il va y avoir des restructurations \u00e0 op\u00e9rer, faire des choix de compatibilit\u00e9 et, \u00e0 terme, des choix qui pourraient passer dans un premier temps pour aboutir \u00e0 privil\u00e9gier des consortiums dans lesquels les Fran\u00e7ais ne sont pas toujours leaders<\/em>&nbsp;\u00bb. La perte de souverainet\u00e9 industrielle assum\u00e9e est toujours d&#8217;actualit\u00e9 si l&#8217;on en croit MM. Cingolani et Folgiero, respectivement PDG de Leonardo et de Fincantieri qui ont repris r\u00e9cemment la m\u00eame antienne&#8230;tout en s&#8217;assurant que cette Europe industrielle-l\u00e0 se fera sous leur tutelle <strong>[3]<\/strong>.<\/p>\n\n\n\n<p>Au bilan, la seule \u00ab <em>politique de la chaise vide<\/em>&nbsp;\u00bb que la France aura faite, n&#8217;a pas \u00e9t\u00e9 le fruit d&#8217;une d\u00e9cision d&#8217;un ministre de la D\u00e9fense fran\u00e7ais qui s&#8217;affiche gaulliste, mais de quelques industriels tricolores qui ont refus\u00e9 de signer leur arr\u00eat de mort sur l&#8217;autel de la f\u00e9d\u00e9ralisation de l&#8217;industrie d&#8217;armement. Deux d&#8217;entre eux sont les ma\u00eetres d&#8217;\u0153uvre de la dissuasion&nbsp;: ce n&#8217;est pas un hasard tant la CED de Mme von Der Leyen est n\u00e9gatrice de la doctrine de dissuasion nationale qui suppose la <em>souverainet\u00e9 int\u00e9grale<\/em>&nbsp;et non la <em>servitude volontaire<\/em>&nbsp;aux deux Bruxelles.<\/p>\n\n\n\n<p><a href=\"https:\/\/mail.google.com\/mail\/u\/0\/#m_-8511541523150315434__ftnref1\">[1]<\/a> <em>C&#8217;\u00e9tait de Gaulle<\/em>, Alain Peyrefitte, Tome II, page 296<br><a href=\"https:\/\/mail.google.com\/mail\/u\/0\/#m_-8511541523150315434__ftn2\">[2]<\/a> Op.cit.<br><a href=\"https:\/\/mail.google.com\/mail\/u\/0\/#m_-8511541523150315434__ftnref3\">[3]<\/a>&nbsp;Propos extr\u00eamement clairs de M. Cingolani, <em>Corriere della Serra<\/em>, 27 octobre 2024, liant perte de souverainet\u00e9 et <em>leadership<\/em> :&nbsp;<em>\u00ab Dans l&#8217;espace, comme dans la d\u00e9fense, ce qui est petit n&#8217;est pas beau et m\u00eame une taille moyenne comme la n\u00f4tre ne suffit pas : les entreprises europ\u00e9ennes doivent s&#8217;allier, sacrifiant leur souverainet\u00e9 sur le petit march\u00e9 int\u00e9rieur pour pouvoir rivaliser ensemble sur l&#8217;immense march\u00e9 mondial. Leonardo fait office de sherpa dans ce domaine et avec Rheinmetall, nous avons atteint un premier sommet historique<\/em> \u00bb.<\/p>\n\n\n\n<p class=\"has-text-align-center\"><strong>***<\/strong><\/p>\n\n\n\n<h2 class=\"wp-block-heading has-text-align-center\"><strong><em>L\u2019Europe coalis\u00e9e contre la France<\/em><\/strong><br><strong>L\u2019Allemagne, l\u2019\u00e2me des coalitions de revers <\/strong><br><strong>(2\/2)<\/strong><\/h2>\n\n\n\n<p class=\"has-colibri-color-5-color has-text-color has-link-color wp-elements-d082b889f936d2d5d9a17031b3d6f7df\">.<\/p>\n\n\n\n<p><strong>Apr\u00e8s avoir explor\u00e9 les pi\u00e8ges de la r\u00e9surrection de la Communaut\u00e9 europ\u00e9enne de d\u00e9fense de 1952, le groupe Vauban d\u00e9crypte la strat\u00e9gie de marginalisation de la France par l&#8217;Allemagne, l&#8217;Italie et la Grande-Bretagne avec l&#8217;alliance entre Berlin et Rome dans le domaine terrestre et l&#8217;accord de Trinity House avec Londres.<\/strong><\/p>\n\n\n\n<p>L&#8217;\u00e2me de la deuxi\u00e8me coalition est, sans surprise, \u00e0 Berlin m\u00eame. Poursuivant sa politique de champions nationaux (Diehl dans les missiles&nbsp;; OHB dans le spatial&nbsp;; Rheinmetall plus que KMW, dans les blind\u00e9s&nbsp;; Hensoldt dans l&#8217;\u00e9lectronique de d\u00e9fense&nbsp;; TKMS dans le naval&nbsp;; Renk et MTU dans la propulsion) et de r\u00e9cup\u00e9ration des comp\u00e9tences qui lui font encore d\u00e9faut (propulsion spatiale, satellites d&#8217;observation et a\u00e9ronautique de combat et missiles), l&#8217;Allemagne a compris depuis les ann\u00e9es 90 qu&#8217;elle obtiendrait beaucoup plus d&#8217;une France r\u00e9calcitrante en faisant des alliances de revers que par la n\u00e9gociation directe.<\/p>\n\n\n\n<p>En ce sens, l&#8217;actualit\u00e9 r\u00e9cente est la r\u00e9\u00e9dition des ann\u00e9es 1997 \u00e0 2000, ann\u00e9es o\u00f9 Berlin a propos\u00e9 \u00e0 Londres des fusions de grande ampleur&nbsp;: Siemens avec BNFL, bourse de Francfort avec celle de Londres, DASA&nbsp;avec British Aerospace. A chaque fois, il s&#8217;agissait moins de forger des alliances de revers que de faire pression sur la France. Trop faible pour voir clair dans ses int\u00e9r\u00eats et le jeu de ses concurrents, trop altruiste pour voir toute la na\u00efvet\u00e9 et la port\u00e9e de ses actes, la France de Lionel Jospin a offert la parit\u00e9 \u00e0 l&#8217;Allemagne dans le domaine de l&#8217;a\u00e9ronautique, elle qui n&#8217;en demandait au mieux que le tiers (qu&#8217;elle pesait au demeurant tr\u00e8s justement&#8230;).<\/p>\n\n\n\n<p><strong>L&#8217;Allemagne, l&#8217;\u00e2me des coalitions de revers<\/strong><\/p>\n\n\n\n<p>Avec ses alliances en Italie (dans le domaine des blind\u00e9s) et au Royaume-Uni (sur l&#8217;ensemble des segments), Berlin tend \u00e0 Paris de nouveau le m\u00eame pi\u00e8ge&nbsp;: <em>\u00ab c\u00e9dez sur le MGCS et le SCAF, ou nous actionnons l&#8217;alliance de revers \u00bb<\/em>. L&#8217;Europe de l&#8217;industrie d&#8217;armement qui se pr\u00e9pare, n&#8217;est en r\u00e9alit\u00e9 qu&#8217;une coalition contre les th\u00e8ses fran\u00e7aises dans la D\u00e9fense et son indispensable corolaire, l&#8217;armement. Nulle surprise dans ce constat&nbsp;: dominant ses concurrents militaires et industriels gr\u00e2ce \u00e0 l&#8217;h\u00e9ritage gaullien, poss\u00e9dant le sceptre nucl\u00e9aire qui lui m\u00e9nage une place \u00e0 part dans le concert des grandes nations, influente par son si\u00e8ge au Conseil de s\u00e9curit\u00e9 aux Nations-Unies et ses exportations d&#8217;armement, la France est le pays \u00e0 ramener dans le rang des m\u00e9diocres aigris et jaloux et de la petite bourgeoisie de la d\u00e9fense europ\u00e9enne.<\/p>\n\n\n\n<p>Rien de nouveau sous le soleil europ\u00e9en puisque, si l&#8217;on en croit Alain Peyrefitte, le g\u00e9n\u00e9ral De Gaulle faisait d\u00e9j\u00e0 cette analyse : \u00ab <em>Pour la dominer aussi, on s&#8217;acharne \u00e0 vouloir la faire entrer dans un machin supranational aux ordres de Washington. De Gaulle ne veut pas de \u00e7a. Alors, on n&#8217;est pas content, et on le dit \u00e0 longueur de journ\u00e9e, on met la France en quarantaine<\/em>.&nbsp;\u00bb (13 mai 1964).<\/p>\n\n\n\n<p><strong>La menace Rheinmetall<\/strong><\/p>\n\n\n\n<p>Marginalis\u00e9e depuis la cr\u00e9ation de <em>KANT<\/em>&nbsp;puis de <em>KNDS<\/em>, m\u00e9pris\u00e9e voire sacrifi\u00e9e en France m\u00eame par le gouvernement de Fran\u00e7ois Hollande en 2015 avec la complicit\u00e9 des d\u00e9put\u00e9s UMP, l&#8217;industrie terrestre nationale ne vit que par des \u00eelots (canons, tourelles, obus), ayant abandonn\u00e9 les chars (sans que la DGA ne r\u00e9agisse en 2009 lors de la suppression de la cha\u00eene <em>Leclerc<\/em> par Luc Vigneron), les v\u00e9hicules blind\u00e9s chenill\u00e9s (choix tr\u00e8s contestable du tout-roues), l&#8217;artillerie \u00e0 longue port\u00e9e et saturante&nbsp;; \u00e9cras\u00e9e par la f\u00e9rule de Frank Haun, d\u00e9sormais noy\u00e9 dans <em>KNDS <\/em>France sans trop oser se d\u00e9fendre lui-m\u00eame, Nexter est menac\u00e9 de disparition par la double alliance KMW\/Rheinmetall&nbsp;au sein du <em>MGCS<\/em> et Rheinmetall\/Leonardo&nbsp;dans l&#8217;ensemble des segments.<\/p>\n\n\n\n<p>Aveugl\u00e9 par le couple franco-allemand, Paris n&#8217;a pas accord\u00e9 assez d&#8217;attention \u00e0 la mont\u00e9e en puissance de Rheinmetall<em>,<\/em> vrai champion du terrestre allemand, qui, par commandes et acquisitions, se retrouve enracin\u00e9 en plein milieu du jeu allemand (comme future actionnaire de TKMS et bras arm\u00e9 de la politique ukrainienne de Berlin), et de la sc\u00e8ne europ\u00e9enne&nbsp;qu&#8217;il a conquise pas \u00e0 pas&nbsp;: en Hongrie d&#8217;abord, puis au Royaume-Uni, en Lituanie, en Roumanie, en Ukraine, en Croatie et d\u00e9sormais en Italie, sans oublier d&#8217;\u00e9tablir la relation transatlantique (avec Lockheed Martin sur le <em>F-35<\/em>, avec Textron sur la comp\u00e9tition Lynx et en achetant le constructeur <em>Loc Performance Products<\/em>). La toile tiss\u00e9e par Rheinmetall en Europe est une v\u00e9ritable coalition contre les positions fran\u00e7aises.<\/p>\n\n\n\n<p><strong>Un partage de l&#8217;Europe sans la France<\/strong><\/p>\n\n\n\n<p>Le m\u00eame coup de faux se pr\u00e9pare avec l&#8217;accord germano-britannique de <em>Trinity House<\/em> qui, m\u00eame s&#8217;il ne r\u00e9alisera pas toute ses pr\u00e9tentions faute de comp\u00e9tences et de moyens, \u00e9rige un axe concurrent durable et redoutable dans des domaines cl\u00e9s pour la France&nbsp;: le nucl\u00e9aire, les syst\u00e8mes de missile \u00e0 longue port\u00e9e, les drones d&#8217;accompagnement des avions de combat de future g\u00e9n\u00e9ration, la robotique terrestre, la patrouille maritime.<\/p>\n\n\n\n<p>Fid\u00e8les serviteurs de l&#8217;OTAN et de Washington, anim\u00e9s d&#8217;un d\u00e9sir de mettre la France en position d&#8217;inf\u00e9riorit\u00e9 militaire et industrielle, les coalis\u00e9s se sont partag\u00e9s l&#8217;Europe&nbsp;: \u00e0 l&#8217;Allemagne, la d\u00e9fense du flanc Nord de l&#8217;OTAN&nbsp;; \u00e0 l&#8217;Italie, la d\u00e9fense du flanc Sud joignant th\u00e9\u00e2tre de la M\u00e9diterran\u00e9e orientale \u00e0 l&#8217;Asie-Pacifique&nbsp;; au Royaume-Uni, la Turquie, la Pologne et les pays baltes en liaison avec l&#8217;Allemagne. Les contrats industriels suivent les diplomates, avec une moisson gigantesque de chars de combat <em>Leopard<\/em>, de v\u00e9hicules blind\u00e9s <em>Boxer<\/em>, de l&#8217;artillerie <em>RCH-155<\/em>, de v\u00e9hicules blind\u00e9s de combat d&#8217;infanterie <em>Lynx<\/em>&nbsp;et de chars <em>Panther<\/em>&nbsp;et de syst\u00e8mes sol-air (22 pays membres de l&#8217;initiative allemande <em>ESSI<\/em>).<\/p>\n\n\n\n<p><strong>La France nulle part dans l&#8217;Europe qu&#8217;elle pr\u00e9tend b\u00e2tir<\/strong><\/p>\n\n\n\n<p>Au bilan, la France est nulle part dans cette Europe qu&#8217;elle pr\u00e9tend pourtant b\u00e2tir&nbsp;; elle n&#8217;a pas eu le courage politique de s&#8217;opposer aux d\u00e9rives ill\u00e9gales de la Commission europ\u00e9enne en pratiquant la politique de la chaise vide&nbsp;; son gouvernement est un m\u00e9lange instable de f\u00e9d\u00e9ralisme affirm\u00e9, d&#8217;atlantisme assum\u00e9 et de gaullisme&nbsp;\u00e0 \u00e9clipses&nbsp;: comment pourrait-il mener une autre politique que celle \u00ab <em>du chien crev\u00e9 au fil de l&#8217;eau&nbsp;\u00bb<\/em> (De Gaulle) consistant \u00e0 se couler avec facilit\u00e9 et confort dans le <em>mainstream<\/em>&nbsp;institutionnel otanien au nom de l&#8217;Ukraine ? Comme lors de la IV<sup>e<\/sup> R\u00e9publique, ses partis politiques sont occup\u00e9s \u00e0 la tambouille politicienne et ne pensent plus le monde selon les int\u00e9r\u00eats nationaux mais selon les int\u00e9r\u00eats de l&#8217;OTAN, de l&#8217;Ukraine et d&#8217;Isra\u00ebl.<\/p>\n\n\n\n<p>Alors que la France s&#8217;\u00e9puise en d\u00e9bats st\u00e9riles politiciens dans un r\u00e9gime devenu instable (les deux vont de pair), ses positions strat\u00e9giques en Europe se d\u00e9gradent :<\/p>\n\n\n\n<p>Le pire est que ces d\u00e9veloppements ont \u00e9t\u00e9 port\u00e9s par la classe politique elle-m\u00eame qui les a encourag\u00e9s \u00e0 coup de proposition de <em>\u00ab&nbsp;dialogue sur la dissuasion&nbsp;\u00bb<\/em>, <em>\u00ab&nbsp;d&#8217;autonomie strat\u00e9gique europ\u00e9enne&nbsp;\u00bb<\/em> ou de programmes en coop\u00e9ration mal n\u00e9goci\u00e9s, en mettant de c\u00f4t\u00e9 les aspects g\u00eanants comme les divergences de doctrine, de niveau technologique et d&#8217;analyses sur les exportations.<\/p>\n\n\n\n<p>Le pire est \u00e9galement que ces d\u00e9veloppements se profilent au moment m\u00eame o\u00f9 la France, faute de limiter son gouvernement aux seuls domaines r\u00e9galiens et de cr\u00e9er la richesse au lieu de la taxer et de la d\u00e9courager, n&#8217;a plus les moyens de sa d\u00e9fense&nbsp;: comment celle-ci pourrait-elle en effet continuer de r\u00e9sister \u00e0 la d\u00e9rive des finances publiques, \u00e0 la sous-estimation syst\u00e9matique de tous ses besoins (des capacit\u00e9s n\u00e9glig\u00e9es aux infrastructures d\u00e9laiss\u00e9es en passant par les surco\u00fbts conjoncturels pr\u00e9visibles mais ignor\u00e9s)&nbsp;et \u00e0 la mauvaise gestion de ses finances propres (comme en t\u00e9moigne le montant faramineux des reports de charges) ?<\/p>\n\n\n\n<p>Si la LPM est officiellement maintenue en apparence, ses fondements financiers, d\u00e9j\u00e0 min\u00e9s d\u00e8s sa conception par un sous-financement g\u00e9n\u00e9ral, apparaissent pour ce qu&#8217;ils sont&nbsp;: insuffisants \u00e0 porter le r\u00e9armement national de mani\u00e8re durable et soutenu. Faudra-t-il comme Louis XIV vendre l&#8217;argenterie royale&nbsp;? Faudra-t-il vendre des biens nationaux comme la R\u00e9volution&nbsp;le fit dans son incurie ? Ou lui faudra-t-il \u00e9craser d&#8217;imp\u00f4ts les Fran\u00e7ais comme le Premier Empire s&#8217;y est r\u00e9sign\u00e9 pour \u00e9viter l&#8217;emprunt ?<\/p>\n\n\n\n<p><strong>Une r\u00e9vision drastique de ses alliances<\/strong><\/p>\n\n\n\n<p><strong><em>La rupture avec les deux Bruxelles est la double condition de la renaissance nationale<\/em><\/strong>. Face \u00e0 l&#8217;Europe coalis\u00e9e contre son syst\u00e8me de d\u00e9fense, la France n&#8217;aura pas d&#8217;autre choix qu&#8217;un sursaut passant par une r\u00e9vision fondamentale du r\u00f4le de l&#8217;\u00c9tat, c&#8217;est-\u00e0-dire la r\u00e9duction drastique de ses interventions sociales et \u00e9conomiques ruineuses et inefficaces, et d&#8217;une r\u00e9vision compl\u00e8te de son cadre d&#8217;alliances, afin que celles-ci la fortifient au lieu de l&#8217;atrophier.<\/p>\n\n\n\n<p>La guerre froide n&#8217;a pas emp\u00each\u00e9 ni la politique de la chaise vide ni le retrait du commandement int\u00e9gr\u00e9 de l&#8217;OTAN, c&#8217;est-\u00e0-dire de quitter les deux Bruxelles au profit d&#8217;une politique du grand large, et pourtant le g\u00e9n\u00e9ral de Gaulle qui a pris ces deux d\u00e9cisions majeures, n&#8217;\u00e9tait ni irresponsable ni irr\u00e9fl\u00e9chi. Les fruits de la grande politique qu&#8217;il a voulue, sont connus&nbsp;: un rayonnement consid\u00e9rable de sa diplomatie et de ses exportations d&#8217;armement.<\/p>\n\n\n\n<p class=\"has-text-align-right\"><a href=\"https:\/\/www.latribune.fr\/journalistes\/michel-cabirol-201\">Groupe Vauban*<\/a><br>Article paru dans \u00ab&nbsp;<em>La Tribune<\/em>&nbsp;\u00bb<br><a href=\"https:\/\/www.latribune.fr\/opinions\/l-europe-coalisee-contre-la-france-l-allemagne-l-ame-des-coalitions-de-revers-2-2-1010312.html\">04<\/a> et <a href=\"https:\/\/www.latribune.fr\/opinions\/l-europe-coalisee-contre-la-france-les-deux-bruxelles-contre-la-france-1-2-1010305.html\">05\/11\/2024<\/a><\/p>\n\n\n\n[*] Le groupe Vauban regroupe une vingtaine de sp\u00e9cialistes des questions de d\u00e9fense.<\/p>\n<div class=\"pdfprnt-buttons pdfprnt-buttons-post pdfprnt-bottom-right\"><a href=\"https:\/\/aassdn.org\/amicale\/wp-json\/wp\/v2\/posts\/16851?print=pdf\" class=\"pdfprnt-button pdfprnt-button-pdf\" target=\"_blank\" ><img decoding=\"async\" data-src=\"https:\/\/aassdn.org\/amicale\/wp-content\/plugins\/pdf-print\/images\/pdf.png\" alt=\"image_pdf\" title=\"Afficher le PDF\" src=\"data:image\/svg+xml;base64,PHN2ZyB3aWR0aD0iMSIgaGVpZ2h0PSIxIiB4bWxucz0iaHR0cDovL3d3dy53My5vcmcvMjAwMC9zdmciPjwvc3ZnPg==\" class=\"lazyload\" style=\"--smush-placeholder-width: 32px; --smush-placeholder-aspect-ratio: 32\/32;\" \/><\/a><a href=\"https:\/\/aassdn.org\/amicale\/wp-json\/wp\/v2\/posts\/16851?print=print\" class=\"pdfprnt-button pdfprnt-button-print\" target=\"_blank\" ><\/a><\/div>","protected":false},"excerpt":{"rendered":"<p>Le Groupe Vauban met en garde contre la cr\u00e9ation d\u2019un march\u00e9 unique europ\u00e9en de la d\u00e9fense, qui ferait la part belle aux industriels extra-europ\u00e9ens et aux coalitions germano-italiennes ou germano-britanniques, affaiblissant ainsi consid\u00e9rablement la souverainet\u00e9 fran\u00e7aise. Face \u00e0 cette \u00e9volution pilot\u00e9e par les \u00ab deux Bruxelles \u00bb et par Berlin, il appelle \u00e0 une r\u00e9vision [&hellip;]<\/p>\n","protected":false},"author":32,"featured_media":16852,"comment_status":"open","ping_status":"closed","sticky":false,"template":"","format":"standard","meta":{"_acf_changed":false,"footnotes":""},"categories":[288,278,114,276],"tags":[2475,3272,307,275,938,4004,4001,4005,4020,1884],"class_list":["post-16851","post","type-post","status-publish","format-standard","has-post-thumbnail","hentry","category-2020-2030","category-actualites","category-europe-de-louest","category-union-europeenne","tag-alliance","tag-alliances","tag-defense","tag-europe","tag-france","tag-groupe-vauban","tag-industrie-darmement","tag-marche-unique","tag-marche-unique-europeen-de-la-defense","tag-souverainete"],"acf":[],"yoast_head":"<!-- This site is optimized with the Yoast SEO plugin v27.4 - https:\/\/yoast.com\/product\/yoast-seo-wordpress\/ -->\n<title>L\u2019Europe coalis\u00e9e contre la France<\/title>\n<meta name=\"description\" content=\"Les deux articles, parus fin 2024 dans\u00a0La Tribune, ont pour objet d&#039;alerter et de sensibiliser les Fran\u00e7ais sur les cons\u00e9quences des op\u00e9rations\u00a0 de recomposition envisag\u00e9es et\u00a0 en cours des alliances dans l&#039;industrie d&#039;armement europ\u00e9enne.\" \/>\n<meta name=\"robots\" content=\"index, follow, max-snippet:-1, max-image-preview:large, max-video-preview:-1\" \/>\n<link rel=\"canonical\" href=\"https:\/\/aassdn.org\/amicale\/l-europe-coalisee-contre-la-france_les-deux-bruxelles-contre-la-france_l-allemagne-l-ame-des-coalitions-de-revers\/\" \/>\n<meta property=\"og:locale\" content=\"fr_FR\" \/>\n<meta property=\"og:type\" content=\"article\" \/>\n<meta property=\"og:title\" content=\"L\u2019Europe coalis\u00e9e contre la France\" \/>\n<meta property=\"og:description\" content=\"Les deux articles, parus fin 2024 dans\u00a0La Tribune, ont pour objet d&#039;alerter et de sensibiliser les Fran\u00e7ais sur les cons\u00e9quences des op\u00e9rations\u00a0 de recomposition envisag\u00e9es et\u00a0 en cours des alliances dans l&#039;industrie d&#039;armement europ\u00e9enne.\" \/>\n<meta property=\"og:url\" content=\"https:\/\/aassdn.org\/amicale\/l-europe-coalisee-contre-la-france_les-deux-bruxelles-contre-la-france_l-allemagne-l-ame-des-coalitions-de-revers\/\" \/>\n<meta property=\"og:site_name\" content=\"AASSDN | Anciens et Amis des Services Sp\u00e9ciaux\" \/>\n<meta property=\"article:published_time\" content=\"2025-01-02T19:38:46+00:00\" \/>\n<meta property=\"article:modified_time\" content=\"2025-04-21T17:22:36+00:00\" \/>\n<meta property=\"og:image\" content=\"https:\/\/aassdn.org\/amicale\/wp-content\/uploads\/euro-flag-1776253_1280.jpg\" \/>\n\t<meta property=\"og:image:width\" content=\"1280\" \/>\n\t<meta property=\"og:image:height\" content=\"915\" \/>\n\t<meta property=\"og:image:type\" content=\"image\/jpeg\" \/>\n<meta name=\"author\" content=\"AASSDN\" \/>\n<meta name=\"twitter:card\" content=\"summary_large_image\" \/>\n<meta name=\"twitter:label1\" content=\"\u00c9crit par\" \/>\n\t<meta name=\"twitter:data1\" content=\"AASSDN\" \/>\n\t<meta name=\"twitter:label2\" content=\"Dur\u00e9e de lecture estim\u00e9e\" \/>\n\t<meta name=\"twitter:data2\" content=\"15 minutes\" \/>\n<script type=\"application\/ld+json\" class=\"yoast-schema-graph\">{\"@context\":\"https:\\\/\\\/schema.org\",\"@graph\":[{\"@type\":\"Article\",\"@id\":\"https:\\\/\\\/aassdn.org\\\/amicale\\\/l-europe-coalisee-contre-la-france_les-deux-bruxelles-contre-la-france_l-allemagne-l-ame-des-coalitions-de-revers\\\/#article\",\"isPartOf\":{\"@id\":\"https:\\\/\\\/aassdn.org\\\/amicale\\\/l-europe-coalisee-contre-la-france_les-deux-bruxelles-contre-la-france_l-allemagne-l-ame-des-coalitions-de-revers\\\/\"},\"author\":{\"name\":\"AASSDN\",\"@id\":\"https:\\\/\\\/aassdn.org\\\/amicale\\\/#\\\/schema\\\/person\\\/8e950b11c74c24df36dc8e172f9451f4\"},\"headline\":\"Souverainet\u00e9. Menaces sur l\u2019industrie d\u2019armement fran\u00e7aise\",\"datePublished\":\"2025-01-02T19:38:46+00:00\",\"dateModified\":\"2025-04-21T17:22:36+00:00\",\"mainEntityOfPage\":{\"@id\":\"https:\\\/\\\/aassdn.org\\\/amicale\\\/l-europe-coalisee-contre-la-france_les-deux-bruxelles-contre-la-france_l-allemagne-l-ame-des-coalitions-de-revers\\\/\"},\"wordCount\":3368,\"commentCount\":0,\"publisher\":{\"@id\":\"https:\\\/\\\/aassdn.org\\\/amicale\\\/#organization\"},\"image\":{\"@id\":\"https:\\\/\\\/aassdn.org\\\/amicale\\\/l-europe-coalisee-contre-la-france_les-deux-bruxelles-contre-la-france_l-allemagne-l-ame-des-coalitions-de-revers\\\/#primaryimage\"},\"thumbnailUrl\":\"https:\\\/\\\/aassdn.org\\\/amicale\\\/wp-content\\\/uploads\\\/euro-flag-1776253_1280.jpg\",\"keywords\":[\"Alliance\",\"alliances\",\"d\u00e9fense\",\"Europe\",\"France\",\"Groupe Vauban\",\"industrie d'armement\",\"march\u00e9 unique\",\"march\u00e9 unique europ\u00e9en de la d\u00e9fense\",\"souverainet\u00e9\"],\"articleSection\":[\"2020-2030\",\"Actualit\u00e9s\",\"Europe de l'Ouest\",\"Union Europ\u00e9enne\"],\"inLanguage\":\"fr-FR\",\"potentialAction\":[{\"@type\":\"CommentAction\",\"name\":\"Comment\",\"target\":[\"https:\\\/\\\/aassdn.org\\\/amicale\\\/l-europe-coalisee-contre-la-france_les-deux-bruxelles-contre-la-france_l-allemagne-l-ame-des-coalitions-de-revers\\\/#respond\"]}]},{\"@type\":\"WebPage\",\"@id\":\"https:\\\/\\\/aassdn.org\\\/amicale\\\/l-europe-coalisee-contre-la-france_les-deux-bruxelles-contre-la-france_l-allemagne-l-ame-des-coalitions-de-revers\\\/\",\"url\":\"https:\\\/\\\/aassdn.org\\\/amicale\\\/l-europe-coalisee-contre-la-france_les-deux-bruxelles-contre-la-france_l-allemagne-l-ame-des-coalitions-de-revers\\\/\",\"name\":\"L\u2019Europe coalis\u00e9e contre la France\",\"isPartOf\":{\"@id\":\"https:\\\/\\\/aassdn.org\\\/amicale\\\/#website\"},\"primaryImageOfPage\":{\"@id\":\"https:\\\/\\\/aassdn.org\\\/amicale\\\/l-europe-coalisee-contre-la-france_les-deux-bruxelles-contre-la-france_l-allemagne-l-ame-des-coalitions-de-revers\\\/#primaryimage\"},\"image\":{\"@id\":\"https:\\\/\\\/aassdn.org\\\/amicale\\\/l-europe-coalisee-contre-la-france_les-deux-bruxelles-contre-la-france_l-allemagne-l-ame-des-coalitions-de-revers\\\/#primaryimage\"},\"thumbnailUrl\":\"https:\\\/\\\/aassdn.org\\\/amicale\\\/wp-content\\\/uploads\\\/euro-flag-1776253_1280.jpg\",\"datePublished\":\"2025-01-02T19:38:46+00:00\",\"dateModified\":\"2025-04-21T17:22:36+00:00\",\"description\":\"Les deux articles, parus fin 2024 dans\u00a0La Tribune, ont pour objet d'alerter et de sensibiliser les Fran\u00e7ais sur les cons\u00e9quences des op\u00e9rations\u00a0 de recomposition envisag\u00e9es et\u00a0 en cours des alliances dans l'industrie d'armement europ\u00e9enne.\",\"breadcrumb\":{\"@id\":\"https:\\\/\\\/aassdn.org\\\/amicale\\\/l-europe-coalisee-contre-la-france_les-deux-bruxelles-contre-la-france_l-allemagne-l-ame-des-coalitions-de-revers\\\/#breadcrumb\"},\"inLanguage\":\"fr-FR\",\"potentialAction\":[{\"@type\":\"ReadAction\",\"target\":[\"https:\\\/\\\/aassdn.org\\\/amicale\\\/l-europe-coalisee-contre-la-france_les-deux-bruxelles-contre-la-france_l-allemagne-l-ame-des-coalitions-de-revers\\\/\"]}]},{\"@type\":\"ImageObject\",\"inLanguage\":\"fr-FR\",\"@id\":\"https:\\\/\\\/aassdn.org\\\/amicale\\\/l-europe-coalisee-contre-la-france_les-deux-bruxelles-contre-la-france_l-allemagne-l-ame-des-coalitions-de-revers\\\/#primaryimage\",\"url\":\"https:\\\/\\\/aassdn.org\\\/amicale\\\/wp-content\\\/uploads\\\/euro-flag-1776253_1280.jpg\",\"contentUrl\":\"https:\\\/\\\/aassdn.org\\\/amicale\\\/wp-content\\\/uploads\\\/euro-flag-1776253_1280.jpg\",\"width\":1280,\"height\":915},{\"@type\":\"BreadcrumbList\",\"@id\":\"https:\\\/\\\/aassdn.org\\\/amicale\\\/l-europe-coalisee-contre-la-france_les-deux-bruxelles-contre-la-france_l-allemagne-l-ame-des-coalitions-de-revers\\\/#breadcrumb\",\"itemListElement\":[{\"@type\":\"ListItem\",\"position\":1,\"name\":\"Accueil\",\"item\":\"https:\\\/\\\/aassdn.org\\\/amicale\\\/\"},{\"@type\":\"ListItem\",\"position\":2,\"name\":\"Souverainet\u00e9. Menaces sur l\u2019industrie d\u2019armement fran\u00e7aise\"}]},{\"@type\":\"WebSite\",\"@id\":\"https:\\\/\\\/aassdn.org\\\/amicale\\\/#website\",\"url\":\"https:\\\/\\\/aassdn.org\\\/amicale\\\/\",\"name\":\"AASSDN | Anciens et Amis des Services Sp\u00e9ciaux\",\"description\":\"Services sp\u00e9ciaux : Des h\u00e9ros anonymes au service exclusif de la France\",\"publisher\":{\"@id\":\"https:\\\/\\\/aassdn.org\\\/amicale\\\/#organization\"},\"potentialAction\":[{\"@type\":\"SearchAction\",\"target\":{\"@type\":\"EntryPoint\",\"urlTemplate\":\"https:\\\/\\\/aassdn.org\\\/amicale\\\/?s={search_term_string}\"},\"query-input\":{\"@type\":\"PropertyValueSpecification\",\"valueRequired\":true,\"valueName\":\"search_term_string\"}}],\"inLanguage\":\"fr-FR\"},{\"@type\":\"Organization\",\"@id\":\"https:\\\/\\\/aassdn.org\\\/amicale\\\/#organization\",\"name\":\"AASSDN | Anciens et Amis des Services Sp\u00e9ciaux\",\"url\":\"https:\\\/\\\/aassdn.org\\\/amicale\\\/\",\"logo\":{\"@type\":\"ImageObject\",\"inLanguage\":\"fr-FR\",\"@id\":\"https:\\\/\\\/aassdn.org\\\/amicale\\\/#\\\/schema\\\/logo\\\/image\\\/\",\"url\":\"https:\\\/\\\/aassdn.org\\\/amicale\\\/wp-content\\\/uploads\\\/Logo_AASSDN_transparent2.png\",\"contentUrl\":\"https:\\\/\\\/aassdn.org\\\/amicale\\\/wp-content\\\/uploads\\\/Logo_AASSDN_transparent2.png\",\"width\":1832,\"height\":1609,\"caption\":\"AASSDN | Anciens et Amis des Services Sp\u00e9ciaux\"},\"image\":{\"@id\":\"https:\\\/\\\/aassdn.org\\\/amicale\\\/#\\\/schema\\\/logo\\\/image\\\/\"}},{\"@type\":\"Person\",\"@id\":\"https:\\\/\\\/aassdn.org\\\/amicale\\\/#\\\/schema\\\/person\\\/8e950b11c74c24df36dc8e172f9451f4\",\"name\":\"AASSDN\",\"image\":{\"@type\":\"ImageObject\",\"inLanguage\":\"fr-FR\",\"@id\":\"https:\\\/\\\/secure.gravatar.com\\\/avatar\\\/fd0b6d50e70e6f0ed2d0d0ed7be3689bc93c931340a70ec36db416b5f0486016?s=96&d=mm&r=g\",\"url\":\"https:\\\/\\\/secure.gravatar.com\\\/avatar\\\/fd0b6d50e70e6f0ed2d0d0ed7be3689bc93c931340a70ec36db416b5f0486016?s=96&d=mm&r=g\",\"contentUrl\":\"https:\\\/\\\/secure.gravatar.com\\\/avatar\\\/fd0b6d50e70e6f0ed2d0d0ed7be3689bc93c931340a70ec36db416b5f0486016?s=96&d=mm&r=g\",\"caption\":\"AASSDN\"},\"url\":\"https:\\\/\\\/aassdn.org\\\/amicale\\\/author\\\/laure-fanjeau\\\/\"}]}<\/script>\n<!-- \/ Yoast SEO plugin. -->","yoast_head_json":{"title":"L\u2019Europe coalis\u00e9e contre la France","description":"Les deux articles, parus fin 2024 dans\u00a0La Tribune, ont pour objet d'alerter et de sensibiliser les Fran\u00e7ais sur les cons\u00e9quences des op\u00e9rations\u00a0 de recomposition envisag\u00e9es et\u00a0 en cours des alliances dans l'industrie d'armement europ\u00e9enne.","robots":{"index":"index","follow":"follow","max-snippet":"max-snippet:-1","max-image-preview":"max-image-preview:large","max-video-preview":"max-video-preview:-1"},"canonical":"https:\/\/aassdn.org\/amicale\/l-europe-coalisee-contre-la-france_les-deux-bruxelles-contre-la-france_l-allemagne-l-ame-des-coalitions-de-revers\/","og_locale":"fr_FR","og_type":"article","og_title":"L\u2019Europe coalis\u00e9e contre la France","og_description":"Les deux articles, parus fin 2024 dans\u00a0La Tribune, ont pour objet d'alerter et de sensibiliser les Fran\u00e7ais sur les cons\u00e9quences des op\u00e9rations\u00a0 de recomposition envisag\u00e9es et\u00a0 en cours des alliances dans l'industrie d'armement europ\u00e9enne.","og_url":"https:\/\/aassdn.org\/amicale\/l-europe-coalisee-contre-la-france_les-deux-bruxelles-contre-la-france_l-allemagne-l-ame-des-coalitions-de-revers\/","og_site_name":"AASSDN | Anciens et Amis des Services Sp\u00e9ciaux","article_published_time":"2025-01-02T19:38:46+00:00","article_modified_time":"2025-04-21T17:22:36+00:00","og_image":[{"width":1280,"height":915,"url":"https:\/\/aassdn.org\/amicale\/wp-content\/uploads\/euro-flag-1776253_1280.jpg","type":"image\/jpeg"}],"author":"AASSDN","twitter_card":"summary_large_image","twitter_misc":{"\u00c9crit par":"AASSDN","Dur\u00e9e de lecture estim\u00e9e":"15 minutes"},"schema":{"@context":"https:\/\/schema.org","@graph":[{"@type":"Article","@id":"https:\/\/aassdn.org\/amicale\/l-europe-coalisee-contre-la-france_les-deux-bruxelles-contre-la-france_l-allemagne-l-ame-des-coalitions-de-revers\/#article","isPartOf":{"@id":"https:\/\/aassdn.org\/amicale\/l-europe-coalisee-contre-la-france_les-deux-bruxelles-contre-la-france_l-allemagne-l-ame-des-coalitions-de-revers\/"},"author":{"name":"AASSDN","@id":"https:\/\/aassdn.org\/amicale\/#\/schema\/person\/8e950b11c74c24df36dc8e172f9451f4"},"headline":"Souverainet\u00e9. Menaces sur l\u2019industrie d\u2019armement fran\u00e7aise","datePublished":"2025-01-02T19:38:46+00:00","dateModified":"2025-04-21T17:22:36+00:00","mainEntityOfPage":{"@id":"https:\/\/aassdn.org\/amicale\/l-europe-coalisee-contre-la-france_les-deux-bruxelles-contre-la-france_l-allemagne-l-ame-des-coalitions-de-revers\/"},"wordCount":3368,"commentCount":0,"publisher":{"@id":"https:\/\/aassdn.org\/amicale\/#organization"},"image":{"@id":"https:\/\/aassdn.org\/amicale\/l-europe-coalisee-contre-la-france_les-deux-bruxelles-contre-la-france_l-allemagne-l-ame-des-coalitions-de-revers\/#primaryimage"},"thumbnailUrl":"https:\/\/aassdn.org\/amicale\/wp-content\/uploads\/euro-flag-1776253_1280.jpg","keywords":["Alliance","alliances","d\u00e9fense","Europe","France","Groupe Vauban","industrie d'armement","march\u00e9 unique","march\u00e9 unique europ\u00e9en de la d\u00e9fense","souverainet\u00e9"],"articleSection":["2020-2030","Actualit\u00e9s","Europe de l'Ouest","Union Europ\u00e9enne"],"inLanguage":"fr-FR","potentialAction":[{"@type":"CommentAction","name":"Comment","target":["https:\/\/aassdn.org\/amicale\/l-europe-coalisee-contre-la-france_les-deux-bruxelles-contre-la-france_l-allemagne-l-ame-des-coalitions-de-revers\/#respond"]}]},{"@type":"WebPage","@id":"https:\/\/aassdn.org\/amicale\/l-europe-coalisee-contre-la-france_les-deux-bruxelles-contre-la-france_l-allemagne-l-ame-des-coalitions-de-revers\/","url":"https:\/\/aassdn.org\/amicale\/l-europe-coalisee-contre-la-france_les-deux-bruxelles-contre-la-france_l-allemagne-l-ame-des-coalitions-de-revers\/","name":"L\u2019Europe coalis\u00e9e contre la France","isPartOf":{"@id":"https:\/\/aassdn.org\/amicale\/#website"},"primaryImageOfPage":{"@id":"https:\/\/aassdn.org\/amicale\/l-europe-coalisee-contre-la-france_les-deux-bruxelles-contre-la-france_l-allemagne-l-ame-des-coalitions-de-revers\/#primaryimage"},"image":{"@id":"https:\/\/aassdn.org\/amicale\/l-europe-coalisee-contre-la-france_les-deux-bruxelles-contre-la-france_l-allemagne-l-ame-des-coalitions-de-revers\/#primaryimage"},"thumbnailUrl":"https:\/\/aassdn.org\/amicale\/wp-content\/uploads\/euro-flag-1776253_1280.jpg","datePublished":"2025-01-02T19:38:46+00:00","dateModified":"2025-04-21T17:22:36+00:00","description":"Les deux articles, parus fin 2024 dans\u00a0La Tribune, ont pour objet d'alerter et de sensibiliser les Fran\u00e7ais sur les cons\u00e9quences des op\u00e9rations\u00a0 de recomposition envisag\u00e9es et\u00a0 en cours des alliances dans l'industrie d'armement europ\u00e9enne.","breadcrumb":{"@id":"https:\/\/aassdn.org\/amicale\/l-europe-coalisee-contre-la-france_les-deux-bruxelles-contre-la-france_l-allemagne-l-ame-des-coalitions-de-revers\/#breadcrumb"},"inLanguage":"fr-FR","potentialAction":[{"@type":"ReadAction","target":["https:\/\/aassdn.org\/amicale\/l-europe-coalisee-contre-la-france_les-deux-bruxelles-contre-la-france_l-allemagne-l-ame-des-coalitions-de-revers\/"]}]},{"@type":"ImageObject","inLanguage":"fr-FR","@id":"https:\/\/aassdn.org\/amicale\/l-europe-coalisee-contre-la-france_les-deux-bruxelles-contre-la-france_l-allemagne-l-ame-des-coalitions-de-revers\/#primaryimage","url":"https:\/\/aassdn.org\/amicale\/wp-content\/uploads\/euro-flag-1776253_1280.jpg","contentUrl":"https:\/\/aassdn.org\/amicale\/wp-content\/uploads\/euro-flag-1776253_1280.jpg","width":1280,"height":915},{"@type":"BreadcrumbList","@id":"https:\/\/aassdn.org\/amicale\/l-europe-coalisee-contre-la-france_les-deux-bruxelles-contre-la-france_l-allemagne-l-ame-des-coalitions-de-revers\/#breadcrumb","itemListElement":[{"@type":"ListItem","position":1,"name":"Accueil","item":"https:\/\/aassdn.org\/amicale\/"},{"@type":"ListItem","position":2,"name":"Souverainet\u00e9. Menaces sur l\u2019industrie d\u2019armement fran\u00e7aise"}]},{"@type":"WebSite","@id":"https:\/\/aassdn.org\/amicale\/#website","url":"https:\/\/aassdn.org\/amicale\/","name":"AASSDN | Anciens et Amis des Services Sp\u00e9ciaux","description":"Services sp\u00e9ciaux : Des h\u00e9ros anonymes au service exclusif de la France","publisher":{"@id":"https:\/\/aassdn.org\/amicale\/#organization"},"potentialAction":[{"@type":"SearchAction","target":{"@type":"EntryPoint","urlTemplate":"https:\/\/aassdn.org\/amicale\/?s={search_term_string}"},"query-input":{"@type":"PropertyValueSpecification","valueRequired":true,"valueName":"search_term_string"}}],"inLanguage":"fr-FR"},{"@type":"Organization","@id":"https:\/\/aassdn.org\/amicale\/#organization","name":"AASSDN | Anciens et Amis des Services Sp\u00e9ciaux","url":"https:\/\/aassdn.org\/amicale\/","logo":{"@type":"ImageObject","inLanguage":"fr-FR","@id":"https:\/\/aassdn.org\/amicale\/#\/schema\/logo\/image\/","url":"https:\/\/aassdn.org\/amicale\/wp-content\/uploads\/Logo_AASSDN_transparent2.png","contentUrl":"https:\/\/aassdn.org\/amicale\/wp-content\/uploads\/Logo_AASSDN_transparent2.png","width":1832,"height":1609,"caption":"AASSDN | Anciens et Amis des Services Sp\u00e9ciaux"},"image":{"@id":"https:\/\/aassdn.org\/amicale\/#\/schema\/logo\/image\/"}},{"@type":"Person","@id":"https:\/\/aassdn.org\/amicale\/#\/schema\/person\/8e950b11c74c24df36dc8e172f9451f4","name":"AASSDN","image":{"@type":"ImageObject","inLanguage":"fr-FR","@id":"https:\/\/secure.gravatar.com\/avatar\/fd0b6d50e70e6f0ed2d0d0ed7be3689bc93c931340a70ec36db416b5f0486016?s=96&d=mm&r=g","url":"https:\/\/secure.gravatar.com\/avatar\/fd0b6d50e70e6f0ed2d0d0ed7be3689bc93c931340a70ec36db416b5f0486016?s=96&d=mm&r=g","contentUrl":"https:\/\/secure.gravatar.com\/avatar\/fd0b6d50e70e6f0ed2d0d0ed7be3689bc93c931340a70ec36db416b5f0486016?s=96&d=mm&r=g","caption":"AASSDN"},"url":"https:\/\/aassdn.org\/amicale\/author\/laure-fanjeau\/"}]}},"_links":{"self":[{"href":"https:\/\/aassdn.org\/amicale\/wp-json\/wp\/v2\/posts\/16851","targetHints":{"allow":["GET"]}}],"collection":[{"href":"https:\/\/aassdn.org\/amicale\/wp-json\/wp\/v2\/posts"}],"about":[{"href":"https:\/\/aassdn.org\/amicale\/wp-json\/wp\/v2\/types\/post"}],"author":[{"embeddable":true,"href":"https:\/\/aassdn.org\/amicale\/wp-json\/wp\/v2\/users\/32"}],"replies":[{"embeddable":true,"href":"https:\/\/aassdn.org\/amicale\/wp-json\/wp\/v2\/comments?post=16851"}],"version-history":[{"count":0,"href":"https:\/\/aassdn.org\/amicale\/wp-json\/wp\/v2\/posts\/16851\/revisions"}],"wp:featuredmedia":[{"embeddable":true,"href":"https:\/\/aassdn.org\/amicale\/wp-json\/wp\/v2\/media\/16852"}],"wp:attachment":[{"href":"https:\/\/aassdn.org\/amicale\/wp-json\/wp\/v2\/media?parent=16851"}],"wp:term":[{"taxonomy":"category","embeddable":true,"href":"https:\/\/aassdn.org\/amicale\/wp-json\/wp\/v2\/categories?post=16851"},{"taxonomy":"post_tag","embeddable":true,"href":"https:\/\/aassdn.org\/amicale\/wp-json\/wp\/v2\/tags?post=16851"}],"curies":[{"name":"wp","href":"https:\/\/api.w.org\/{rel}","templated":true}]}}