{"id":16181,"date":"2024-10-22T08:59:26","date_gmt":"2024-10-22T06:59:26","guid":{"rendered":"https:\/\/aassdn.org\/amicale\/?p=16181"},"modified":"2024-10-22T09:03:23","modified_gmt":"2024-10-22T07:03:23","slug":"22-octobre-1956_le-detournement-de-l-avion-du-fln","status":"publish","type":"post","link":"https:\/\/aassdn.org\/amicale\/22-octobre-1956_le-detournement-de-l-avion-du-fln\/","title":{"rendered":"22 octobre 1956\u00a0: Le d\u00e9tournement de l&#8217;avion du FLN"},"content":{"rendered":"\n<p><strong>L&#8217;arrestation spectaculaire de cinq chefs historiques du Front de lib\u00e9ration nationale (FLN)\u00a0 suite \u00e0 une op\u00e9ration de piraterie a\u00e9rienne le 22 octobre 1956 constitue l&#8217;un des grands coups de ma\u00eetre de l&#8217;arm\u00e9e fran\u00e7aise pendant la guerre d&#8217;Alg\u00e9rie.<\/strong><\/p>\n\n\n\n<p class=\"has-background\" style=\"background-color:#eeeeee\"><strong>Commentaire AASSDN<\/strong> : Le d\u00e9tournement de l&#8217;avion transportant des chefs du FLN a \u00e9t\u00e9 une magnifique op\u00e9ration construite sur de bons renseignements et mont\u00e9e dans un temps tr\u00e8s court. Pour sa r\u00e9ussite, apr\u00e8s un feu vert donn\u00e9 rapidement en court circuitant nombre de d\u00e9cisionnaires, \u00a0un certain nombre de moyens civils et militaires ont \u00e9t\u00e9 mis en \u0153uvre sans la moindre fuite. Elle impliquait la collaboration de l&#8217;\u00e9quipage, ce qui n&#8217;avait rien d&#8217;\u00e9vident.<br>Il a jou\u00e9 son r\u00f4le au-del\u00e0 des esp\u00e9rances. Malheureusement, aucun des vrais chefs du FLN n&#8217;\u00e9tant \u00e0 bord, cette superbe action n&#8217;a pas eu d&#8217;impact sur le d\u00e9roulement des op\u00e9rations. \u00a0\u00a0<\/p>\n\n\n\n<p><strong>Les faits&nbsp;: l&#8217;exploitation d&#8217;une opportunit\u00e9<\/strong><\/p>\n\n\n\n<p>Pour se rendre \u00e0 un sommet organis\u00e9 \u00e0 Tunis fin octobre 1956 par le pr\u00e9sident Bourguiba et sous le patronage du roi du Maroc, cinq hauts responsables de la r\u00e9bellion alg\u00e9rienne\u00a0 prennent place \u00e0 Rabat dans un <em>DC-3<\/em> de la compagnie <em>Air Atlas \u2013 Air Maroc<\/em>\u00a0: Ahmed Ben Bella, l&#8217;un des leaders les plus repr\u00e9sentatifs de l&#8217;insurrection, Mostefa Lacheraf, un ancien professeur d&#8217;histoire au lyc\u00e9e Louis-le-Grand, Mohamed Boudiaf, l&#8217;un des tous premiers chefs de la r\u00e9bellion, Mohamed Khider, ancien d\u00e9put\u00e9 et Hocine A\u00eft Ahmed, chef de l&#8217;organisation sp\u00e9ciale Mouvement pour le triomphe des libert\u00e9s d\u00e9mocratiques, Parti populaire alg\u00e9rien (MTLD-PPA) fond\u00e9 par Messali Hadj.<br>Inform\u00e9 par le service de documentation ext\u00e9rieure et de contre-espionnage (SDECE), l&#8217;\u00e9tat-major militaire fran\u00e7ais ne veut pas rater une si belle occasion pour d\u00e9tourner l&#8217;avion et d\u00e9capiter le haut commandement du FLN.<br>L&#8217;a\u00e9ronef appartient \u00e0 une compagnie marocaine, mais il est immatricul\u00e9 en France. Dans ce contexte, les lois internationales sont formelles\u00a0: c&#8217;est bien l&#8217;immatriculation qui d\u00e9termine la nationalit\u00e9 de l&#8217;appareil. Les autorit\u00e9s fran\u00e7aises ont donc le droit de d\u00e9tourner vers Alger cet avion pr\u00e9vu pour un vol Rabat-Tunis.<\/p>\n\n\n\n<p>Apr\u00e8s une escale technique \u00e0 Palma de Majorque aux Bal\u00e9ares, le commandant Gellier, officier de r\u00e9serve de l&#8217;arm\u00e9e de l&#8217;air fran\u00e7aise et commandant de bord du <em>DC-3<\/em>, re\u00e7oit l&#8217;ordre de se poser \u00e0 Maison-Blanche, l&#8217;a\u00e9rodrome civil d&#8217;Alger. Pendant le trajet, le sang-froid et l&#8217;attitude impassible de la jeune h\u00f4tesse de l&#8217;air, Nicole Lambert, qui connaissait la v\u00e9ritable destination de l&#8217;appareil, dupent les voyageurs de ce vol tr\u00e8s particulier cens\u00e9 relier Palma \u00e0 Tunis. Pour que les passagers ne puissent pas se rendre compte du changement de direction de l&#8217;avionen voyant notamment par les hublots la lune passer d&#8217;un bord \u00e0 l&#8217;autre, l&#8217;h\u00f4tesse tirera les rideaux pour permettre \u00e0 ses voyageurs \u00ab&nbsp;de prendre un peu de repos.&nbsp;\u00bb Leurr\u00e9s par cette supercherie jusqu&#8217;\u00e0 l&#8217;arriv\u00e9e de l&#8217;appareil sur le tarmac de l&#8217;a\u00e9rodrome d&#8217;Alger, les cinq chefs du FLN seront cueillis par la Direction de la surveillance du territoire (DST) \u00e0 leur descente d&#8217;avion. Ils seront transf\u00e9r\u00e9s \u00e0 la prison de la Sant\u00e9 \u00e0 Paris puis au fort Li\u00e9dot sur l&#8217;\u00eele d&#8217;Aix. Les prisonniers ne seront lib\u00e9r\u00e9s qu&#8217;en mars 1962 apr\u00e8s la signature des accords d&#8217;Evian.<\/p>\n\n\n\n<p><strong>Cons\u00e9quences diplomatiques du d\u00e9tournement<\/strong><\/p>\n\n\n\n<p>Malgr\u00e9 son incontestable r\u00e9ussite, cette action audacieuse va susciter des turbulences politiques, nationales et internationales. En France, le secr\u00e9taire d\u2019\u00c9tat \u00e0 la D\u00e9fense Max Lejeune a donn\u00e9 son accord \u00e0 l&#8217;op\u00e9ration, mais sans avertir le pr\u00e9sident du Conseil Guy Mollet, alors en d\u00e9placement dans le Pas-de-Calais, ni le ministre r\u00e9sident en Alg\u00e9rie Robert Lacoste, \u00e9galement en d\u00e9placement. Les critiques sont virulentes dans la presse de gauche et enflamment les d\u00e9bats au Parlement. Alain Savary, secr\u00e9taire d\u2019\u00c9tat aux affaires marocaines et tunisiennes et son chef de cabinet Claude Cheysson d\u00e9missionnent. Pierre de Leusse, ambassadeur de France \u00e0 Tunis, quitte ses fonctions.<br>Dans le monde arabe, les diatribes pleuvent contre la France.<br>Le FLN re\u00e7oit alors l&#8217;assurance d&#8217;une aide accrue en provenance de l\u2019\u00c9gypte, du Maroc et de la Tunisie. Mais le s\u00e9isme diplomatique sera vite \u00e9touff\u00e9 par les crises internationales qui vont se succ\u00e9der \u00e0 partir de novembre 1956\u00a0: la campagne militaire de Suez men\u00e9e contre l\u2019\u00c9gypte par les arm\u00e9es fran\u00e7aise, britannique et isra\u00e9lienne, ainsi que l&#8217;intervention brutale de l&#8217;arm\u00e9e sovi\u00e9tique en Hongrie.<\/p>\n\n\n\n<p>Pour leur part, les cons\u00e9quences militaires seront limit\u00e9es. L&#8217;arrestation des cinq chefs du FLN, qui \u00e9taient des personnalit\u00e9s politiques sans responsabilit\u00e9s op\u00e9rationnelles dans la lutte arm\u00e9e, ne modifiera pas le cours de la guerre d&#8217;Alg\u00e9rie. Toutefois, pour les historiens militaires, le d\u00e9tournement de l&#8217;avion du FLN et la neutralisation de hauts dirigeants de la r\u00e9bellion par une action non violente de ruse bas\u00e9e sur un travail efficace de renseignement reste un mod\u00e8le du genre \u00e0 la gloire de l&#8217;arm\u00e9e fran\u00e7aise.<\/p>\n\n\n\n<p><strong><em>Michel KLEN*<br><\/em><\/strong>Officier saint-cyrien<br>Docteur en lettres et sciences humaines<br>Essayiste<br><br><\/p>\n\n\n\n<p>* Il est l\u2019auteur de plusieurs ouvrages dont\u00a0: \u00ab<a href=\"https:\/\/www.cultura.com\/p-la-tragedie-de-l-algerie-francaise-9782353743247.html\">\u00a0<em>La trag\u00e9die de l&#8217;Alg\u00e9rie fran\u00e7aise\u00a0<\/em><\/a><em>\u00bb, \u00ab\u00a0<a href=\"https:\/\/www.editionsfavre.com\/livres\/ravages-de-la-desinformation-les\/\">Les ravages de la d\u00e9sinformation<\/a>\u00a0\u00bb, \u00ab<a href=\"https:\/\/www.cultura.com\/p-la-guerre-du-bluff-est-eternelle-mensonges-manipulations-et-ruses-de-guerre-dans-la-tourmente-de-l-histoire-9782828916022.html\">\u00a0La guerre du bluff est \u00e9ternelle<\/a>\u00a0\u00bb, \u00ab\u00a0<a href=\"https:\/\/www.cultura.com\/p-dans-les-coulisses-de-l-espionnage-9782363671189.html\">Dans les coulisses de l&#8217;espionnage\u00a0<\/a>\u00bb.<\/em><\/p>\n\n\n\n<p><\/p>\n<div class=\"pdfprnt-buttons pdfprnt-buttons-post pdfprnt-bottom-right\"><a href=\"https:\/\/aassdn.org\/amicale\/wp-json\/wp\/v2\/posts\/16181?print=pdf\" class=\"pdfprnt-button pdfprnt-button-pdf\" target=\"_blank\" ><img decoding=\"async\" data-src=\"https:\/\/aassdn.org\/amicale\/wp-content\/plugins\/pdf-print\/images\/pdf.png\" alt=\"image_pdf\" title=\"Afficher le PDF\" src=\"data:image\/svg+xml;base64,PHN2ZyB3aWR0aD0iMSIgaGVpZ2h0PSIxIiB4bWxucz0iaHR0cDovL3d3dy53My5vcmcvMjAwMC9zdmciPjwvc3ZnPg==\" class=\"lazyload\" style=\"--smush-placeholder-width: 32px; --smush-placeholder-aspect-ratio: 32\/32;\" \/><\/a><a href=\"https:\/\/aassdn.org\/amicale\/wp-json\/wp\/v2\/posts\/16181?print=print\" class=\"pdfprnt-button pdfprnt-button-print\" target=\"_blank\" ><\/a><\/div>","protected":false},"excerpt":{"rendered":"<p>L&#8217;arrestation spectaculaire de cinq chefs historiques du Front de lib\u00e9ration nationale (FLN)\u00a0 suite \u00e0 une op\u00e9ration de piraterie a\u00e9rienne le 22 octobre 1956 constitue l&#8217;un des grands coups de ma\u00eetre de l&#8217;arm\u00e9e fran\u00e7aise pendant la guerre d&#8217;Alg\u00e9rie. Commentaire AASSDN : Le d\u00e9tournement de l&#8217;avion transportant des chefs du FLN a \u00e9t\u00e9 une magnifique op\u00e9ration construite [&hellip;]<\/p>\n","protected":false},"author":32,"featured_media":16183,"comment_status":"open","ping_status":"closed","sticky":false,"template":"","format":"standard","meta":{"_acf_changed":true,"footnotes":""},"categories":[179,278,180,114,109],"tags":[3572,3564,3566,3571,3431,3573],"class_list":["post-16181","post","type-post","status-publish","format-standard","has-post-thumbnail","hentry","category-1955-1962","category-actualites","category-afrique","category-europe-de-louest","category-1954-1962-guerre-dalgerie","tag-cinq-chefs-historiques","tag-front-de-liberation-nationale","tag-guerre-dalgerie","tag-larrestation-spectaculaire","tag-operation","tag-piraterie-aerienne"],"acf":[],"yoast_head":"<!-- This site is optimized with the Yoast SEO plugin v27.4 - https:\/\/yoast.com\/product\/yoast-seo-wordpress\/ -->\n<title>22 octobre 1956 : Le d\u00e9tournement de l&#039;avion du FLN<\/title>\n<meta name=\"description\" content=\"Arrestation spectaculaire de 5 chefs historiques du Front de lib\u00e9ration nationale suite \u00e0 une op\u00e9ration de piraterie a\u00e9rienne le 22\/10\/1956\" \/>\n<meta name=\"robots\" content=\"index, follow, max-snippet:-1, max-image-preview:large, max-video-preview:-1\" \/>\n<link rel=\"canonical\" href=\"https:\/\/aassdn.org\/amicale\/22-octobre-1956_le-detournement-de-l-avion-du-fln\/\" \/>\n<meta property=\"og:locale\" content=\"fr_FR\" \/>\n<meta property=\"og:type\" content=\"article\" \/>\n<meta property=\"og:title\" content=\"22 octobre 1956 : Le d\u00e9tournement de l&#039;avion du FLN\" \/>\n<meta property=\"og:description\" content=\"Arrestation spectaculaire de 5 chefs historiques du Front de lib\u00e9ration nationale suite \u00e0 une op\u00e9ration de piraterie a\u00e9rienne le 22\/10\/1956\" \/>\n<meta property=\"og:url\" content=\"https:\/\/aassdn.org\/amicale\/22-octobre-1956_le-detournement-de-l-avion-du-fln\/\" \/>\n<meta property=\"og:site_name\" content=\"AASSDN | Anciens et Amis des Services Sp\u00e9ciaux\" \/>\n<meta property=\"article:published_time\" content=\"2024-10-22T06:59:26+00:00\" \/>\n<meta property=\"article:modified_time\" content=\"2024-10-22T07:03:23+00:00\" \/>\n<meta property=\"og:image\" content=\"https:\/\/aassdn.org\/amicale\/wp-content\/uploads\/couv-revue.jpg\" \/>\n\t<meta property=\"og:image:width\" content=\"256\" \/>\n\t<meta property=\"og:image:height\" content=\"318\" \/>\n\t<meta property=\"og:image:type\" content=\"image\/jpeg\" \/>\n<meta name=\"author\" content=\"AASSDN\" \/>\n<meta name=\"twitter:card\" content=\"summary_large_image\" \/>\n<meta name=\"twitter:label1\" content=\"\u00c9crit par\" \/>\n\t<meta name=\"twitter:data1\" content=\"AASSDN\" \/>\n\t<meta name=\"twitter:label2\" content=\"Dur\u00e9e de lecture estim\u00e9e\" \/>\n\t<meta name=\"twitter:data2\" content=\"5 minutes\" \/>\n<script type=\"application\/ld+json\" class=\"yoast-schema-graph\">{\"@context\":\"https:\\\/\\\/schema.org\",\"@graph\":[{\"@type\":\"Article\",\"@id\":\"https:\\\/\\\/aassdn.org\\\/amicale\\\/22-octobre-1956_le-detournement-de-l-avion-du-fln\\\/#article\",\"isPartOf\":{\"@id\":\"https:\\\/\\\/aassdn.org\\\/amicale\\\/22-octobre-1956_le-detournement-de-l-avion-du-fln\\\/\"},\"author\":{\"name\":\"AASSDN\",\"@id\":\"https:\\\/\\\/aassdn.org\\\/amicale\\\/#\\\/schema\\\/person\\\/8e950b11c74c24df36dc8e172f9451f4\"},\"headline\":\"22 octobre 1956\u00a0: Le d\u00e9tournement de l&#8217;avion du FLN\",\"datePublished\":\"2024-10-22T06:59:26+00:00\",\"dateModified\":\"2024-10-22T07:03:23+00:00\",\"mainEntityOfPage\":{\"@id\":\"https:\\\/\\\/aassdn.org\\\/amicale\\\/22-octobre-1956_le-detournement-de-l-avion-du-fln\\\/\"},\"wordCount\":948,\"commentCount\":0,\"publisher\":{\"@id\":\"https:\\\/\\\/aassdn.org\\\/amicale\\\/#organization\"},\"image\":{\"@id\":\"https:\\\/\\\/aassdn.org\\\/amicale\\\/22-octobre-1956_le-detournement-de-l-avion-du-fln\\\/#primaryimage\"},\"thumbnailUrl\":\"https:\\\/\\\/aassdn.org\\\/amicale\\\/wp-content\\\/uploads\\\/couv-revue.jpg\",\"keywords\":[\"cinq chefs historiques\",\"Front de lib\u00e9ration nationale\",\"guerre d'Alg\u00e9rie\",\"L'arrestation spectaculaire\",\"Op\u00e9ration\",\"piraterie a\u00e9rienne\"],\"articleSection\":[\"1955-1962\",\"Actualit\u00e9s\",\"Afrique\",\"Europe de l'Ouest\",\"Guerre d'Alg\u00e9rie (1954-1962)\"],\"inLanguage\":\"fr-FR\",\"potentialAction\":[{\"@type\":\"CommentAction\",\"name\":\"Comment\",\"target\":[\"https:\\\/\\\/aassdn.org\\\/amicale\\\/22-octobre-1956_le-detournement-de-l-avion-du-fln\\\/#respond\"]}]},{\"@type\":\"WebPage\",\"@id\":\"https:\\\/\\\/aassdn.org\\\/amicale\\\/22-octobre-1956_le-detournement-de-l-avion-du-fln\\\/\",\"url\":\"https:\\\/\\\/aassdn.org\\\/amicale\\\/22-octobre-1956_le-detournement-de-l-avion-du-fln\\\/\",\"name\":\"22 octobre 1956 : Le d\u00e9tournement de l'avion du FLN\",\"isPartOf\":{\"@id\":\"https:\\\/\\\/aassdn.org\\\/amicale\\\/#website\"},\"primaryImageOfPage\":{\"@id\":\"https:\\\/\\\/aassdn.org\\\/amicale\\\/22-octobre-1956_le-detournement-de-l-avion-du-fln\\\/#primaryimage\"},\"image\":{\"@id\":\"https:\\\/\\\/aassdn.org\\\/amicale\\\/22-octobre-1956_le-detournement-de-l-avion-du-fln\\\/#primaryimage\"},\"thumbnailUrl\":\"https:\\\/\\\/aassdn.org\\\/amicale\\\/wp-content\\\/uploads\\\/couv-revue.jpg\",\"datePublished\":\"2024-10-22T06:59:26+00:00\",\"dateModified\":\"2024-10-22T07:03:23+00:00\",\"description\":\"Arrestation spectaculaire de 5 chefs historiques du Front de lib\u00e9ration nationale suite \u00e0 une op\u00e9ration de piraterie a\u00e9rienne le 22\\\/10\\\/1956\",\"breadcrumb\":{\"@id\":\"https:\\\/\\\/aassdn.org\\\/amicale\\\/22-octobre-1956_le-detournement-de-l-avion-du-fln\\\/#breadcrumb\"},\"inLanguage\":\"fr-FR\",\"potentialAction\":[{\"@type\":\"ReadAction\",\"target\":[\"https:\\\/\\\/aassdn.org\\\/amicale\\\/22-octobre-1956_le-detournement-de-l-avion-du-fln\\\/\"]}]},{\"@type\":\"ImageObject\",\"inLanguage\":\"fr-FR\",\"@id\":\"https:\\\/\\\/aassdn.org\\\/amicale\\\/22-octobre-1956_le-detournement-de-l-avion-du-fln\\\/#primaryimage\",\"url\":\"https:\\\/\\\/aassdn.org\\\/amicale\\\/wp-content\\\/uploads\\\/couv-revue.jpg\",\"contentUrl\":\"https:\\\/\\\/aassdn.org\\\/amicale\\\/wp-content\\\/uploads\\\/couv-revue.jpg\",\"width\":256,\"height\":318},{\"@type\":\"BreadcrumbList\",\"@id\":\"https:\\\/\\\/aassdn.org\\\/amicale\\\/22-octobre-1956_le-detournement-de-l-avion-du-fln\\\/#breadcrumb\",\"itemListElement\":[{\"@type\":\"ListItem\",\"position\":1,\"name\":\"Accueil\",\"item\":\"https:\\\/\\\/aassdn.org\\\/amicale\\\/\"},{\"@type\":\"ListItem\",\"position\":2,\"name\":\"22 octobre 1956\u00a0: Le d\u00e9tournement de l&#8217;avion du FLN\"}]},{\"@type\":\"WebSite\",\"@id\":\"https:\\\/\\\/aassdn.org\\\/amicale\\\/#website\",\"url\":\"https:\\\/\\\/aassdn.org\\\/amicale\\\/\",\"name\":\"AASSDN | Anciens et Amis des Services Sp\u00e9ciaux\",\"description\":\"Services sp\u00e9ciaux : Des h\u00e9ros anonymes au service exclusif de la France\",\"publisher\":{\"@id\":\"https:\\\/\\\/aassdn.org\\\/amicale\\\/#organization\"},\"potentialAction\":[{\"@type\":\"SearchAction\",\"target\":{\"@type\":\"EntryPoint\",\"urlTemplate\":\"https:\\\/\\\/aassdn.org\\\/amicale\\\/?s={search_term_string}\"},\"query-input\":{\"@type\":\"PropertyValueSpecification\",\"valueRequired\":true,\"valueName\":\"search_term_string\"}}],\"inLanguage\":\"fr-FR\"},{\"@type\":\"Organization\",\"@id\":\"https:\\\/\\\/aassdn.org\\\/amicale\\\/#organization\",\"name\":\"AASSDN | Anciens et Amis des Services Sp\u00e9ciaux\",\"url\":\"https:\\\/\\\/aassdn.org\\\/amicale\\\/\",\"logo\":{\"@type\":\"ImageObject\",\"inLanguage\":\"fr-FR\",\"@id\":\"https:\\\/\\\/aassdn.org\\\/amicale\\\/#\\\/schema\\\/logo\\\/image\\\/\",\"url\":\"https:\\\/\\\/aassdn.org\\\/amicale\\\/wp-content\\\/uploads\\\/Logo_AASSDN_transparent2.png\",\"contentUrl\":\"https:\\\/\\\/aassdn.org\\\/amicale\\\/wp-content\\\/uploads\\\/Logo_AASSDN_transparent2.png\",\"width\":1832,\"height\":1609,\"caption\":\"AASSDN | Anciens et Amis des Services Sp\u00e9ciaux\"},\"image\":{\"@id\":\"https:\\\/\\\/aassdn.org\\\/amicale\\\/#\\\/schema\\\/logo\\\/image\\\/\"}},{\"@type\":\"Person\",\"@id\":\"https:\\\/\\\/aassdn.org\\\/amicale\\\/#\\\/schema\\\/person\\\/8e950b11c74c24df36dc8e172f9451f4\",\"name\":\"AASSDN\",\"image\":{\"@type\":\"ImageObject\",\"inLanguage\":\"fr-FR\",\"@id\":\"https:\\\/\\\/secure.gravatar.com\\\/avatar\\\/fd0b6d50e70e6f0ed2d0d0ed7be3689bc93c931340a70ec36db416b5f0486016?s=96&d=mm&r=g\",\"url\":\"https:\\\/\\\/secure.gravatar.com\\\/avatar\\\/fd0b6d50e70e6f0ed2d0d0ed7be3689bc93c931340a70ec36db416b5f0486016?s=96&d=mm&r=g\",\"contentUrl\":\"https:\\\/\\\/secure.gravatar.com\\\/avatar\\\/fd0b6d50e70e6f0ed2d0d0ed7be3689bc93c931340a70ec36db416b5f0486016?s=96&d=mm&r=g\",\"caption\":\"AASSDN\"},\"url\":\"https:\\\/\\\/aassdn.org\\\/amicale\\\/author\\\/laure-fanjeau\\\/\"}]}<\/script>\n<!-- \/ Yoast SEO plugin. -->","yoast_head_json":{"title":"22 octobre 1956 : Le d\u00e9tournement de l'avion du FLN","description":"Arrestation spectaculaire de 5 chefs historiques du Front de lib\u00e9ration nationale suite \u00e0 une op\u00e9ration de piraterie a\u00e9rienne le 22\/10\/1956","robots":{"index":"index","follow":"follow","max-snippet":"max-snippet:-1","max-image-preview":"max-image-preview:large","max-video-preview":"max-video-preview:-1"},"canonical":"https:\/\/aassdn.org\/amicale\/22-octobre-1956_le-detournement-de-l-avion-du-fln\/","og_locale":"fr_FR","og_type":"article","og_title":"22 octobre 1956 : Le d\u00e9tournement de l'avion du FLN","og_description":"Arrestation spectaculaire de 5 chefs historiques du Front de lib\u00e9ration nationale suite \u00e0 une op\u00e9ration de piraterie a\u00e9rienne le 22\/10\/1956","og_url":"https:\/\/aassdn.org\/amicale\/22-octobre-1956_le-detournement-de-l-avion-du-fln\/","og_site_name":"AASSDN | Anciens et Amis des Services Sp\u00e9ciaux","article_published_time":"2024-10-22T06:59:26+00:00","article_modified_time":"2024-10-22T07:03:23+00:00","og_image":[{"width":256,"height":318,"url":"https:\/\/aassdn.org\/amicale\/wp-content\/uploads\/couv-revue.jpg","type":"image\/jpeg"}],"author":"AASSDN","twitter_card":"summary_large_image","twitter_misc":{"\u00c9crit par":"AASSDN","Dur\u00e9e de lecture estim\u00e9e":"5 minutes"},"schema":{"@context":"https:\/\/schema.org","@graph":[{"@type":"Article","@id":"https:\/\/aassdn.org\/amicale\/22-octobre-1956_le-detournement-de-l-avion-du-fln\/#article","isPartOf":{"@id":"https:\/\/aassdn.org\/amicale\/22-octobre-1956_le-detournement-de-l-avion-du-fln\/"},"author":{"name":"AASSDN","@id":"https:\/\/aassdn.org\/amicale\/#\/schema\/person\/8e950b11c74c24df36dc8e172f9451f4"},"headline":"22 octobre 1956\u00a0: Le d\u00e9tournement de l&#8217;avion du FLN","datePublished":"2024-10-22T06:59:26+00:00","dateModified":"2024-10-22T07:03:23+00:00","mainEntityOfPage":{"@id":"https:\/\/aassdn.org\/amicale\/22-octobre-1956_le-detournement-de-l-avion-du-fln\/"},"wordCount":948,"commentCount":0,"publisher":{"@id":"https:\/\/aassdn.org\/amicale\/#organization"},"image":{"@id":"https:\/\/aassdn.org\/amicale\/22-octobre-1956_le-detournement-de-l-avion-du-fln\/#primaryimage"},"thumbnailUrl":"https:\/\/aassdn.org\/amicale\/wp-content\/uploads\/couv-revue.jpg","keywords":["cinq chefs historiques","Front de lib\u00e9ration nationale","guerre d'Alg\u00e9rie","L'arrestation spectaculaire","Op\u00e9ration","piraterie a\u00e9rienne"],"articleSection":["1955-1962","Actualit\u00e9s","Afrique","Europe de l'Ouest","Guerre d'Alg\u00e9rie (1954-1962)"],"inLanguage":"fr-FR","potentialAction":[{"@type":"CommentAction","name":"Comment","target":["https:\/\/aassdn.org\/amicale\/22-octobre-1956_le-detournement-de-l-avion-du-fln\/#respond"]}]},{"@type":"WebPage","@id":"https:\/\/aassdn.org\/amicale\/22-octobre-1956_le-detournement-de-l-avion-du-fln\/","url":"https:\/\/aassdn.org\/amicale\/22-octobre-1956_le-detournement-de-l-avion-du-fln\/","name":"22 octobre 1956 : Le d\u00e9tournement de l'avion du FLN","isPartOf":{"@id":"https:\/\/aassdn.org\/amicale\/#website"},"primaryImageOfPage":{"@id":"https:\/\/aassdn.org\/amicale\/22-octobre-1956_le-detournement-de-l-avion-du-fln\/#primaryimage"},"image":{"@id":"https:\/\/aassdn.org\/amicale\/22-octobre-1956_le-detournement-de-l-avion-du-fln\/#primaryimage"},"thumbnailUrl":"https:\/\/aassdn.org\/amicale\/wp-content\/uploads\/couv-revue.jpg","datePublished":"2024-10-22T06:59:26+00:00","dateModified":"2024-10-22T07:03:23+00:00","description":"Arrestation spectaculaire de 5 chefs historiques du Front de lib\u00e9ration nationale suite \u00e0 une op\u00e9ration de piraterie a\u00e9rienne le 22\/10\/1956","breadcrumb":{"@id":"https:\/\/aassdn.org\/amicale\/22-octobre-1956_le-detournement-de-l-avion-du-fln\/#breadcrumb"},"inLanguage":"fr-FR","potentialAction":[{"@type":"ReadAction","target":["https:\/\/aassdn.org\/amicale\/22-octobre-1956_le-detournement-de-l-avion-du-fln\/"]}]},{"@type":"ImageObject","inLanguage":"fr-FR","@id":"https:\/\/aassdn.org\/amicale\/22-octobre-1956_le-detournement-de-l-avion-du-fln\/#primaryimage","url":"https:\/\/aassdn.org\/amicale\/wp-content\/uploads\/couv-revue.jpg","contentUrl":"https:\/\/aassdn.org\/amicale\/wp-content\/uploads\/couv-revue.jpg","width":256,"height":318},{"@type":"BreadcrumbList","@id":"https:\/\/aassdn.org\/amicale\/22-octobre-1956_le-detournement-de-l-avion-du-fln\/#breadcrumb","itemListElement":[{"@type":"ListItem","position":1,"name":"Accueil","item":"https:\/\/aassdn.org\/amicale\/"},{"@type":"ListItem","position":2,"name":"22 octobre 1956\u00a0: Le d\u00e9tournement de l&#8217;avion du FLN"}]},{"@type":"WebSite","@id":"https:\/\/aassdn.org\/amicale\/#website","url":"https:\/\/aassdn.org\/amicale\/","name":"AASSDN | Anciens et Amis des Services Sp\u00e9ciaux","description":"Services sp\u00e9ciaux : Des h\u00e9ros anonymes au service exclusif de la France","publisher":{"@id":"https:\/\/aassdn.org\/amicale\/#organization"},"potentialAction":[{"@type":"SearchAction","target":{"@type":"EntryPoint","urlTemplate":"https:\/\/aassdn.org\/amicale\/?s={search_term_string}"},"query-input":{"@type":"PropertyValueSpecification","valueRequired":true,"valueName":"search_term_string"}}],"inLanguage":"fr-FR"},{"@type":"Organization","@id":"https:\/\/aassdn.org\/amicale\/#organization","name":"AASSDN | Anciens et Amis des Services Sp\u00e9ciaux","url":"https:\/\/aassdn.org\/amicale\/","logo":{"@type":"ImageObject","inLanguage":"fr-FR","@id":"https:\/\/aassdn.org\/amicale\/#\/schema\/logo\/image\/","url":"https:\/\/aassdn.org\/amicale\/wp-content\/uploads\/Logo_AASSDN_transparent2.png","contentUrl":"https:\/\/aassdn.org\/amicale\/wp-content\/uploads\/Logo_AASSDN_transparent2.png","width":1832,"height":1609,"caption":"AASSDN | Anciens et Amis des Services Sp\u00e9ciaux"},"image":{"@id":"https:\/\/aassdn.org\/amicale\/#\/schema\/logo\/image\/"}},{"@type":"Person","@id":"https:\/\/aassdn.org\/amicale\/#\/schema\/person\/8e950b11c74c24df36dc8e172f9451f4","name":"AASSDN","image":{"@type":"ImageObject","inLanguage":"fr-FR","@id":"https:\/\/secure.gravatar.com\/avatar\/fd0b6d50e70e6f0ed2d0d0ed7be3689bc93c931340a70ec36db416b5f0486016?s=96&d=mm&r=g","url":"https:\/\/secure.gravatar.com\/avatar\/fd0b6d50e70e6f0ed2d0d0ed7be3689bc93c931340a70ec36db416b5f0486016?s=96&d=mm&r=g","contentUrl":"https:\/\/secure.gravatar.com\/avatar\/fd0b6d50e70e6f0ed2d0d0ed7be3689bc93c931340a70ec36db416b5f0486016?s=96&d=mm&r=g","caption":"AASSDN"},"url":"https:\/\/aassdn.org\/amicale\/author\/laure-fanjeau\/"}]}},"_links":{"self":[{"href":"https:\/\/aassdn.org\/amicale\/wp-json\/wp\/v2\/posts\/16181","targetHints":{"allow":["GET"]}}],"collection":[{"href":"https:\/\/aassdn.org\/amicale\/wp-json\/wp\/v2\/posts"}],"about":[{"href":"https:\/\/aassdn.org\/amicale\/wp-json\/wp\/v2\/types\/post"}],"author":[{"embeddable":true,"href":"https:\/\/aassdn.org\/amicale\/wp-json\/wp\/v2\/users\/32"}],"replies":[{"embeddable":true,"href":"https:\/\/aassdn.org\/amicale\/wp-json\/wp\/v2\/comments?post=16181"}],"version-history":[{"count":0,"href":"https:\/\/aassdn.org\/amicale\/wp-json\/wp\/v2\/posts\/16181\/revisions"}],"wp:featuredmedia":[{"embeddable":true,"href":"https:\/\/aassdn.org\/amicale\/wp-json\/wp\/v2\/media\/16183"}],"wp:attachment":[{"href":"https:\/\/aassdn.org\/amicale\/wp-json\/wp\/v2\/media?parent=16181"}],"wp:term":[{"taxonomy":"category","embeddable":true,"href":"https:\/\/aassdn.org\/amicale\/wp-json\/wp\/v2\/categories?post=16181"},{"taxonomy":"post_tag","embeddable":true,"href":"https:\/\/aassdn.org\/amicale\/wp-json\/wp\/v2\/tags?post=16181"}],"curies":[{"name":"wp","href":"https:\/\/api.w.org\/{rel}","templated":true}]}}