{"id":15719,"date":"2024-10-03T11:39:56","date_gmt":"2024-10-03T09:39:56","guid":{"rendered":"https:\/\/aassdn.org\/amicale\/?p=15719"},"modified":"2025-10-14T09:40:33","modified_gmt":"2025-10-14T07:40:33","slug":"video-la-france-sous-dependance-des-capitaux-etrangers","status":"publish","type":"post","link":"https:\/\/aassdn.org\/amicale\/video-la-france-sous-dependance-des-capitaux-etrangers\/","title":{"rendered":"Vid\u00e9o : La France sous d\u00e9pendance des capitaux \u00e9trangers"},"content":{"rendered":"\n<p>Dans cette nouvelle \u00e9mission, Alain Juillet et Claude Medori re\u00e7oivent Fran\u00e7ois-Xavier Carayon, auteur du livre \u00ab Les \u00c9tats pr\u00e9dateurs \u00bb. Nous analysons la puissance financi\u00e8re de certains \u00e9tats via des fonds souverains ou des entreprises publiques qui investissent massivement dans les \u00e9conomies occidentales et dont le poids dans les \u00e9conomies locales leurs permettent d\u2019influencer les choix politiques et g\u00e9ostrat\u00e9giques des pays sous leur coupe. La France est-elle une proie facile pour ces \u00e9tats pr\u00e9dateurs et ces fonds vautours synonymes de d\u00e9sindustrialisation ?<\/p>\n\n\n\n<figure class=\"wp-block-embed aligncenter is-type-video is-provider-youtube wp-block-embed-youtube wp-embed-aspect-16-9 wp-has-aspect-ratio\"><div class=\"wp-block-embed__wrapper\">\n<iframe title=\"La France sous d\u00e9pendance des capitaux \u00e9trangers\" width=\"500\" height=\"281\" data-src=\"https:\/\/www.youtube.com\/embed\/Wkkll6qhUAk?feature=oembed\" frameborder=\"0\" allow=\"accelerometer; autoplay; clipboard-write; encrypted-media; gyroscope; picture-in-picture; web-share\" referrerpolicy=\"strict-origin-when-cross-origin\" allowfullscreen src=\"data:image\/svg+xml;base64,PHN2ZyB3aWR0aD0iMSIgaGVpZ2h0PSIxIiB4bWxucz0iaHR0cDovL3d3dy53My5vcmcvMjAwMC9zdmciPjwvc3ZnPg==\" class=\"lazyload\" data-load-mode=\"1\"><\/iframe>\n<\/div><\/figure>\n\n\n\n<p class=\"has-text-align-center\"><strong>&#8212;-<\/strong><\/p>\n\n\n\n<h2 class=\"wp-block-heading has-text-align-center has-medium-font-size\"><strong>Informations sur la vid\u00e9o<\/strong><\/h2>\n\n\n\n<p class=\"has-text-align-center\"><strong>Titre :<\/strong> La France sous d\u00e9pendance des capitaux \u00e9trangers<br><strong>R\u00e9alis\u00e9 par <\/strong>: Open Box TV et Alain JUILLET<br><strong>Pr\u00e9sent\u00e9 par :<\/strong> Alain JUILLET et Claude MEDORI<br><strong>Intervenant ext\u00e9rieur : <\/strong>Fran\u00e7ois-Xavier CARAYON, auteur du livre \u00ab Les \u00c9tats pr\u00e9dateurs \u00bb <br><strong>Dur\u00e9e :<\/strong> 00:38:53<br><strong>Date de mise en ligne :<\/strong> 20 septembre 2024<br><strong>Compte YouTube support de la vid\u00e9o :<\/strong><a href=\"https:\/\/www.youtube.com\/watch?v=Wkkll6qhUAk\"> Alain Juillet<\/a><\/p>\n\n\n\n<p class=\"has-text-align-center\"><\/p>\n<div class=\"pdfprnt-buttons pdfprnt-buttons-post pdfprnt-bottom-right\"><a href=\"https:\/\/aassdn.org\/amicale\/wp-json\/wp\/v2\/posts\/15719?print=pdf\" class=\"pdfprnt-button pdfprnt-button-pdf\" target=\"_blank\" ><img decoding=\"async\" data-src=\"https:\/\/aassdn.org\/amicale\/wp-content\/plugins\/pdf-print\/images\/pdf.png\" alt=\"image_pdf\" title=\"Afficher le PDF\" src=\"data:image\/svg+xml;base64,PHN2ZyB3aWR0aD0iMSIgaGVpZ2h0PSIxIiB4bWxucz0iaHR0cDovL3d3dy53My5vcmcvMjAwMC9zdmciPjwvc3ZnPg==\" class=\"lazyload\" style=\"--smush-placeholder-width: 32px; --smush-placeholder-aspect-ratio: 32\/32;\" \/><\/a><a href=\"https:\/\/aassdn.org\/amicale\/wp-json\/wp\/v2\/posts\/15719?print=print\" class=\"pdfprnt-button pdfprnt-button-print\" target=\"_blank\" ><\/a><\/div>","protected":false},"excerpt":{"rendered":"<p>Dans cette nouvelle \u00e9mission, Alain Juillet et Claude Medori re\u00e7oivent Fran\u00e7ois-Xavier Carayon, auteur du livre \u00ab Les \u00c9tats pr\u00e9dateurs \u00bb. Nous analysons la puissance financi\u00e8re de certains \u00e9tats via des fonds souverains ou des entreprises publiques qui investissent massivement dans les \u00e9conomies occidentales et dont le poids dans les \u00e9conomies locales leurs permettent d\u2019influencer les [&hellip;]<\/p>\n","protected":false},"author":32,"featured_media":15727,"comment_status":"open","ping_status":"closed","sticky":false,"template":"","format":"standard","meta":{"_acf_changed":false,"footnotes":""},"categories":[288,278,114,1,96],"tags":[2251,2713,2823,283,3382,3011,3388,3386,3376,2344,3390,2681,3385,3381,2157,2352,3380,505,3384,3160,3183,3379,3319,938,3377,3387,2414,1218,3378,3193,792,2920,3093,2915,2083,3383,555,1433,296,3184,1380,3433],"class_list":["post-15719","post","type-post","status-publish","format-standard","has-post-thumbnail","hentry","category-2020-2030","category-actualites","category-europe-de-louest","category-non-classe","category-videos-en-ligne","tag-2251","tag-2713","tag-2823","tag-alain-juillet","tag-auteur","tag-capitaux","tag-capitaux-etrangers","tag-choix-politiques","tag-claude-medori","tag-dependance","tag-desindustrialisation","tag-economie","tag-economies-occidentales","tag-emission","tag-entreprise","tag-entreprises","tag-entreprises-publiques","tag-etats","tag-etats-predateurs","tag-etranger","tag-etrangers","tag-fonds-souverains","tag-formation","tag-france","tag-francois-xavier-carayon","tag-geostrategiques","tag-influence","tag-information","tag-les-etats-predateurs","tag-livre","tag-mission","tag-occident","tag-politique","tag-politiques","tag-puissance","tag-puissance-financiere","tag-rangers","tag-ss","tag-strategique","tag-strategiques","tag-tr","tag-uree"],"acf":[],"yoast_head":"<!-- This site is optimized with the Yoast SEO plugin v27.4 - https:\/\/yoast.com\/product\/yoast-seo-wordpress\/ -->\n<title>Vid\u00e9o : La France sous d\u00e9pendance des capitaux \u00e9trangers | AASSDN | Anciens et Amis des Services Sp\u00e9ciaux<\/title>\n<meta name=\"robots\" content=\"index, follow, max-snippet:-1, max-image-preview:large, max-video-preview:-1\" \/>\n<link rel=\"canonical\" href=\"https:\/\/aassdn.org\/amicale\/video-la-france-sous-dependance-des-capitaux-etrangers\/\" \/>\n<meta property=\"og:locale\" content=\"fr_FR\" \/>\n<meta property=\"og:type\" content=\"article\" \/>\n<meta property=\"og:title\" content=\"Vid\u00e9o : La France sous d\u00e9pendance des capitaux \u00e9trangers | AASSDN | Anciens et Amis des Services Sp\u00e9ciaux\" \/>\n<meta property=\"og:description\" content=\"Dans cette nouvelle \u00e9mission, Alain Juillet et Claude Medori re\u00e7oivent Fran\u00e7ois-Xavier Carayon, auteur du livre \u00ab Les \u00c9tats pr\u00e9dateurs \u00bb. Nous analysons la puissance financi\u00e8re de certains \u00e9tats via des fonds souverains ou des entreprises publiques qui investissent massivement dans les \u00e9conomies occidentales et dont le poids dans les \u00e9conomies locales leurs permettent d\u2019influencer les [&hellip;]\" \/>\n<meta property=\"og:url\" content=\"https:\/\/aassdn.org\/amicale\/video-la-france-sous-dependance-des-capitaux-etrangers\/\" \/>\n<meta property=\"og:site_name\" content=\"AASSDN | Anciens et Amis des Services Sp\u00e9ciaux\" \/>\n<meta property=\"article:published_time\" content=\"2024-10-03T09:39:56+00:00\" \/>\n<meta property=\"article:modified_time\" content=\"2025-10-14T07:40:33+00:00\" \/>\n<meta property=\"og:image\" content=\"https:\/\/aassdn.org\/amicale\/wp-content\/uploads\/compte-youtube-alain-juillet.jpg\" \/>\n\t<meta property=\"og:image:width\" content=\"539\" \/>\n\t<meta property=\"og:image:height\" content=\"305\" \/>\n\t<meta property=\"og:image:type\" content=\"image\/jpeg\" \/>\n<meta name=\"author\" content=\"AASSDN\" \/>\n<meta name=\"twitter:card\" content=\"summary_large_image\" \/>\n<meta name=\"twitter:label1\" content=\"\u00c9crit par\" \/>\n\t<meta name=\"twitter:data1\" content=\"AASSDN\" \/>\n\t<meta name=\"twitter:label2\" content=\"Dur\u00e9e de lecture estim\u00e9e\" \/>\n\t<meta name=\"twitter:data2\" content=\"1 minute\" \/>\n<script type=\"application\/ld+json\" class=\"yoast-schema-graph\">{\"@context\":\"https:\\\/\\\/schema.org\",\"@graph\":[{\"@type\":\"Article\",\"@id\":\"https:\\\/\\\/aassdn.org\\\/amicale\\\/video-la-france-sous-dependance-des-capitaux-etrangers\\\/#article\",\"isPartOf\":{\"@id\":\"https:\\\/\\\/aassdn.org\\\/amicale\\\/video-la-france-sous-dependance-des-capitaux-etrangers\\\/\"},\"author\":{\"name\":\"AASSDN\",\"@id\":\"https:\\\/\\\/aassdn.org\\\/amicale\\\/#\\\/schema\\\/person\\\/8e950b11c74c24df36dc8e172f9451f4\"},\"headline\":\"Vid\u00e9o : La France sous d\u00e9pendance des capitaux \u00e9trangers\",\"datePublished\":\"2024-10-03T09:39:56+00:00\",\"dateModified\":\"2025-10-14T07:40:33+00:00\",\"mainEntityOfPage\":{\"@id\":\"https:\\\/\\\/aassdn.org\\\/amicale\\\/video-la-france-sous-dependance-des-capitaux-etrangers\\\/\"},\"wordCount\":168,\"commentCount\":0,\"publisher\":{\"@id\":\"https:\\\/\\\/aassdn.org\\\/amicale\\\/#organization\"},\"image\":{\"@id\":\"https:\\\/\\\/aassdn.org\\\/amicale\\\/video-la-france-sous-dependance-des-capitaux-etrangers\\\/#primaryimage\"},\"thumbnailUrl\":\"https:\\\/\\\/aassdn.org\\\/amicale\\\/wp-content\\\/uploads\\\/compte-youtube-alain-juillet.jpg\",\"keywords\":[\"1863\",\"1945\",\"1963\",\"Alain Juillet\",\"auteur\",\"capitaux\",\"capitaux \u00e9trangers\",\"choix politiques\",\"Claude Medori\",\"d\u00e9pendance\",\"d\u00e9sindustrialisation\",\"\u00e9conomie\",\"\u00e9conomies occidentales\",\"\u00e9mission\",\"entreprise\",\"entreprises\",\"entreprises publiques\",\"\u00c9tats\",\"\u00e9tats pr\u00e9dateurs\",\"\u00e9tranger\",\"\u00e9trangers\",\"fonds souverains\",\"formation\",\"France\",\"Fran\u00e7ois-Xavier Carayon\",\"g\u00e9ostrat\u00e9giques\",\"influence\",\"information\",\"Les \u00c9tats pr\u00e9dateurs\",\"livre\",\"mission\",\"Occident\",\"politique\",\"politiques\",\"puissance\",\"puissance financi\u00e8re\",\"rangers\",\"SS\",\"strat\u00e9gique\",\"strat\u00e9giques\",\"TR\",\"ur\u00e9e\"],\"articleSection\":[\"2020-2030\",\"Actualit\u00e9s\",\"Europe de l'Ouest\",\"Global\",\"Videos en ligne\"],\"inLanguage\":\"fr-FR\",\"potentialAction\":[{\"@type\":\"CommentAction\",\"name\":\"Comment\",\"target\":[\"https:\\\/\\\/aassdn.org\\\/amicale\\\/video-la-france-sous-dependance-des-capitaux-etrangers\\\/#respond\"]}]},{\"@type\":\"WebPage\",\"@id\":\"https:\\\/\\\/aassdn.org\\\/amicale\\\/video-la-france-sous-dependance-des-capitaux-etrangers\\\/\",\"url\":\"https:\\\/\\\/aassdn.org\\\/amicale\\\/video-la-france-sous-dependance-des-capitaux-etrangers\\\/\",\"name\":\"Vid\u00e9o : La France sous d\u00e9pendance des capitaux \u00e9trangers | AASSDN | Anciens et Amis des Services Sp\u00e9ciaux\",\"isPartOf\":{\"@id\":\"https:\\\/\\\/aassdn.org\\\/amicale\\\/#website\"},\"primaryImageOfPage\":{\"@id\":\"https:\\\/\\\/aassdn.org\\\/amicale\\\/video-la-france-sous-dependance-des-capitaux-etrangers\\\/#primaryimage\"},\"image\":{\"@id\":\"https:\\\/\\\/aassdn.org\\\/amicale\\\/video-la-france-sous-dependance-des-capitaux-etrangers\\\/#primaryimage\"},\"thumbnailUrl\":\"https:\\\/\\\/aassdn.org\\\/amicale\\\/wp-content\\\/uploads\\\/compte-youtube-alain-juillet.jpg\",\"datePublished\":\"2024-10-03T09:39:56+00:00\",\"dateModified\":\"2025-10-14T07:40:33+00:00\",\"breadcrumb\":{\"@id\":\"https:\\\/\\\/aassdn.org\\\/amicale\\\/video-la-france-sous-dependance-des-capitaux-etrangers\\\/#breadcrumb\"},\"inLanguage\":\"fr-FR\",\"potentialAction\":[{\"@type\":\"ReadAction\",\"target\":[\"https:\\\/\\\/aassdn.org\\\/amicale\\\/video-la-france-sous-dependance-des-capitaux-etrangers\\\/\"]}]},{\"@type\":\"ImageObject\",\"inLanguage\":\"fr-FR\",\"@id\":\"https:\\\/\\\/aassdn.org\\\/amicale\\\/video-la-france-sous-dependance-des-capitaux-etrangers\\\/#primaryimage\",\"url\":\"https:\\\/\\\/aassdn.org\\\/amicale\\\/wp-content\\\/uploads\\\/compte-youtube-alain-juillet.jpg\",\"contentUrl\":\"https:\\\/\\\/aassdn.org\\\/amicale\\\/wp-content\\\/uploads\\\/compte-youtube-alain-juillet.jpg\",\"width\":539,\"height\":305},{\"@type\":\"BreadcrumbList\",\"@id\":\"https:\\\/\\\/aassdn.org\\\/amicale\\\/video-la-france-sous-dependance-des-capitaux-etrangers\\\/#breadcrumb\",\"itemListElement\":[{\"@type\":\"ListItem\",\"position\":1,\"name\":\"Accueil\",\"item\":\"https:\\\/\\\/aassdn.org\\\/amicale\\\/\"},{\"@type\":\"ListItem\",\"position\":2,\"name\":\"Vid\u00e9o : La France sous d\u00e9pendance des capitaux \u00e9trangers\"}]},{\"@type\":\"WebSite\",\"@id\":\"https:\\\/\\\/aassdn.org\\\/amicale\\\/#website\",\"url\":\"https:\\\/\\\/aassdn.org\\\/amicale\\\/\",\"name\":\"AASSDN | Anciens et Amis des Services Sp\u00e9ciaux\",\"description\":\"Services sp\u00e9ciaux : Des h\u00e9ros anonymes au service exclusif de la France\",\"publisher\":{\"@id\":\"https:\\\/\\\/aassdn.org\\\/amicale\\\/#organization\"},\"potentialAction\":[{\"@type\":\"SearchAction\",\"target\":{\"@type\":\"EntryPoint\",\"urlTemplate\":\"https:\\\/\\\/aassdn.org\\\/amicale\\\/?s={search_term_string}\"},\"query-input\":{\"@type\":\"PropertyValueSpecification\",\"valueRequired\":true,\"valueName\":\"search_term_string\"}}],\"inLanguage\":\"fr-FR\"},{\"@type\":\"Organization\",\"@id\":\"https:\\\/\\\/aassdn.org\\\/amicale\\\/#organization\",\"name\":\"AASSDN | Anciens et Amis des Services Sp\u00e9ciaux\",\"url\":\"https:\\\/\\\/aassdn.org\\\/amicale\\\/\",\"logo\":{\"@type\":\"ImageObject\",\"inLanguage\":\"fr-FR\",\"@id\":\"https:\\\/\\\/aassdn.org\\\/amicale\\\/#\\\/schema\\\/logo\\\/image\\\/\",\"url\":\"https:\\\/\\\/aassdn.org\\\/amicale\\\/wp-content\\\/uploads\\\/Logo_AASSDN_transparent2.png\",\"contentUrl\":\"https:\\\/\\\/aassdn.org\\\/amicale\\\/wp-content\\\/uploads\\\/Logo_AASSDN_transparent2.png\",\"width\":1832,\"height\":1609,\"caption\":\"AASSDN | Anciens et Amis des Services Sp\u00e9ciaux\"},\"image\":{\"@id\":\"https:\\\/\\\/aassdn.org\\\/amicale\\\/#\\\/schema\\\/logo\\\/image\\\/\"}},{\"@type\":\"Person\",\"@id\":\"https:\\\/\\\/aassdn.org\\\/amicale\\\/#\\\/schema\\\/person\\\/8e950b11c74c24df36dc8e172f9451f4\",\"name\":\"AASSDN\",\"image\":{\"@type\":\"ImageObject\",\"inLanguage\":\"fr-FR\",\"@id\":\"https:\\\/\\\/secure.gravatar.com\\\/avatar\\\/fd0b6d50e70e6f0ed2d0d0ed7be3689bc93c931340a70ec36db416b5f0486016?s=96&d=mm&r=g\",\"url\":\"https:\\\/\\\/secure.gravatar.com\\\/avatar\\\/fd0b6d50e70e6f0ed2d0d0ed7be3689bc93c931340a70ec36db416b5f0486016?s=96&d=mm&r=g\",\"contentUrl\":\"https:\\\/\\\/secure.gravatar.com\\\/avatar\\\/fd0b6d50e70e6f0ed2d0d0ed7be3689bc93c931340a70ec36db416b5f0486016?s=96&d=mm&r=g\",\"caption\":\"AASSDN\"},\"url\":\"https:\\\/\\\/aassdn.org\\\/amicale\\\/author\\\/laure-fanjeau\\\/\"}]}<\/script>\n<!-- \/ Yoast SEO plugin. -->","yoast_head_json":{"title":"Vid\u00e9o : La France sous d\u00e9pendance des capitaux \u00e9trangers | AASSDN | Anciens et Amis des Services Sp\u00e9ciaux","robots":{"index":"index","follow":"follow","max-snippet":"max-snippet:-1","max-image-preview":"max-image-preview:large","max-video-preview":"max-video-preview:-1"},"canonical":"https:\/\/aassdn.org\/amicale\/video-la-france-sous-dependance-des-capitaux-etrangers\/","og_locale":"fr_FR","og_type":"article","og_title":"Vid\u00e9o : La France sous d\u00e9pendance des capitaux \u00e9trangers | AASSDN | Anciens et Amis des Services Sp\u00e9ciaux","og_description":"Dans cette nouvelle \u00e9mission, Alain Juillet et Claude Medori re\u00e7oivent Fran\u00e7ois-Xavier Carayon, auteur du livre \u00ab Les \u00c9tats pr\u00e9dateurs \u00bb. Nous analysons la puissance financi\u00e8re de certains \u00e9tats via des fonds souverains ou des entreprises publiques qui investissent massivement dans les \u00e9conomies occidentales et dont le poids dans les \u00e9conomies locales leurs permettent d\u2019influencer les [&hellip;]","og_url":"https:\/\/aassdn.org\/amicale\/video-la-france-sous-dependance-des-capitaux-etrangers\/","og_site_name":"AASSDN | Anciens et Amis des Services Sp\u00e9ciaux","article_published_time":"2024-10-03T09:39:56+00:00","article_modified_time":"2025-10-14T07:40:33+00:00","og_image":[{"width":539,"height":305,"url":"https:\/\/aassdn.org\/amicale\/wp-content\/uploads\/compte-youtube-alain-juillet.jpg","type":"image\/jpeg"}],"author":"AASSDN","twitter_card":"summary_large_image","twitter_misc":{"\u00c9crit par":"AASSDN","Dur\u00e9e de lecture estim\u00e9e":"1 minute"},"schema":{"@context":"https:\/\/schema.org","@graph":[{"@type":"Article","@id":"https:\/\/aassdn.org\/amicale\/video-la-france-sous-dependance-des-capitaux-etrangers\/#article","isPartOf":{"@id":"https:\/\/aassdn.org\/amicale\/video-la-france-sous-dependance-des-capitaux-etrangers\/"},"author":{"name":"AASSDN","@id":"https:\/\/aassdn.org\/amicale\/#\/schema\/person\/8e950b11c74c24df36dc8e172f9451f4"},"headline":"Vid\u00e9o : La France sous d\u00e9pendance des capitaux \u00e9trangers","datePublished":"2024-10-03T09:39:56+00:00","dateModified":"2025-10-14T07:40:33+00:00","mainEntityOfPage":{"@id":"https:\/\/aassdn.org\/amicale\/video-la-france-sous-dependance-des-capitaux-etrangers\/"},"wordCount":168,"commentCount":0,"publisher":{"@id":"https:\/\/aassdn.org\/amicale\/#organization"},"image":{"@id":"https:\/\/aassdn.org\/amicale\/video-la-france-sous-dependance-des-capitaux-etrangers\/#primaryimage"},"thumbnailUrl":"https:\/\/aassdn.org\/amicale\/wp-content\/uploads\/compte-youtube-alain-juillet.jpg","keywords":["1863","1945","1963","Alain Juillet","auteur","capitaux","capitaux \u00e9trangers","choix politiques","Claude Medori","d\u00e9pendance","d\u00e9sindustrialisation","\u00e9conomie","\u00e9conomies occidentales","\u00e9mission","entreprise","entreprises","entreprises publiques","\u00c9tats","\u00e9tats pr\u00e9dateurs","\u00e9tranger","\u00e9trangers","fonds souverains","formation","France","Fran\u00e7ois-Xavier Carayon","g\u00e9ostrat\u00e9giques","influence","information","Les \u00c9tats pr\u00e9dateurs","livre","mission","Occident","politique","politiques","puissance","puissance financi\u00e8re","rangers","SS","strat\u00e9gique","strat\u00e9giques","TR","ur\u00e9e"],"articleSection":["2020-2030","Actualit\u00e9s","Europe de l'Ouest","Global","Videos en ligne"],"inLanguage":"fr-FR","potentialAction":[{"@type":"CommentAction","name":"Comment","target":["https:\/\/aassdn.org\/amicale\/video-la-france-sous-dependance-des-capitaux-etrangers\/#respond"]}]},{"@type":"WebPage","@id":"https:\/\/aassdn.org\/amicale\/video-la-france-sous-dependance-des-capitaux-etrangers\/","url":"https:\/\/aassdn.org\/amicale\/video-la-france-sous-dependance-des-capitaux-etrangers\/","name":"Vid\u00e9o : La France sous d\u00e9pendance des capitaux \u00e9trangers | AASSDN | Anciens et Amis des Services Sp\u00e9ciaux","isPartOf":{"@id":"https:\/\/aassdn.org\/amicale\/#website"},"primaryImageOfPage":{"@id":"https:\/\/aassdn.org\/amicale\/video-la-france-sous-dependance-des-capitaux-etrangers\/#primaryimage"},"image":{"@id":"https:\/\/aassdn.org\/amicale\/video-la-france-sous-dependance-des-capitaux-etrangers\/#primaryimage"},"thumbnailUrl":"https:\/\/aassdn.org\/amicale\/wp-content\/uploads\/compte-youtube-alain-juillet.jpg","datePublished":"2024-10-03T09:39:56+00:00","dateModified":"2025-10-14T07:40:33+00:00","breadcrumb":{"@id":"https:\/\/aassdn.org\/amicale\/video-la-france-sous-dependance-des-capitaux-etrangers\/#breadcrumb"},"inLanguage":"fr-FR","potentialAction":[{"@type":"ReadAction","target":["https:\/\/aassdn.org\/amicale\/video-la-france-sous-dependance-des-capitaux-etrangers\/"]}]},{"@type":"ImageObject","inLanguage":"fr-FR","@id":"https:\/\/aassdn.org\/amicale\/video-la-france-sous-dependance-des-capitaux-etrangers\/#primaryimage","url":"https:\/\/aassdn.org\/amicale\/wp-content\/uploads\/compte-youtube-alain-juillet.jpg","contentUrl":"https:\/\/aassdn.org\/amicale\/wp-content\/uploads\/compte-youtube-alain-juillet.jpg","width":539,"height":305},{"@type":"BreadcrumbList","@id":"https:\/\/aassdn.org\/amicale\/video-la-france-sous-dependance-des-capitaux-etrangers\/#breadcrumb","itemListElement":[{"@type":"ListItem","position":1,"name":"Accueil","item":"https:\/\/aassdn.org\/amicale\/"},{"@type":"ListItem","position":2,"name":"Vid\u00e9o : La France sous d\u00e9pendance des capitaux \u00e9trangers"}]},{"@type":"WebSite","@id":"https:\/\/aassdn.org\/amicale\/#website","url":"https:\/\/aassdn.org\/amicale\/","name":"AASSDN | Anciens et Amis des Services Sp\u00e9ciaux","description":"Services sp\u00e9ciaux : Des h\u00e9ros anonymes au service exclusif de la France","publisher":{"@id":"https:\/\/aassdn.org\/amicale\/#organization"},"potentialAction":[{"@type":"SearchAction","target":{"@type":"EntryPoint","urlTemplate":"https:\/\/aassdn.org\/amicale\/?s={search_term_string}"},"query-input":{"@type":"PropertyValueSpecification","valueRequired":true,"valueName":"search_term_string"}}],"inLanguage":"fr-FR"},{"@type":"Organization","@id":"https:\/\/aassdn.org\/amicale\/#organization","name":"AASSDN | Anciens et Amis des Services Sp\u00e9ciaux","url":"https:\/\/aassdn.org\/amicale\/","logo":{"@type":"ImageObject","inLanguage":"fr-FR","@id":"https:\/\/aassdn.org\/amicale\/#\/schema\/logo\/image\/","url":"https:\/\/aassdn.org\/amicale\/wp-content\/uploads\/Logo_AASSDN_transparent2.png","contentUrl":"https:\/\/aassdn.org\/amicale\/wp-content\/uploads\/Logo_AASSDN_transparent2.png","width":1832,"height":1609,"caption":"AASSDN | Anciens et Amis des Services Sp\u00e9ciaux"},"image":{"@id":"https:\/\/aassdn.org\/amicale\/#\/schema\/logo\/image\/"}},{"@type":"Person","@id":"https:\/\/aassdn.org\/amicale\/#\/schema\/person\/8e950b11c74c24df36dc8e172f9451f4","name":"AASSDN","image":{"@type":"ImageObject","inLanguage":"fr-FR","@id":"https:\/\/secure.gravatar.com\/avatar\/fd0b6d50e70e6f0ed2d0d0ed7be3689bc93c931340a70ec36db416b5f0486016?s=96&d=mm&r=g","url":"https:\/\/secure.gravatar.com\/avatar\/fd0b6d50e70e6f0ed2d0d0ed7be3689bc93c931340a70ec36db416b5f0486016?s=96&d=mm&r=g","contentUrl":"https:\/\/secure.gravatar.com\/avatar\/fd0b6d50e70e6f0ed2d0d0ed7be3689bc93c931340a70ec36db416b5f0486016?s=96&d=mm&r=g","caption":"AASSDN"},"url":"https:\/\/aassdn.org\/amicale\/author\/laure-fanjeau\/"}]}},"_links":{"self":[{"href":"https:\/\/aassdn.org\/amicale\/wp-json\/wp\/v2\/posts\/15719","targetHints":{"allow":["GET"]}}],"collection":[{"href":"https:\/\/aassdn.org\/amicale\/wp-json\/wp\/v2\/posts"}],"about":[{"href":"https:\/\/aassdn.org\/amicale\/wp-json\/wp\/v2\/types\/post"}],"author":[{"embeddable":true,"href":"https:\/\/aassdn.org\/amicale\/wp-json\/wp\/v2\/users\/32"}],"replies":[{"embeddable":true,"href":"https:\/\/aassdn.org\/amicale\/wp-json\/wp\/v2\/comments?post=15719"}],"version-history":[{"count":0,"href":"https:\/\/aassdn.org\/amicale\/wp-json\/wp\/v2\/posts\/15719\/revisions"}],"wp:featuredmedia":[{"embeddable":true,"href":"https:\/\/aassdn.org\/amicale\/wp-json\/wp\/v2\/media\/15727"}],"wp:attachment":[{"href":"https:\/\/aassdn.org\/amicale\/wp-json\/wp\/v2\/media?parent=15719"}],"wp:term":[{"taxonomy":"category","embeddable":true,"href":"https:\/\/aassdn.org\/amicale\/wp-json\/wp\/v2\/categories?post=15719"},{"taxonomy":"post_tag","embeddable":true,"href":"https:\/\/aassdn.org\/amicale\/wp-json\/wp\/v2\/tags?post=15719"}],"curies":[{"name":"wp","href":"https:\/\/api.w.org\/{rel}","templated":true}]}}