{"id":15645,"date":"2024-10-01T17:07:23","date_gmt":"2024-10-01T15:07:23","guid":{"rendered":"https:\/\/aassdn.org\/amicale\/?p=15645"},"modified":"2024-10-04T12:23:33","modified_gmt":"2024-10-04T10:23:33","slug":"ceremonie-de-creation-du-commandement-de-laction-dans-la-profondeur-et-du-renseignement","status":"publish","type":"post","link":"https:\/\/aassdn.org\/amicale\/ceremonie-de-creation-du-commandement-de-laction-dans-la-profondeur-et-du-renseignement\/","title":{"rendered":"Un renouveau strat\u00e9gique : naissance du commandement de l\u2019action en profondeur et du renseignement (CAPR)"},"content":{"rendered":"\n<p><strong>Le g\u00e9n\u00e9ral de corps d\u2019arm\u00e9e (CGA) Toujouse, commandant les forces terrestres, a pr\u00e9sid\u00e9 le mercredi 4 septembre 2024 \u00e0 Strasbourg, en pr\u00e9sence du GCA Langlade de Montgros, directeur du renseignement militaire (DRM) et du GCA Pierre Meyer, nouveau Gouverneur militaire de Metz, commandant de la zone Terre Nord-Est et officier g\u00e9n\u00e9ral de la zone de d\u00e9fense et de s\u00e9curit\u00e9 Est, la c\u00e9r\u00e9monie de cr\u00e9ation du commandement de l\u2019action dans la profondeur et du renseignement (CAPR), de la brigade de renseignement et de cyber-\u00e9lectronique (BRCE) et de la 19<sup>e<\/sup> brigade d\u2019artillerie.<\/strong><\/p>\n\n\n\n<p>Au cours de cette c\u00e9r\u00e9monie \u00e0 laquelle assistaient les deux d\u00e9l\u00e9gu\u00e9s alsaciens, Jean-Paul Beck et Christian Poutard ainsi que plusieurs membres de l\u2019amicale, le g\u00e9n\u00e9ral de division (GDI) Guillaume Dan\u00e8s, nouveau commandant du CAPR, le g\u00e9n\u00e9ral de brigade (GBR) Vincent Tassel, nouveau commandant de la BRCE ainsi que le GBR Marc Galan, nouveau commandant de la 19<sup>e<\/sup> brigade d\u2019artillerie, se sont vu remettre leur nouveau fanion par le GCA Toujouse. Cette remise de fanion s\u2019est d\u00e9roul\u00e9e devant de l\u2019ensemble des drapeaux des r\u00e9giments constituant le CAPR, r\u00e9unis \u00e0 cet effet, et en pr\u00e9sence des chefs de corps de ces m\u00eames r\u00e9giments.<\/p>\n\n\n\n<p>A l\u2019issue de la c\u00e9r\u00e9monie officielle, le GCA Toujouse et le GCA Langlade de Montgros se sont adress\u00e9s \u00e0 l\u2019auditoire., Si le commandant des forces terrestres a tenu des propos tr\u00e8s martiaux vis-\u00e0-vis de la Russie, le directeur du renseignement militaire a tenu \u00e0 rappeler l\u2019importance de la fonction renseignement dans les arm\u00e9es et a soulign\u00e9 les relations tr\u00e8s \u00e9troites qui pr\u00e9valaient entre la DRM et l\u2019ex COMRENS tant au niveau de la fourniture de renseignements strat\u00e9giques que tactiques.<\/p>\n\n\n\n<p>S\u2019adressant en dernier \u00e0 ses invit\u00e9s, le GDI Dan\u00e8s a tout d\u2019abord trac\u00e9 l\u2019historique du nouvel insigne du CAPR, d\u00e9voilant au passage les \u00e9changes -quelque peu tendus- qui ont eu lieu avec le Service historique de la D\u00e9fense (SHD) en vue de sa cr\u00e9ation. Il a ensuite rappel\u00e9 que la mission fondamentale de son nouveau commandement r\u00e9sidait dans la conduite d\u2019actions dans la profondeur et l\u2019acquisition de renseignements et qu\u2019il tirait sa force de son articulation en trois brigades (renseignement, artillerie et a\u00e9rocombat). Il a \u00e9galement pr\u00e9cis\u00e9 que la CAPR \u00e9tait le quatri\u00e8me commandement \u00ab&nbsp;Alpha&nbsp;\u00bb (il s\u2019agit de commandements sp\u00e9cialis\u00e9s appel\u00e9s \u00e0 fournir des appuis au combat dans des domaines cl\u00e9s, tels que les frappes dans la profondeur, les actions \u00ab&nbsp;hybrides&nbsp;\u00bb, le renseignement et la logistique) et qu\u2019avec sa cr\u00e9ation s\u2019achevait la r\u00e9organisation voulue par le chef d\u2019\u00e9tat-major de l\u2019arm\u00e9e de Terre.<\/p>\n\n\n\n<p>La c\u00e9r\u00e9monie s\u2019est achev\u00e9e par un moment de convivialit\u00e9 qui a permis d\u2019\u00e9changer avec l\u2019ensemble des cadres et acteurs de ce nouveau commandement autour d\u2019un grand nombre de sp\u00e9cialit\u00e9s culinaires alsaciennes.<\/p>\n\n\n\n<p class=\"has-text-align-right\"><strong>Jean-Paul BECK<\/strong><br>D\u00e9l\u00e9gu\u00e9 r\u00e9gional AASSDN<\/p>\n\n\n\n<p><\/p>\n<div class=\"pdfprnt-buttons pdfprnt-buttons-post pdfprnt-bottom-right\"><a href=\"https:\/\/aassdn.org\/amicale\/wp-json\/wp\/v2\/posts\/15645?print=pdf\" class=\"pdfprnt-button pdfprnt-button-pdf\" target=\"_blank\" ><img decoding=\"async\" data-src=\"https:\/\/aassdn.org\/amicale\/wp-content\/plugins\/pdf-print\/images\/pdf.png\" alt=\"image_pdf\" title=\"Afficher le PDF\" src=\"data:image\/svg+xml;base64,PHN2ZyB3aWR0aD0iMSIgaGVpZ2h0PSIxIiB4bWxucz0iaHR0cDovL3d3dy53My5vcmcvMjAwMC9zdmciPjwvc3ZnPg==\" class=\"lazyload\" style=\"--smush-placeholder-width: 32px; --smush-placeholder-aspect-ratio: 32\/32;\" \/><\/a><a href=\"https:\/\/aassdn.org\/amicale\/wp-json\/wp\/v2\/posts\/15645?print=print\" class=\"pdfprnt-button pdfprnt-button-print\" target=\"_blank\" ><\/a><\/div>","protected":false},"excerpt":{"rendered":"<p>Le g\u00e9n\u00e9ral de corps d\u2019arm\u00e9e (CGA) Toujouse, commandant les forces terrestres, a pr\u00e9sid\u00e9 le mercredi 4 septembre 2024 \u00e0 Strasbourg, en pr\u00e9sence du GCA Langlade de Montgros, directeur du renseignement militaire (DRM) et du GCA Pierre Meyer, nouveau Gouverneur militaire de Metz, commandant de la zone Terre Nord-Est et officier g\u00e9n\u00e9ral de la zone de [&hellip;]<\/p>\n","protected":false},"author":32,"featured_media":15646,"comment_status":"open","ping_status":"closed","sticky":false,"template":"","format":"standard","meta":{"_acf_changed":false,"footnotes":""},"categories":[288,278,114,252],"tags":[2251,3286,1331,1160,1802,828,827,1858,2592,3292,3285,654,2203,3295,797,2201,3284,2325,3293,307,2426,2608,3411,3294,1700,3288,3290,3289,1184,3287,3291,3412,529,1156,1487,324,792,736,713,1143,2241,297,905,262,434,238,1433,3410,296,1380,915,3413,3297,3296],"class_list":["post-15645","post","type-post","status-publish","format-standard","has-post-thumbnail","hentry","category-2020-2030","category-actualites","category-europe-de-louest","category-evenements","tag-2251","tag-19e-brigade-dartillerie","tag-acteurs","tag-action","tag-air","tag-armee","tag-armee-de-terre","tag-armees","tag-artillerie","tag-brigade-de-renseignement","tag-brigade-de-renseignement-et-de-cyber-electronique","tag-ceremonie","tag-chefs","tag-command","tag-commandant","tag-commandement","tag-commandement-de-laction-dans-la-profondeur","tag-cyber","tag-cyber-electronique","tag-defense","tag-delegue","tag-delegue-regional","tag-directeur-du-renseignement-militaire","tag-division","tag-ffi","tag-forces","tag-forces-terrestres","tag-general","tag-general-de","tag-general-de-corps-darmee","tag-gouverneur-militaire","tag-gouverneur-militaire-de-metz","tag-grand-nom","tag-historique","tag-membres","tag-militaire","tag-mission","tag-officier","tag-organisation","tag-regime","tag-regiments","tag-relation","tag-relations","tag-renseignement","tag-renseignement-militaire","tag-russie","tag-ss","tag-strasbourg","tag-strategique","tag-tr","tag-vision","tag-zone-de-defense-et","tag-zone-de-defense-et-de-securite-est","tag-zone-terre-nord-est"],"acf":[],"yoast_head":"<!-- This site is optimized with the Yoast SEO plugin v27.4 - https:\/\/yoast.com\/product\/yoast-seo-wordpress\/ -->\n<title>Un renouveau strat\u00e9gique : naissance du commandement de l\u2019action en profondeur et du renseignement (CAPR) | AASSDN | Anciens et Amis des Services Sp\u00e9ciaux<\/title>\n<meta name=\"robots\" content=\"index, follow, max-snippet:-1, max-image-preview:large, max-video-preview:-1\" \/>\n<link rel=\"canonical\" href=\"https:\/\/aassdn.org\/amicale\/ceremonie-de-creation-du-commandement-de-laction-dans-la-profondeur-et-du-renseignement\/\" \/>\n<meta property=\"og:locale\" content=\"fr_FR\" \/>\n<meta property=\"og:type\" content=\"article\" \/>\n<meta property=\"og:title\" content=\"Un renouveau strat\u00e9gique : naissance du commandement de l\u2019action en profondeur et du renseignement (CAPR) | AASSDN | Anciens et Amis des Services Sp\u00e9ciaux\" \/>\n<meta property=\"og:description\" content=\"Le g\u00e9n\u00e9ral de corps d\u2019arm\u00e9e (CGA) Toujouse, commandant les forces terrestres, a pr\u00e9sid\u00e9 le mercredi 4 septembre 2024 \u00e0 Strasbourg, en pr\u00e9sence du GCA Langlade de Montgros, directeur du renseignement militaire (DRM) et du GCA Pierre Meyer, nouveau Gouverneur militaire de Metz, commandant de la zone Terre Nord-Est et officier g\u00e9n\u00e9ral de la zone de [&hellip;]\" \/>\n<meta property=\"og:url\" content=\"https:\/\/aassdn.org\/amicale\/ceremonie-de-creation-du-commandement-de-laction-dans-la-profondeur-et-du-renseignement\/\" \/>\n<meta property=\"og:site_name\" content=\"AASSDN | Anciens et Amis des Services Sp\u00e9ciaux\" \/>\n<meta property=\"article:published_time\" content=\"2024-10-01T15:07:23+00:00\" \/>\n<meta property=\"article:modified_time\" content=\"2024-10-04T10:23:33+00:00\" \/>\n<meta property=\"og:image\" content=\"https:\/\/aassdn.org\/amicale\/wp-content\/uploads\/photo-ceremonie.jpg\" \/>\n\t<meta property=\"og:image:width\" content=\"638\" \/>\n\t<meta property=\"og:image:height\" content=\"330\" \/>\n\t<meta property=\"og:image:type\" content=\"image\/jpeg\" \/>\n<meta name=\"author\" content=\"AASSDN\" \/>\n<meta name=\"twitter:card\" content=\"summary_large_image\" \/>\n<meta name=\"twitter:label1\" content=\"\u00c9crit par\" \/>\n\t<meta name=\"twitter:data1\" content=\"AASSDN\" \/>\n\t<meta name=\"twitter:label2\" content=\"Dur\u00e9e de lecture estim\u00e9e\" \/>\n\t<meta name=\"twitter:data2\" content=\"3 minutes\" \/>\n<script type=\"application\/ld+json\" class=\"yoast-schema-graph\">{\"@context\":\"https:\\\/\\\/schema.org\",\"@graph\":[{\"@type\":\"Article\",\"@id\":\"https:\\\/\\\/aassdn.org\\\/amicale\\\/ceremonie-de-creation-du-commandement-de-laction-dans-la-profondeur-et-du-renseignement\\\/#article\",\"isPartOf\":{\"@id\":\"https:\\\/\\\/aassdn.org\\\/amicale\\\/ceremonie-de-creation-du-commandement-de-laction-dans-la-profondeur-et-du-renseignement\\\/\"},\"author\":{\"name\":\"AASSDN\",\"@id\":\"https:\\\/\\\/aassdn.org\\\/amicale\\\/#\\\/schema\\\/person\\\/8e950b11c74c24df36dc8e172f9451f4\"},\"headline\":\"Un renouveau strat\u00e9gique : naissance du commandement de l\u2019action en profondeur et du renseignement (CAPR)\",\"datePublished\":\"2024-10-01T15:07:23+00:00\",\"dateModified\":\"2024-10-04T10:23:33+00:00\",\"mainEntityOfPage\":{\"@id\":\"https:\\\/\\\/aassdn.org\\\/amicale\\\/ceremonie-de-creation-du-commandement-de-laction-dans-la-profondeur-et-du-renseignement\\\/\"},\"wordCount\":548,\"commentCount\":0,\"publisher\":{\"@id\":\"https:\\\/\\\/aassdn.org\\\/amicale\\\/#organization\"},\"image\":{\"@id\":\"https:\\\/\\\/aassdn.org\\\/amicale\\\/ceremonie-de-creation-du-commandement-de-laction-dans-la-profondeur-et-du-renseignement\\\/#primaryimage\"},\"thumbnailUrl\":\"https:\\\/\\\/aassdn.org\\\/amicale\\\/wp-content\\\/uploads\\\/photo-ceremonie.jpg\",\"keywords\":[\"1863\",\"19e brigade d\u2019artillerie\",\"Acteurs\",\"action\",\"Air\",\"Arm\u00e9e\",\"Arm\u00e9e de terre\",\"Arm\u00e9es\",\"artillerie\",\"Brigade de renseignement\",\"brigade de renseignement et de cyber-\u00e9lectronique\",\"c\u00e9r\u00e9monie\",\"chefs\",\"Command\",\"Commandant\",\"commandement\",\"commandement de l\u2019action dans la profondeur\",\"cyber\",\"Cyber-\u00e9lectronique\",\"d\u00e9fense\",\"d\u00e9l\u00e9gu\u00e9\",\"D\u00e9l\u00e9gu\u00e9 r\u00e9gional\",\"Directeur du renseignement militaire\",\"Division\",\"FFI\",\"forces\",\"Forces terrestres\",\"G\u00e9n\u00e9ral\",\"G\u00e9n\u00e9ral de\",\"g\u00e9n\u00e9ral de corps d\u2019arm\u00e9e\",\"Gouverneur militaire\",\"Gouverneur militaire de Metz\",\"Grand nom\",\"historique\",\"Membres\",\"militaire\",\"mission\",\"Officier\",\"organisation\",\"r\u00e9gime\",\"r\u00e9giments\",\"relation\",\"relations\",\"Renseignement\",\"renseignement militaire\",\"Russie\",\"SS\",\"Strasbourg\",\"strat\u00e9gique\",\"TR\",\"vision\",\"Zone de d\u00e9fense et\",\"zone de d\u00e9fense et de s\u00e9curit\u00e9 Est\",\"zone Terre Nord-Est\"],\"articleSection\":[\"2020-2030\",\"Actualit\u00e9s\",\"Europe de l'Ouest\",\"Ev\u00e9nements\"],\"inLanguage\":\"fr-FR\",\"potentialAction\":[{\"@type\":\"CommentAction\",\"name\":\"Comment\",\"target\":[\"https:\\\/\\\/aassdn.org\\\/amicale\\\/ceremonie-de-creation-du-commandement-de-laction-dans-la-profondeur-et-du-renseignement\\\/#respond\"]}]},{\"@type\":\"WebPage\",\"@id\":\"https:\\\/\\\/aassdn.org\\\/amicale\\\/ceremonie-de-creation-du-commandement-de-laction-dans-la-profondeur-et-du-renseignement\\\/\",\"url\":\"https:\\\/\\\/aassdn.org\\\/amicale\\\/ceremonie-de-creation-du-commandement-de-laction-dans-la-profondeur-et-du-renseignement\\\/\",\"name\":\"Un renouveau strat\u00e9gique : naissance du commandement de l\u2019action en profondeur et du renseignement (CAPR) | AASSDN | Anciens et Amis des Services Sp\u00e9ciaux\",\"isPartOf\":{\"@id\":\"https:\\\/\\\/aassdn.org\\\/amicale\\\/#website\"},\"primaryImageOfPage\":{\"@id\":\"https:\\\/\\\/aassdn.org\\\/amicale\\\/ceremonie-de-creation-du-commandement-de-laction-dans-la-profondeur-et-du-renseignement\\\/#primaryimage\"},\"image\":{\"@id\":\"https:\\\/\\\/aassdn.org\\\/amicale\\\/ceremonie-de-creation-du-commandement-de-laction-dans-la-profondeur-et-du-renseignement\\\/#primaryimage\"},\"thumbnailUrl\":\"https:\\\/\\\/aassdn.org\\\/amicale\\\/wp-content\\\/uploads\\\/photo-ceremonie.jpg\",\"datePublished\":\"2024-10-01T15:07:23+00:00\",\"dateModified\":\"2024-10-04T10:23:33+00:00\",\"breadcrumb\":{\"@id\":\"https:\\\/\\\/aassdn.org\\\/amicale\\\/ceremonie-de-creation-du-commandement-de-laction-dans-la-profondeur-et-du-renseignement\\\/#breadcrumb\"},\"inLanguage\":\"fr-FR\",\"potentialAction\":[{\"@type\":\"ReadAction\",\"target\":[\"https:\\\/\\\/aassdn.org\\\/amicale\\\/ceremonie-de-creation-du-commandement-de-laction-dans-la-profondeur-et-du-renseignement\\\/\"]}]},{\"@type\":\"ImageObject\",\"inLanguage\":\"fr-FR\",\"@id\":\"https:\\\/\\\/aassdn.org\\\/amicale\\\/ceremonie-de-creation-du-commandement-de-laction-dans-la-profondeur-et-du-renseignement\\\/#primaryimage\",\"url\":\"https:\\\/\\\/aassdn.org\\\/amicale\\\/wp-content\\\/uploads\\\/photo-ceremonie.jpg\",\"contentUrl\":\"https:\\\/\\\/aassdn.org\\\/amicale\\\/wp-content\\\/uploads\\\/photo-ceremonie.jpg\",\"width\":638,\"height\":330},{\"@type\":\"BreadcrumbList\",\"@id\":\"https:\\\/\\\/aassdn.org\\\/amicale\\\/ceremonie-de-creation-du-commandement-de-laction-dans-la-profondeur-et-du-renseignement\\\/#breadcrumb\",\"itemListElement\":[{\"@type\":\"ListItem\",\"position\":1,\"name\":\"Accueil\",\"item\":\"https:\\\/\\\/aassdn.org\\\/amicale\\\/\"},{\"@type\":\"ListItem\",\"position\":2,\"name\":\"Un renouveau strat\u00e9gique : naissance du commandement de l\u2019action en profondeur et du renseignement (CAPR)\"}]},{\"@type\":\"WebSite\",\"@id\":\"https:\\\/\\\/aassdn.org\\\/amicale\\\/#website\",\"url\":\"https:\\\/\\\/aassdn.org\\\/amicale\\\/\",\"name\":\"AASSDN | Anciens et Amis des Services Sp\u00e9ciaux\",\"description\":\"Services sp\u00e9ciaux : Des h\u00e9ros anonymes au service exclusif de la France\",\"publisher\":{\"@id\":\"https:\\\/\\\/aassdn.org\\\/amicale\\\/#organization\"},\"potentialAction\":[{\"@type\":\"SearchAction\",\"target\":{\"@type\":\"EntryPoint\",\"urlTemplate\":\"https:\\\/\\\/aassdn.org\\\/amicale\\\/?s={search_term_string}\"},\"query-input\":{\"@type\":\"PropertyValueSpecification\",\"valueRequired\":true,\"valueName\":\"search_term_string\"}}],\"inLanguage\":\"fr-FR\"},{\"@type\":\"Organization\",\"@id\":\"https:\\\/\\\/aassdn.org\\\/amicale\\\/#organization\",\"name\":\"AASSDN | Anciens et Amis des Services Sp\u00e9ciaux\",\"url\":\"https:\\\/\\\/aassdn.org\\\/amicale\\\/\",\"logo\":{\"@type\":\"ImageObject\",\"inLanguage\":\"fr-FR\",\"@id\":\"https:\\\/\\\/aassdn.org\\\/amicale\\\/#\\\/schema\\\/logo\\\/image\\\/\",\"url\":\"https:\\\/\\\/aassdn.org\\\/amicale\\\/wp-content\\\/uploads\\\/Logo_AASSDN_transparent2.png\",\"contentUrl\":\"https:\\\/\\\/aassdn.org\\\/amicale\\\/wp-content\\\/uploads\\\/Logo_AASSDN_transparent2.png\",\"width\":1832,\"height\":1609,\"caption\":\"AASSDN | Anciens et Amis des Services Sp\u00e9ciaux\"},\"image\":{\"@id\":\"https:\\\/\\\/aassdn.org\\\/amicale\\\/#\\\/schema\\\/logo\\\/image\\\/\"}},{\"@type\":\"Person\",\"@id\":\"https:\\\/\\\/aassdn.org\\\/amicale\\\/#\\\/schema\\\/person\\\/8e950b11c74c24df36dc8e172f9451f4\",\"name\":\"AASSDN\",\"image\":{\"@type\":\"ImageObject\",\"inLanguage\":\"fr-FR\",\"@id\":\"https:\\\/\\\/secure.gravatar.com\\\/avatar\\\/fd0b6d50e70e6f0ed2d0d0ed7be3689bc93c931340a70ec36db416b5f0486016?s=96&d=mm&r=g\",\"url\":\"https:\\\/\\\/secure.gravatar.com\\\/avatar\\\/fd0b6d50e70e6f0ed2d0d0ed7be3689bc93c931340a70ec36db416b5f0486016?s=96&d=mm&r=g\",\"contentUrl\":\"https:\\\/\\\/secure.gravatar.com\\\/avatar\\\/fd0b6d50e70e6f0ed2d0d0ed7be3689bc93c931340a70ec36db416b5f0486016?s=96&d=mm&r=g\",\"caption\":\"AASSDN\"},\"url\":\"https:\\\/\\\/aassdn.org\\\/amicale\\\/author\\\/laure-fanjeau\\\/\"}]}<\/script>\n<!-- \/ Yoast SEO plugin. -->","yoast_head_json":{"title":"Un renouveau strat\u00e9gique : naissance du commandement de l\u2019action en profondeur et du renseignement (CAPR) | AASSDN | Anciens et Amis des Services Sp\u00e9ciaux","robots":{"index":"index","follow":"follow","max-snippet":"max-snippet:-1","max-image-preview":"max-image-preview:large","max-video-preview":"max-video-preview:-1"},"canonical":"https:\/\/aassdn.org\/amicale\/ceremonie-de-creation-du-commandement-de-laction-dans-la-profondeur-et-du-renseignement\/","og_locale":"fr_FR","og_type":"article","og_title":"Un renouveau strat\u00e9gique : naissance du commandement de l\u2019action en profondeur et du renseignement (CAPR) | AASSDN | Anciens et Amis des Services Sp\u00e9ciaux","og_description":"Le g\u00e9n\u00e9ral de corps d\u2019arm\u00e9e (CGA) Toujouse, commandant les forces terrestres, a pr\u00e9sid\u00e9 le mercredi 4 septembre 2024 \u00e0 Strasbourg, en pr\u00e9sence du GCA Langlade de Montgros, directeur du renseignement militaire (DRM) et du GCA Pierre Meyer, nouveau Gouverneur militaire de Metz, commandant de la zone Terre Nord-Est et officier g\u00e9n\u00e9ral de la zone de [&hellip;]","og_url":"https:\/\/aassdn.org\/amicale\/ceremonie-de-creation-du-commandement-de-laction-dans-la-profondeur-et-du-renseignement\/","og_site_name":"AASSDN | Anciens et Amis des Services Sp\u00e9ciaux","article_published_time":"2024-10-01T15:07:23+00:00","article_modified_time":"2024-10-04T10:23:33+00:00","og_image":[{"width":638,"height":330,"url":"https:\/\/aassdn.org\/amicale\/wp-content\/uploads\/photo-ceremonie.jpg","type":"image\/jpeg"}],"author":"AASSDN","twitter_card":"summary_large_image","twitter_misc":{"\u00c9crit par":"AASSDN","Dur\u00e9e de lecture estim\u00e9e":"3 minutes"},"schema":{"@context":"https:\/\/schema.org","@graph":[{"@type":"Article","@id":"https:\/\/aassdn.org\/amicale\/ceremonie-de-creation-du-commandement-de-laction-dans-la-profondeur-et-du-renseignement\/#article","isPartOf":{"@id":"https:\/\/aassdn.org\/amicale\/ceremonie-de-creation-du-commandement-de-laction-dans-la-profondeur-et-du-renseignement\/"},"author":{"name":"AASSDN","@id":"https:\/\/aassdn.org\/amicale\/#\/schema\/person\/8e950b11c74c24df36dc8e172f9451f4"},"headline":"Un renouveau strat\u00e9gique : naissance du commandement de l\u2019action en profondeur et du renseignement (CAPR)","datePublished":"2024-10-01T15:07:23+00:00","dateModified":"2024-10-04T10:23:33+00:00","mainEntityOfPage":{"@id":"https:\/\/aassdn.org\/amicale\/ceremonie-de-creation-du-commandement-de-laction-dans-la-profondeur-et-du-renseignement\/"},"wordCount":548,"commentCount":0,"publisher":{"@id":"https:\/\/aassdn.org\/amicale\/#organization"},"image":{"@id":"https:\/\/aassdn.org\/amicale\/ceremonie-de-creation-du-commandement-de-laction-dans-la-profondeur-et-du-renseignement\/#primaryimage"},"thumbnailUrl":"https:\/\/aassdn.org\/amicale\/wp-content\/uploads\/photo-ceremonie.jpg","keywords":["1863","19e brigade d\u2019artillerie","Acteurs","action","Air","Arm\u00e9e","Arm\u00e9e de terre","Arm\u00e9es","artillerie","Brigade de renseignement","brigade de renseignement et de cyber-\u00e9lectronique","c\u00e9r\u00e9monie","chefs","Command","Commandant","commandement","commandement de l\u2019action dans la profondeur","cyber","Cyber-\u00e9lectronique","d\u00e9fense","d\u00e9l\u00e9gu\u00e9","D\u00e9l\u00e9gu\u00e9 r\u00e9gional","Directeur du renseignement militaire","Division","FFI","forces","Forces terrestres","G\u00e9n\u00e9ral","G\u00e9n\u00e9ral de","g\u00e9n\u00e9ral de corps d\u2019arm\u00e9e","Gouverneur militaire","Gouverneur militaire de Metz","Grand nom","historique","Membres","militaire","mission","Officier","organisation","r\u00e9gime","r\u00e9giments","relation","relations","Renseignement","renseignement militaire","Russie","SS","Strasbourg","strat\u00e9gique","TR","vision","Zone de d\u00e9fense et","zone de d\u00e9fense et de s\u00e9curit\u00e9 Est","zone Terre Nord-Est"],"articleSection":["2020-2030","Actualit\u00e9s","Europe de l'Ouest","Ev\u00e9nements"],"inLanguage":"fr-FR","potentialAction":[{"@type":"CommentAction","name":"Comment","target":["https:\/\/aassdn.org\/amicale\/ceremonie-de-creation-du-commandement-de-laction-dans-la-profondeur-et-du-renseignement\/#respond"]}]},{"@type":"WebPage","@id":"https:\/\/aassdn.org\/amicale\/ceremonie-de-creation-du-commandement-de-laction-dans-la-profondeur-et-du-renseignement\/","url":"https:\/\/aassdn.org\/amicale\/ceremonie-de-creation-du-commandement-de-laction-dans-la-profondeur-et-du-renseignement\/","name":"Un renouveau strat\u00e9gique : naissance du commandement de l\u2019action en profondeur et du renseignement (CAPR) | AASSDN | Anciens et Amis des Services Sp\u00e9ciaux","isPartOf":{"@id":"https:\/\/aassdn.org\/amicale\/#website"},"primaryImageOfPage":{"@id":"https:\/\/aassdn.org\/amicale\/ceremonie-de-creation-du-commandement-de-laction-dans-la-profondeur-et-du-renseignement\/#primaryimage"},"image":{"@id":"https:\/\/aassdn.org\/amicale\/ceremonie-de-creation-du-commandement-de-laction-dans-la-profondeur-et-du-renseignement\/#primaryimage"},"thumbnailUrl":"https:\/\/aassdn.org\/amicale\/wp-content\/uploads\/photo-ceremonie.jpg","datePublished":"2024-10-01T15:07:23+00:00","dateModified":"2024-10-04T10:23:33+00:00","breadcrumb":{"@id":"https:\/\/aassdn.org\/amicale\/ceremonie-de-creation-du-commandement-de-laction-dans-la-profondeur-et-du-renseignement\/#breadcrumb"},"inLanguage":"fr-FR","potentialAction":[{"@type":"ReadAction","target":["https:\/\/aassdn.org\/amicale\/ceremonie-de-creation-du-commandement-de-laction-dans-la-profondeur-et-du-renseignement\/"]}]},{"@type":"ImageObject","inLanguage":"fr-FR","@id":"https:\/\/aassdn.org\/amicale\/ceremonie-de-creation-du-commandement-de-laction-dans-la-profondeur-et-du-renseignement\/#primaryimage","url":"https:\/\/aassdn.org\/amicale\/wp-content\/uploads\/photo-ceremonie.jpg","contentUrl":"https:\/\/aassdn.org\/amicale\/wp-content\/uploads\/photo-ceremonie.jpg","width":638,"height":330},{"@type":"BreadcrumbList","@id":"https:\/\/aassdn.org\/amicale\/ceremonie-de-creation-du-commandement-de-laction-dans-la-profondeur-et-du-renseignement\/#breadcrumb","itemListElement":[{"@type":"ListItem","position":1,"name":"Accueil","item":"https:\/\/aassdn.org\/amicale\/"},{"@type":"ListItem","position":2,"name":"Un renouveau strat\u00e9gique : naissance du commandement de l\u2019action en profondeur et du renseignement (CAPR)"}]},{"@type":"WebSite","@id":"https:\/\/aassdn.org\/amicale\/#website","url":"https:\/\/aassdn.org\/amicale\/","name":"AASSDN | Anciens et Amis des Services Sp\u00e9ciaux","description":"Services sp\u00e9ciaux : Des h\u00e9ros anonymes au service exclusif de la France","publisher":{"@id":"https:\/\/aassdn.org\/amicale\/#organization"},"potentialAction":[{"@type":"SearchAction","target":{"@type":"EntryPoint","urlTemplate":"https:\/\/aassdn.org\/amicale\/?s={search_term_string}"},"query-input":{"@type":"PropertyValueSpecification","valueRequired":true,"valueName":"search_term_string"}}],"inLanguage":"fr-FR"},{"@type":"Organization","@id":"https:\/\/aassdn.org\/amicale\/#organization","name":"AASSDN | Anciens et Amis des Services Sp\u00e9ciaux","url":"https:\/\/aassdn.org\/amicale\/","logo":{"@type":"ImageObject","inLanguage":"fr-FR","@id":"https:\/\/aassdn.org\/amicale\/#\/schema\/logo\/image\/","url":"https:\/\/aassdn.org\/amicale\/wp-content\/uploads\/Logo_AASSDN_transparent2.png","contentUrl":"https:\/\/aassdn.org\/amicale\/wp-content\/uploads\/Logo_AASSDN_transparent2.png","width":1832,"height":1609,"caption":"AASSDN | Anciens et Amis des Services Sp\u00e9ciaux"},"image":{"@id":"https:\/\/aassdn.org\/amicale\/#\/schema\/logo\/image\/"}},{"@type":"Person","@id":"https:\/\/aassdn.org\/amicale\/#\/schema\/person\/8e950b11c74c24df36dc8e172f9451f4","name":"AASSDN","image":{"@type":"ImageObject","inLanguage":"fr-FR","@id":"https:\/\/secure.gravatar.com\/avatar\/fd0b6d50e70e6f0ed2d0d0ed7be3689bc93c931340a70ec36db416b5f0486016?s=96&d=mm&r=g","url":"https:\/\/secure.gravatar.com\/avatar\/fd0b6d50e70e6f0ed2d0d0ed7be3689bc93c931340a70ec36db416b5f0486016?s=96&d=mm&r=g","contentUrl":"https:\/\/secure.gravatar.com\/avatar\/fd0b6d50e70e6f0ed2d0d0ed7be3689bc93c931340a70ec36db416b5f0486016?s=96&d=mm&r=g","caption":"AASSDN"},"url":"https:\/\/aassdn.org\/amicale\/author\/laure-fanjeau\/"}]}},"_links":{"self":[{"href":"https:\/\/aassdn.org\/amicale\/wp-json\/wp\/v2\/posts\/15645","targetHints":{"allow":["GET"]}}],"collection":[{"href":"https:\/\/aassdn.org\/amicale\/wp-json\/wp\/v2\/posts"}],"about":[{"href":"https:\/\/aassdn.org\/amicale\/wp-json\/wp\/v2\/types\/post"}],"author":[{"embeddable":true,"href":"https:\/\/aassdn.org\/amicale\/wp-json\/wp\/v2\/users\/32"}],"replies":[{"embeddable":true,"href":"https:\/\/aassdn.org\/amicale\/wp-json\/wp\/v2\/comments?post=15645"}],"version-history":[{"count":0,"href":"https:\/\/aassdn.org\/amicale\/wp-json\/wp\/v2\/posts\/15645\/revisions"}],"wp:featuredmedia":[{"embeddable":true,"href":"https:\/\/aassdn.org\/amicale\/wp-json\/wp\/v2\/media\/15646"}],"wp:attachment":[{"href":"https:\/\/aassdn.org\/amicale\/wp-json\/wp\/v2\/media?parent=15645"}],"wp:term":[{"taxonomy":"category","embeddable":true,"href":"https:\/\/aassdn.org\/amicale\/wp-json\/wp\/v2\/categories?post=15645"},{"taxonomy":"post_tag","embeddable":true,"href":"https:\/\/aassdn.org\/amicale\/wp-json\/wp\/v2\/tags?post=15645"}],"curies":[{"name":"wp","href":"https:\/\/api.w.org\/{rel}","templated":true}]}}