{"id":15617,"date":"2024-10-01T17:07:00","date_gmt":"2024-10-01T15:07:00","guid":{"rendered":"https:\/\/aassdn.org\/amicale\/?p=15617"},"modified":"2025-01-19T19:50:17","modified_gmt":"2025-01-19T18:50:17","slug":"que-pese-la-france-en-indo-pacifique","status":"publish","type":"post","link":"https:\/\/aassdn.org\/amicale\/que-pese-la-france-en-indo-pacifique\/","title":{"rendered":"Soft power et coop\u00e9ration : la France face \u00e0 ses ambitions en Indo-Pacifique"},"content":{"rendered":"\n<p><strong>La France, souvent per\u00e7ue comme une ancienne puissance coloniale secondaire en Indo-Pacifique, maintient une pr\u00e9sence strat\u00e9gique gr\u00e2ce \u00e0 ses territoires ultramarins, son vaste r\u00e9seau diplomatique et sa politique d\u2019autonomie non align\u00e9e. Malgr\u00e9 une influence militaire r\u00e9duite, elle privil\u00e9gie la coop\u00e9ration avec des partenaires r\u00e9gionaux cl\u00e9s pour promouvoir la s\u00e9curit\u00e9, la libert\u00e9 des mers et renforcer la visibilit\u00e9 de sa strat\u00e9gie dans cette r\u00e9gion essentielle.<\/strong><\/p>\n\n\n\n<p class=\"has-background\" style=\"background-color:#eeeeee\"><strong>Commentaire AASSDN :<\/strong> Cet article est d\u2019abord une note g\u00e9n\u00e9rale qui rappelle quelques donn\u00e9es historiques et g\u00e9ographiques indispensables \u00e0 connaitre si l\u2019on veut \u00e9voquer cette zone qui pr\u00e9sente un v\u00e9ritable int\u00e9r\u00eat strat\u00e9gique pour la France. Ce texte fait ressortir la singularit\u00e9 de notre pays par rapport \u00e0 la place qu\u2019occupent notamment les autres pays europ\u00e9ens en Indo-Pacifique. Encore faut-il que nous ayons une politique claire et r\u00e9aliste, c\u2019est-\u00e0-dire une strat\u00e9gie g\u00e9n\u00e9rale de long terme et que nous mettions des moyens significatifs en coh\u00e9rence avec les objectifs que nous nous fixons dans cette r\u00e9gion. <br>A cet \u00e9gard, l\u2019instabilit\u00e9 politique, les probl\u00e8mes \u00e9conomiques et les troubles qui se d\u00e9roulent en Nouvelle-Cal\u00e9donie et \u00e0 Mayotte, mais \u00e9galement dans d\u2019autres DROM-COM (Guyane) fragilisent notre cr\u00e9dibilit\u00e9 et r\u00e9duisent nos capacit\u00e9s d\u2019action. Nos adversaires l\u2019ont bien compris\u2026<\/p>\n\n\n\n<p><strong>La strat\u00e9gie indo-pacifique fran\u00e7aise est souvent incomprise et parfois m\u00e9connue. Dans cette immense r\u00e9gion \u00e0 l\u2019importance cruciale, la France est fr\u00e9quemment per\u00e7ue comme une ancienne puissance coloniale amen\u00e9e \u00e0 jouer, au mieux, un r\u00f4le secondaire.<\/strong><\/p>\n\n\n\n<p>Il est vrai que la France a connu une longue pr\u00e9sence coloniale dans la r\u00e9gion, pendant environ trois si\u00e8cles, de 1674 \u00e0 1954, notamment \u00e0 Madagascar, \u00e0 Djibouti, \u00e0 Mayotte, en Inde, en Indochine et dans le Pacifique Sud. En outre, elle a \u00e9galement eu recours de mani\u00e8re immod\u00e9r\u00e9e \u00e0 la politique de la canonni\u00e8re face au Siam, au Vietnam, \u00e0 la Chine et \u00e0 la Cor\u00e9e. Aujourd\u2019hui, du fait de cette histoire, elle se trouve en conflit avec l\u2019\u00eele Maurice pour l\u2019\u00eele de Tromelin, avec les Comores pour Mayotte et les \u00eeles Glorieuses, et avec Madagascar pour les \u00eeles \u00c9parses. Dans l\u2019oc\u00e9an Pacifique, la France est \u00e9galement confront\u00e9e \u00e0 un mouvement ind\u00e9pendantiste en Nouvelle-Cal\u00e9donie et sa possession de Clipperton a \u00e9t\u00e9 ouvertement remise en question par le Mexique.<\/p>\n\n\n\n<p>Outre les questions historiques, plusieurs \u00e9v\u00e9nements survenus plus r\u00e9cemment ont \u00e9galement contribu\u00e9 \u00e0 cette perception\u00a0: les essais nucl\u00e9aires effectu\u00e9s par la France jusqu\u2019en 1995, les scandales li\u00e9s aux contrats de d\u00e9fense sign\u00e9s avec Ta\u00efwan, ainsi qu\u2019avec l\u2019Arabie saoudite et le Pakistan dans les ann\u00e9es\u00a01990 et au d\u00e9but des ann\u00e9es\u00a02000, et plus pr\u00e8s de nous l\u2019annulation par Canberra du contrat de sous-marins au profit de l\u2019accord AUKUS et l\u2019abandon par l\u2019Australie de contrats de d\u00e9fense avec la France (h\u00e9licopt\u00e8res d\u2019attaque Tigre, h\u00e9licopt\u00e8res de transport NH90).<\/p>\n\n\n\n<p>Par ailleurs, l\u2019appareil de s\u00e9curit\u00e9 r\u00e9gionale fran\u00e7ais a \u00e9t\u00e9 consid\u00e9rablement r\u00e9duit, passant de 8\u00a0500 \u00e0 7\u00a0000 hommes au cours des dix derni\u00e8res ann\u00e9es. Sans parler des coupes budg\u00e9taires post-crise des subprimes (les redoutables LOLF et RGPP) dans la diplomatie fran\u00e7aise qui ont entra\u00een\u00e9 une r\u00e9duction d\u2019effectifs dans un certain nombre d\u2019ambassades. Tous ces facteurs ont clairement eu un impact sur l\u2019image de la France dans la r\u00e9gion et ont contribu\u00e9 \u00e0 une opinion contrast\u00e9e aupr\u00e8s du public, comme des experts et des autorit\u00e9s politiques et militaires.<\/p>\n\n\n\n<p>En outre, la strat\u00e9gie indo-pacifique de la France, publi\u00e9e en 2019, reste floue pour nombre de nos voisins, partenaires et alli\u00e9s. La France gagnerait certainement \u00e0 am\u00e9liorer sa communication autour de ses initiatives et de ses r\u00e9sultats concrets, pour les faire mieux conna\u00eetre et appr\u00e9cier. Une meilleure coop\u00e9ration serait \u00e9galement n\u00e9cessaire entre ses (trop) nombreuses agences, r\u00e9guli\u00e8rement en concurrence les unes avec les autres.<\/p>\n\n\n\n<p>Un pays singulier parmi les nations europ\u00e9ennes en Indo-Pacifique<\/p>\n\n\n\n<p>La France n\u2019est certes pas le pays le plus puissant op\u00e9rant dans la zone indo-pacifique, mais elle n\u2019est ni une petite puissance ni une puissance lointaine dans la r\u00e9gion, o\u00f9 sa pr\u00e9sence a \u00e9t\u00e9 continuellement maintenue depuis la premi\u00e8re moiti\u00e9 du XVIe\u00a0si\u00e8cle.<\/p>\n\n\n\n<p>Il est \u00e9galement important de noter que m\u00eame si la France a \u00e9t\u00e9 une puissance coloniale, elle a \u00e9tabli son influence par divers moyens, notamment l\u2019\u00e9change d\u2019envoy\u00e9s diplomatiques et l\u2019\u00e9tablissement d\u2019alliances avec les dirigeants locaux, l\u2019implication directe dans divers conflits, la pr\u00e9sence des \u00e9rudits j\u00e9suites \u00e0 la cour de l\u2019empereur Qianlong en Chine, la construction de forteresses de style Vauban au Siam et au Vietnam ou encore la cr\u00e9ation d\u2019un arsenal naval moderne \u00e0 Yokosuka, au Japon. Un grand nombre de Fran\u00e7ais de tous m\u00e9tiers ont \u00e9galement apport\u00e9 leurs connaissances et leurs comp\u00e9tences aux dirigeants locaux.<\/p>\n\n\n\n<p>Aujourd\u2019hui encore, la pr\u00e9sence de la France dans la zone constitue une singularit\u00e9 majeure puisqu\u2019elle est le seul pays de l\u2019UE \u00e0 \u00eatre membre du Conseil de S\u00e9curit\u00e9 de l\u2019ONU et \u00e0 \u00eatre une puissance r\u00e9sidente \u00e0 la fois dans l\u2019oc\u00e9an Pacifique et dans l\u2019oc\u00e9an Indien, sur un ensemble de territoires qui repr\u00e9sente 25\u00a0810\u00a0kilom\u00e8tres carr\u00e9s pour une population de pr\u00e8s de 2\u00a0millions de Fran\u00e7ais, et 93\u00a0% de la zone \u00e9conomique exclusive (ZEE) fran\u00e7aise, la deuxi\u00e8me au monde, juste apr\u00e8s celle des \u00c9tats-Unis. Ses principales entreprises y sont tr\u00e8s pr\u00e9sentes, notamment dans le secteur de la d\u00e9fense, o\u00f9 la France se classe au troisi\u00e8me rang des fournisseurs, avec des coop\u00e9rations fructueuses en cours avec l\u2019Inde, Singapour, la Malaisie et l\u2019Indon\u00e9sie (peut-\u00eatre prochainement aux Philippines) et des succ\u00e8s plus anciens en Australie et \u00e0 Ta\u00efwan.<\/p>\n\n\n\n<p>En termes d\u2019influence et de diplomatie, Paris b\u00e9n\u00e9ficie d\u2019une position unique avec un ensemble \u00e0 la fois tr\u00e8s dense et diversifi\u00e9 d\u2019outils de soft power et de coop\u00e9ration. Cela comprend d\u2019abord, son r\u00e9seau d\u2019ambassades et de consulats, l\u2019un des plus importants au monde\u00a0; deuxi\u00e8mement, les \u00e9coles et centres culturels fran\u00e7ais (r\u00e9seau Alliance fran\u00e7aise) implant\u00e9s dans toutes les grandes villes\u00a0; troisi\u00e8mement, ses chambres de commerce et d\u2019industrie reliant les entreprises fran\u00e7aises et locales\u00a0; quatri\u00e8mement, les institutions fran\u00e7aises de coop\u00e9ration internationale telles que l\u2019Agence fran\u00e7aise de d\u00e9veloppement (AFD) et Expertise France\u00a0; cinqui\u00e8mement, un r\u00e9seau de 18 attach\u00e9s militaires en plus des officiers de liaison dans les centres r\u00e9gionaux de fusion d\u2019informations \u00e0 Madagascar, New Delhi et Singapour, coordonnant la coop\u00e9ration en mati\u00e8re de d\u00e9fense et maritime et menant la diplomatie militaire. Cet outil diplomatique unique, envi\u00e9 par de nombreux pays europ\u00e9ens, permet \u00e0 la France d\u2019\u00eatre un membre actif des plus importants forums et m\u00e9canismes de coop\u00e9ration r\u00e9gionale.<\/p>\n\n\n\n<p>Des moyens limit\u00e9s mais une approche innovante<\/p>\n\n\n\n<p>Pour autant, les observateurs jugent souvent que la France \u00ab\u00a0manque de muscles\u00a0\u00bb en Indo-Pacifique.<\/p>\n\n\n\n<p>Une telle affirmation n\u2019est pas d\u00e9nu\u00e9e de fondement. Il est vrai que le nombre de troupes dans la zone a \u00e9t\u00e9 r\u00e9duit de 20\u00a0% au cours des 10 derni\u00e8res ann\u00e9es et que la pr\u00e9sence navale a fortement diminu\u00e9 depuis les ann\u00e9es\u00a01990, mais en tout \u00e9tat de cause la France n\u2019a ni l\u2019ambition ni les moyens d\u2019\u00eatre une puissance militaire majeure dans l\u2019Indo-Pacifique. Ses partenaires et alli\u00e9s dans la r\u00e9gion n\u2019attendent ni ne demandent qu\u2019elle prenne parti dans la rivalit\u00e9 \u00c9tats-Unis\/Chine ou s\u2019interpose entre eux. Forte de son h\u00e9ritage historique d\u2019autonomie strat\u00e9gique et d\u2019ind\u00e9pendance politique, la France souhaite ouvrir une troisi\u00e8me voie, ni pro-\u00c9tats-Unis ni anti-Chine, qui r\u00e9sonne avec la posture strat\u00e9gique de non-alignement des \u00ab\u00a0Perspectives sur l\u2019Indo-Pacifique\u00a0\u00bb de l\u2019Asean. \u00c0 ce titre, Paris privil\u00e9gie une posture de facilitateur, de bon voisinage et de partenaire de confiance qui promeut l\u2019\u00e9tat de droit et d\u00e9montre son engagement en faveur de la s\u00e9curit\u00e9 r\u00e9gionale et de la libert\u00e9 des mers.<\/p>\n\n\n\n<p>L\u2019architecture de d\u00e9fense fran\u00e7aise dans la zone comprend deux commandements sous-r\u00e9gionaux \u2013 ALINDIEN pour l\u2019oc\u00e9an Indien et ALPACI pour l\u2019oc\u00e9an Pacifique, en compl\u00e9ment des forces de souverainet\u00e9 positionn\u00e9es \u00e0 La R\u00e9union, en Polyn\u00e9sie fran\u00e7aise et en Nouvelle-Cal\u00e9donie \u2013 et suit un axe en forme de \u00ab\u00a0S\u00a0\u00bb. Cet axe relie le c\u0153ur m\u00e9tropolitain \u00e0 ses territoires d\u2019outre-mer \u00e0 travers un r\u00e9seau d\u2019alli\u00e9s et de partenaires strat\u00e9giques dont les \u00c9mirats arabes unis, l\u2019Inde, Singapour, l\u2019Indon\u00e9sie et l\u2019Australie (mais aussi le Vietnam, la Cor\u00e9e du Sud et le Japon). Avec certains d\u2019entre eux, la France a \u00e9tabli un dialogue strat\u00e9gique de d\u00e9fense innovant, comme les dialogues strat\u00e9giques trilat\u00e9raux \u00ab\u00a0France-EAU-Inde\u00a0\u00bb et \u00ab\u00a0France-Inde-Australie\u00a0\u00bb.<\/p>\n\n\n\n<p><\/p>\n\n\n\n<p class=\"has-text-align-right\">Benjamin BLANDIN<br>Doctorant en relations internationales, Institut catholique de Paris (ICP)<br><em>The conversation<\/em><br><a href=\"https:\/\/theconversation.com\/que-pese-la-france-en-indo-pacifique-225816\">https:\/\/theconversation.com\/que-pese-la-france-en-indo-pacifique-225816<\/a><br>14 avril 2024<\/p>\n\n\n\n<p class=\"has-text-align-right\"><\/p>\n\n\n\n<p><\/p>\n\n\n\n<p><\/p>\n\n\n\n<p><\/p>\n<div class=\"pdfprnt-buttons pdfprnt-buttons-post pdfprnt-bottom-right\"><a href=\"https:\/\/aassdn.org\/amicale\/wp-json\/wp\/v2\/posts\/15617?print=pdf\" class=\"pdfprnt-button pdfprnt-button-pdf\" target=\"_blank\" ><img decoding=\"async\" data-src=\"https:\/\/aassdn.org\/amicale\/wp-content\/plugins\/pdf-print\/images\/pdf.png\" alt=\"image_pdf\" title=\"Afficher le PDF\" src=\"data:image\/svg+xml;base64,PHN2ZyB3aWR0aD0iMSIgaGVpZ2h0PSIxIiB4bWxucz0iaHR0cDovL3d3dy53My5vcmcvMjAwMC9zdmciPjwvc3ZnPg==\" class=\"lazyload\" style=\"--smush-placeholder-width: 32px; --smush-placeholder-aspect-ratio: 32\/32;\" \/><\/a><a href=\"https:\/\/aassdn.org\/amicale\/wp-json\/wp\/v2\/posts\/15617?print=print\" class=\"pdfprnt-button pdfprnt-button-print\" target=\"_blank\" ><\/a><\/div>","protected":false},"excerpt":{"rendered":"<p>La France, souvent per\u00e7ue comme une ancienne puissance coloniale secondaire en Indo-Pacifique, maintient une pr\u00e9sence strat\u00e9gique gr\u00e2ce \u00e0 ses territoires ultramarins, son vaste r\u00e9seau diplomatique et sa politique d\u2019autonomie non align\u00e9e. Malgr\u00e9 une influence militaire r\u00e9duite, elle privil\u00e9gie la coop\u00e9ration avec des partenaires r\u00e9gionaux cl\u00e9s pour promouvoir la s\u00e9curit\u00e9, la libert\u00e9 des mers et renforcer [&hellip;]<\/p>\n","protected":false},"author":32,"featured_media":15630,"comment_status":"open","ping_status":"closed","sticky":false,"template":"","format":"standard","meta":{"_acf_changed":false,"footnotes":""},"categories":[288,278,85,107,1,2655,936],"tags":[2251,2713,2823,1331,1160,3591,1802,3639,2475,3272,362,3439,1063,464,2956,3263,3382,919,4195,2338,3185,2742,2869,793,1887,334,2339,3038,3521,1250,3295,2201,3559,528,3279,2355,352,3326,3280,3282,1260,1812,1907,3273,2883,2456,3783,1548,2976,307,3581,2344,3240,3269,2335,3265,3683,560,1531,2157,2352,3479,505,347,2714,2886,1700,2983,2833,3288,3319,937,3490,938,385,3289,3266,529,3632,2411,2911,327,1156,3278,3276,2502,3268,3049,524,1886,2414,1218,3689,4190,3267,3396,2778,2963,2554,4196,2353,3277,2412,2229,324,972,3149,3471,3275,2514,2326,2058,1723,3264,2410,1894,736,1261,3431,559,713,3715,3150,748,2743,3613,3093,2915,2616,2197,4188,3281,3401,2083,3274,3406,4197,807,3355,4189,3283,3271,297,905,2459,1614,3251,4194,2617,1346,2738,3718,2982,2758,3270,1353,1111,1421,1884,1433,1318,296,3184,382,2416,4193,3502,1380,3148,460,3199,2626],"class_list":["post-15617","post","type-post","status-publish","format-standard","has-post-thumbnail","hentry","category-2020-2030","category-actualites","category-asie-pacifique","category-geopolitique","category-non-classe","category-outre-mer","category-souverainete","tag-2251","tag-2713","tag-2823","tag-acteurs","tag-action","tag-adversaire","tag-air","tag-alli","tag-alliance","tag-alliances","tag-allies","tag-ancien","tag-anciens","tag-arabe","tag-arte","tag-article","tag-auteur","tag-autonomie","tag-autonomie-non-alignee","tag-autonomie-strategique","tag-autorites","tag-autres","tag-avis","tag-axe","tag-capacite","tag-capacites","tag-chine","tag-cite","tag-coherence","tag-coloniale","tag-command","tag-commandement","tag-commentaire","tag-communication","tag-comores","tag-concurrence","tag-conflit","tag-conflits","tag-conse","tag-conseil-de-secur","tag-conseil-de-securite","tag-construction","tag-cooperation","tag-cooperation-internationale","tag-cooperations","tag-coree","tag-credibilite","tag-crise","tag-culture","tag-defense","tag-defense-francaise","tag-dependance","tag-developpement","tag-diplomatie","tag-donnees","tag-donnees-historiques","tag-economique","tag-effectifs","tag-engagement","tag-entreprise","tag-entreprises","tag-essai","tag-etats","tag-etats-unis","tag-europeens","tag-expertise","tag-ffi","tag-finance","tag-financement","tag-forces","tag-formation","tag-francais","tag-francaise","tag-france","tag-fusion","tag-general","tag-geographiques","tag-grand-nom","tag-guy","tag-guyane","tag-helicopteres","tag-histoire","tag-historique","tag-ile-maurice","tag-image","tag-independance","tag-indo-pacifique","tag-indoch","tag-indochine","tag-industrie","tag-influence","tag-information","tag-ing","tag-instabilite","tag-interet-strategique","tag-international","tag-japon","tag-la-reunion","tag-liberte","tag-liberte-des-mers","tag-loi","tag-long-terme","tag-mayotte","tag-mexique","tag-militaire","tag-militaires","tag-monde","tag-moyen","tag-moyens","tag-nation","tag-nations","tag-naval","tag-navale","tag-note-generale","tag-nouvelle-caledonie","tag-nucleaire","tag-officier","tag-onu","tag-operation","tag-operations","tag-organisation","tag-outre","tag-outre-mer","tag-paris","tag-perspectives","tag-plan","tag-politique","tag-politiques","tag-polynesie","tag-population","tag-presence","tag-presence-coloniale","tag-public","tag-puissance","tag-puissance-coloniale","tag-puissance-milit","tag-puissance-militaire","tag-rapport","tag-recherche","tag-region","tag-regional","tag-regionale","tag-relation","tag-relations","tag-relations-internationales","tag-reseau","tag-reseau-alliance","tag-reseau-diplomatique","tag-reunion","tag-rome","tag-scandales","tag-se","tag-securite","tag-siam","tag-soft-power","tag-somme","tag-sous-marin","tag-sous-marins","tag-souverainete","tag-ss","tag-strategie","tag-strategique","tag-strategiques","tag-succes","tag-territoire","tag-territoires-ultramarins","tag-th","tag-tr","tag-troubles","tag-troupes","tag-voy","tag-zone-economique-exclusive"],"acf":[],"yoast_head":"<!-- This site is optimized with the Yoast SEO plugin v27.5 - https:\/\/yoast.com\/product\/yoast-seo-wordpress\/ -->\n<title>Soft power et coop\u00e9ration : la France face \u00e0 ses ambitions en Indo-Pacifique | AASSDN | Anciens et Amis des Services Sp\u00e9ciaux<\/title>\n<meta name=\"robots\" content=\"index, follow, max-snippet:-1, max-image-preview:large, max-video-preview:-1\" \/>\n<link rel=\"canonical\" href=\"https:\/\/aassdn.org\/amicale\/que-pese-la-france-en-indo-pacifique\/\" \/>\n<meta property=\"og:locale\" content=\"fr_FR\" \/>\n<meta property=\"og:type\" content=\"article\" \/>\n<meta property=\"og:title\" content=\"Soft power et coop\u00e9ration : la France face \u00e0 ses ambitions en Indo-Pacifique | AASSDN | Anciens et Amis des Services Sp\u00e9ciaux\" \/>\n<meta property=\"og:description\" content=\"La France, souvent per\u00e7ue comme une ancienne puissance coloniale secondaire en Indo-Pacifique, maintient une pr\u00e9sence strat\u00e9gique gr\u00e2ce \u00e0 ses territoires ultramarins, son vaste r\u00e9seau diplomatique et sa politique d\u2019autonomie non align\u00e9e. Malgr\u00e9 une influence militaire r\u00e9duite, elle privil\u00e9gie la coop\u00e9ration avec des partenaires r\u00e9gionaux cl\u00e9s pour promouvoir la s\u00e9curit\u00e9, la libert\u00e9 des mers et renforcer [&hellip;]\" \/>\n<meta property=\"og:url\" content=\"https:\/\/aassdn.org\/amicale\/que-pese-la-france-en-indo-pacifique\/\" \/>\n<meta property=\"og:site_name\" content=\"AASSDN | Anciens et Amis des Services Sp\u00e9ciaux\" \/>\n<meta property=\"article:published_time\" content=\"2024-10-01T15:07:00+00:00\" \/>\n<meta property=\"article:modified_time\" content=\"2025-01-19T18:50:17+00:00\" \/>\n<meta property=\"og:image\" content=\"https:\/\/aassdn.org\/amicale\/wp-content\/uploads\/1200px-Indo-Pacific_biogeographic_region_map-fr.png\" \/>\n\t<meta property=\"og:image:width\" content=\"1200\" \/>\n\t<meta property=\"og:image:height\" content=\"738\" \/>\n\t<meta property=\"og:image:type\" content=\"image\/png\" \/>\n<meta name=\"author\" content=\"AASSDN\" \/>\n<meta name=\"twitter:card\" content=\"summary_large_image\" \/>\n<meta name=\"twitter:label1\" content=\"\u00c9crit par\" \/>\n\t<meta name=\"twitter:data1\" content=\"AASSDN\" \/>\n\t<meta name=\"twitter:label2\" content=\"Dur\u00e9e de lecture estim\u00e9e\" \/>\n\t<meta name=\"twitter:data2\" content=\"7 minutes\" \/>\n<script type=\"application\/ld+json\" class=\"yoast-schema-graph\">{\"@context\":\"https:\\\/\\\/schema.org\",\"@graph\":[{\"@type\":\"Article\",\"@id\":\"https:\\\/\\\/aassdn.org\\\/amicale\\\/que-pese-la-france-en-indo-pacifique\\\/#article\",\"isPartOf\":{\"@id\":\"https:\\\/\\\/aassdn.org\\\/amicale\\\/que-pese-la-france-en-indo-pacifique\\\/\"},\"author\":{\"name\":\"AASSDN\",\"@id\":\"https:\\\/\\\/aassdn.org\\\/amicale\\\/#\\\/schema\\\/person\\\/8e950b11c74c24df36dc8e172f9451f4\"},\"headline\":\"Soft power et coop\u00e9ration : la France face \u00e0 ses ambitions en Indo-Pacifique\",\"datePublished\":\"2024-10-01T15:07:00+00:00\",\"dateModified\":\"2025-01-19T18:50:17+00:00\",\"mainEntityOfPage\":{\"@id\":\"https:\\\/\\\/aassdn.org\\\/amicale\\\/que-pese-la-france-en-indo-pacifique\\\/\"},\"wordCount\":1610,\"commentCount\":0,\"publisher\":{\"@id\":\"https:\\\/\\\/aassdn.org\\\/amicale\\\/#organization\"},\"image\":{\"@id\":\"https:\\\/\\\/aassdn.org\\\/amicale\\\/que-pese-la-france-en-indo-pacifique\\\/#primaryimage\"},\"thumbnailUrl\":\"https:\\\/\\\/aassdn.org\\\/amicale\\\/wp-content\\\/uploads\\\/1200px-Indo-Pacific_biogeographic_region_map-fr.png\",\"keywords\":[\"1863\",\"1945\",\"1963\",\"Acteurs\",\"action\",\"adversaire\",\"Air\",\"alli\",\"Alliance\",\"alliances\",\"Alli\u00e9s\",\"ancien\",\"Anciens\",\"arabe\",\"Arte\",\"article\",\"auteur\",\"autonomie\",\"autonomie non align\u00e9e\",\"autonomie strat\u00e9gique\",\"autorit\u00e9s\",\"Autres\",\"Avis\",\"Axe\",\"capacit\u00e9\",\"capacit\u00e9s\",\"Chine\",\"Cit\u00e9\",\"coh\u00e9rence\",\"Coloniale\",\"Command\",\"commandement\",\"Commentaire\",\"communication\",\"Comores\",\"concurrence\",\"conflit\",\"Conflits\",\"Conse\",\"Conseil de S\u00e9cur\",\"Conseil de s\u00e9curit\u00e9\",\"construction\",\"coop\u00e9ration\",\"coop\u00e9ration internationale\",\"coop\u00e9rations\",\"Cor\u00e9e\",\"cr\u00e9dibilit\u00e9\",\"crise\",\"culture\",\"d\u00e9fense\",\"D\u00e9fense fran\u00e7aise\",\"d\u00e9pendance\",\"d\u00e9veloppement\",\"diplomatie\",\"donn\u00e9es\",\"donn\u00e9es historiques\",\"\u00e9conomique\",\"effectifs\",\"engagement\",\"entreprise\",\"entreprises\",\"essai\",\"\u00c9tats\",\"\u00c9tats-Unis\",\"Europ\u00e9ens\",\"expertise\",\"FFI\",\"finance\",\"financement\",\"forces\",\"formation\",\"fran\u00e7ais\",\"fran\u00e7aise\",\"France\",\"fusion\",\"G\u00e9n\u00e9ral\",\"g\u00e9ographiques\",\"Grand nom\",\"Guy\",\"Guyane\",\"h\u00e9licopt\u00e8res\",\"histoire\",\"historique\",\"\u00eele Maurice\",\"Image\",\"ind\u00e9pendance\",\"Indo-Pacifique\",\"Indoch\",\"Indochine\",\"industrie\",\"influence\",\"information\",\"ing\",\"instabilit\u00e9\",\"int\u00e9r\u00eat strat\u00e9gique\",\"international\",\"Japon\",\"la R\u00e9union\",\"Libert\u00e9\",\"libert\u00e9 des mers\",\"loi\",\"long terme\",\"Mayotte\",\"Mexique\",\"militaire\",\"Militaires\",\"monde\",\"Moyen\",\"Moyens\",\"nation\",\"nations\",\"Naval\",\"Navale\",\"note g\u00e9n\u00e9rale\",\"Nouvelle-Cal\u00e9donie\",\"nucl\u00e9aire\",\"Officier\",\"ONU\",\"Op\u00e9ration\",\"op\u00e9rations\",\"organisation\",\"outre-\",\"outre-mer\",\"Paris\",\"Perspectives\",\"plan\",\"politique\",\"politiques\",\"Polyn\u00e9sie\",\"population\",\"pr\u00e9sence\",\"pr\u00e9sence coloniale\",\"public\",\"puissance\",\"Puissance coloniale\",\"puissance milit\",\"puissance militaire\",\"rapport\",\"recherche\",\"r\u00e9gion\",\"r\u00e9gional\",\"r\u00e9gionale\",\"relation\",\"relations\",\"relations internationales\",\"r\u00e9seau\",\"r\u00e9seau Alliance\",\"r\u00e9seau diplomatique\",\"R\u00e9union\",\"Rome\",\"scandales\",\"S\u00e9\",\"s\u00e9curit\u00e9\",\"Siam\",\"soft power\",\"Somme\",\"Sous-marin\",\"sous-marins\",\"souverainet\u00e9\",\"SS\",\"strat\u00e9gie\",\"strat\u00e9gique\",\"strat\u00e9giques\",\"succ\u00e8s\",\"territoire\",\"territoires ultramarins\",\"Th\",\"TR\",\"troubles\",\"troupes\",\"voy\",\"zone \u00e9conomique exclusive\"],\"articleSection\":[\"2020-2030\",\"Actualit\u00e9s\",\"Asie Pacifique\",\"G\u00e9opolitique\",\"Global\",\"Outre-Mer\",\"Souverainet\u00e9\"],\"inLanguage\":\"fr-FR\",\"potentialAction\":[{\"@type\":\"CommentAction\",\"name\":\"Comment\",\"target\":[\"https:\\\/\\\/aassdn.org\\\/amicale\\\/que-pese-la-france-en-indo-pacifique\\\/#respond\"]}]},{\"@type\":\"WebPage\",\"@id\":\"https:\\\/\\\/aassdn.org\\\/amicale\\\/que-pese-la-france-en-indo-pacifique\\\/\",\"url\":\"https:\\\/\\\/aassdn.org\\\/amicale\\\/que-pese-la-france-en-indo-pacifique\\\/\",\"name\":\"Soft power et coop\u00e9ration : la France face \u00e0 ses ambitions en Indo-Pacifique | AASSDN | Anciens et Amis des Services Sp\u00e9ciaux\",\"isPartOf\":{\"@id\":\"https:\\\/\\\/aassdn.org\\\/amicale\\\/#website\"},\"primaryImageOfPage\":{\"@id\":\"https:\\\/\\\/aassdn.org\\\/amicale\\\/que-pese-la-france-en-indo-pacifique\\\/#primaryimage\"},\"image\":{\"@id\":\"https:\\\/\\\/aassdn.org\\\/amicale\\\/que-pese-la-france-en-indo-pacifique\\\/#primaryimage\"},\"thumbnailUrl\":\"https:\\\/\\\/aassdn.org\\\/amicale\\\/wp-content\\\/uploads\\\/1200px-Indo-Pacific_biogeographic_region_map-fr.png\",\"datePublished\":\"2024-10-01T15:07:00+00:00\",\"dateModified\":\"2025-01-19T18:50:17+00:00\",\"breadcrumb\":{\"@id\":\"https:\\\/\\\/aassdn.org\\\/amicale\\\/que-pese-la-france-en-indo-pacifique\\\/#breadcrumb\"},\"inLanguage\":\"fr-FR\",\"potentialAction\":[{\"@type\":\"ReadAction\",\"target\":[\"https:\\\/\\\/aassdn.org\\\/amicale\\\/que-pese-la-france-en-indo-pacifique\\\/\"]}]},{\"@type\":\"ImageObject\",\"inLanguage\":\"fr-FR\",\"@id\":\"https:\\\/\\\/aassdn.org\\\/amicale\\\/que-pese-la-france-en-indo-pacifique\\\/#primaryimage\",\"url\":\"https:\\\/\\\/aassdn.org\\\/amicale\\\/wp-content\\\/uploads\\\/1200px-Indo-Pacific_biogeographic_region_map-fr.png\",\"contentUrl\":\"https:\\\/\\\/aassdn.org\\\/amicale\\\/wp-content\\\/uploads\\\/1200px-Indo-Pacific_biogeographic_region_map-fr.png\",\"width\":1200,\"height\":738},{\"@type\":\"BreadcrumbList\",\"@id\":\"https:\\\/\\\/aassdn.org\\\/amicale\\\/que-pese-la-france-en-indo-pacifique\\\/#breadcrumb\",\"itemListElement\":[{\"@type\":\"ListItem\",\"position\":1,\"name\":\"Accueil\",\"item\":\"https:\\\/\\\/aassdn.org\\\/amicale\\\/\"},{\"@type\":\"ListItem\",\"position\":2,\"name\":\"Soft power et coop\u00e9ration : la France face \u00e0 ses ambitions en Indo-Pacifique\"}]},{\"@type\":\"WebSite\",\"@id\":\"https:\\\/\\\/aassdn.org\\\/amicale\\\/#website\",\"url\":\"https:\\\/\\\/aassdn.org\\\/amicale\\\/\",\"name\":\"AASSDN | Anciens et Amis des Services Sp\u00e9ciaux\",\"description\":\"Services sp\u00e9ciaux : Des h\u00e9ros anonymes au service exclusif de la France\",\"publisher\":{\"@id\":\"https:\\\/\\\/aassdn.org\\\/amicale\\\/#organization\"},\"potentialAction\":[{\"@type\":\"SearchAction\",\"target\":{\"@type\":\"EntryPoint\",\"urlTemplate\":\"https:\\\/\\\/aassdn.org\\\/amicale\\\/?s={search_term_string}\"},\"query-input\":{\"@type\":\"PropertyValueSpecification\",\"valueRequired\":true,\"valueName\":\"search_term_string\"}}],\"inLanguage\":\"fr-FR\"},{\"@type\":\"Organization\",\"@id\":\"https:\\\/\\\/aassdn.org\\\/amicale\\\/#organization\",\"name\":\"AASSDN | Anciens et Amis des Services Sp\u00e9ciaux\",\"url\":\"https:\\\/\\\/aassdn.org\\\/amicale\\\/\",\"logo\":{\"@type\":\"ImageObject\",\"inLanguage\":\"fr-FR\",\"@id\":\"https:\\\/\\\/aassdn.org\\\/amicale\\\/#\\\/schema\\\/logo\\\/image\\\/\",\"url\":\"https:\\\/\\\/aassdn.org\\\/amicale\\\/wp-content\\\/uploads\\\/Logo_AASSDN_transparent2.png\",\"contentUrl\":\"https:\\\/\\\/aassdn.org\\\/amicale\\\/wp-content\\\/uploads\\\/Logo_AASSDN_transparent2.png\",\"width\":1832,\"height\":1609,\"caption\":\"AASSDN | Anciens et Amis des Services Sp\u00e9ciaux\"},\"image\":{\"@id\":\"https:\\\/\\\/aassdn.org\\\/amicale\\\/#\\\/schema\\\/logo\\\/image\\\/\"}},{\"@type\":\"Person\",\"@id\":\"https:\\\/\\\/aassdn.org\\\/amicale\\\/#\\\/schema\\\/person\\\/8e950b11c74c24df36dc8e172f9451f4\",\"name\":\"AASSDN\",\"image\":{\"@type\":\"ImageObject\",\"inLanguage\":\"fr-FR\",\"@id\":\"https:\\\/\\\/secure.gravatar.com\\\/avatar\\\/fd0b6d50e70e6f0ed2d0d0ed7be3689bc93c931340a70ec36db416b5f0486016?s=96&d=mm&r=g\",\"url\":\"https:\\\/\\\/secure.gravatar.com\\\/avatar\\\/fd0b6d50e70e6f0ed2d0d0ed7be3689bc93c931340a70ec36db416b5f0486016?s=96&d=mm&r=g\",\"contentUrl\":\"https:\\\/\\\/secure.gravatar.com\\\/avatar\\\/fd0b6d50e70e6f0ed2d0d0ed7be3689bc93c931340a70ec36db416b5f0486016?s=96&d=mm&r=g\",\"caption\":\"AASSDN\"},\"url\":\"https:\\\/\\\/aassdn.org\\\/amicale\\\/author\\\/laure-fanjeau\\\/\"}]}<\/script>\n<!-- \/ Yoast SEO plugin. -->","yoast_head_json":{"title":"Soft power et coop\u00e9ration : la France face \u00e0 ses ambitions en Indo-Pacifique | AASSDN | Anciens et Amis des Services Sp\u00e9ciaux","robots":{"index":"index","follow":"follow","max-snippet":"max-snippet:-1","max-image-preview":"max-image-preview:large","max-video-preview":"max-video-preview:-1"},"canonical":"https:\/\/aassdn.org\/amicale\/que-pese-la-france-en-indo-pacifique\/","og_locale":"fr_FR","og_type":"article","og_title":"Soft power et coop\u00e9ration : la France face \u00e0 ses ambitions en Indo-Pacifique | AASSDN | Anciens et Amis des Services Sp\u00e9ciaux","og_description":"La France, souvent per\u00e7ue comme une ancienne puissance coloniale secondaire en Indo-Pacifique, maintient une pr\u00e9sence strat\u00e9gique gr\u00e2ce \u00e0 ses territoires ultramarins, son vaste r\u00e9seau diplomatique et sa politique d\u2019autonomie non align\u00e9e. Malgr\u00e9 une influence militaire r\u00e9duite, elle privil\u00e9gie la coop\u00e9ration avec des partenaires r\u00e9gionaux cl\u00e9s pour promouvoir la s\u00e9curit\u00e9, la libert\u00e9 des mers et renforcer [&hellip;]","og_url":"https:\/\/aassdn.org\/amicale\/que-pese-la-france-en-indo-pacifique\/","og_site_name":"AASSDN | Anciens et Amis des Services Sp\u00e9ciaux","article_published_time":"2024-10-01T15:07:00+00:00","article_modified_time":"2025-01-19T18:50:17+00:00","og_image":[{"width":1200,"height":738,"url":"https:\/\/aassdn.org\/amicale\/wp-content\/uploads\/1200px-Indo-Pacific_biogeographic_region_map-fr.png","type":"image\/png"}],"author":"AASSDN","twitter_card":"summary_large_image","twitter_misc":{"\u00c9crit par":"AASSDN","Dur\u00e9e de lecture estim\u00e9e":"7 minutes"},"schema":{"@context":"https:\/\/schema.org","@graph":[{"@type":"Article","@id":"https:\/\/aassdn.org\/amicale\/que-pese-la-france-en-indo-pacifique\/#article","isPartOf":{"@id":"https:\/\/aassdn.org\/amicale\/que-pese-la-france-en-indo-pacifique\/"},"author":{"name":"AASSDN","@id":"https:\/\/aassdn.org\/amicale\/#\/schema\/person\/8e950b11c74c24df36dc8e172f9451f4"},"headline":"Soft power et coop\u00e9ration : la France face \u00e0 ses ambitions en Indo-Pacifique","datePublished":"2024-10-01T15:07:00+00:00","dateModified":"2025-01-19T18:50:17+00:00","mainEntityOfPage":{"@id":"https:\/\/aassdn.org\/amicale\/que-pese-la-france-en-indo-pacifique\/"},"wordCount":1610,"commentCount":0,"publisher":{"@id":"https:\/\/aassdn.org\/amicale\/#organization"},"image":{"@id":"https:\/\/aassdn.org\/amicale\/que-pese-la-france-en-indo-pacifique\/#primaryimage"},"thumbnailUrl":"https:\/\/aassdn.org\/amicale\/wp-content\/uploads\/1200px-Indo-Pacific_biogeographic_region_map-fr.png","keywords":["1863","1945","1963","Acteurs","action","adversaire","Air","alli","Alliance","alliances","Alli\u00e9s","ancien","Anciens","arabe","Arte","article","auteur","autonomie","autonomie non align\u00e9e","autonomie strat\u00e9gique","autorit\u00e9s","Autres","Avis","Axe","capacit\u00e9","capacit\u00e9s","Chine","Cit\u00e9","coh\u00e9rence","Coloniale","Command","commandement","Commentaire","communication","Comores","concurrence","conflit","Conflits","Conse","Conseil de S\u00e9cur","Conseil de s\u00e9curit\u00e9","construction","coop\u00e9ration","coop\u00e9ration internationale","coop\u00e9rations","Cor\u00e9e","cr\u00e9dibilit\u00e9","crise","culture","d\u00e9fense","D\u00e9fense fran\u00e7aise","d\u00e9pendance","d\u00e9veloppement","diplomatie","donn\u00e9es","donn\u00e9es historiques","\u00e9conomique","effectifs","engagement","entreprise","entreprises","essai","\u00c9tats","\u00c9tats-Unis","Europ\u00e9ens","expertise","FFI","finance","financement","forces","formation","fran\u00e7ais","fran\u00e7aise","France","fusion","G\u00e9n\u00e9ral","g\u00e9ographiques","Grand nom","Guy","Guyane","h\u00e9licopt\u00e8res","histoire","historique","\u00eele Maurice","Image","ind\u00e9pendance","Indo-Pacifique","Indoch","Indochine","industrie","influence","information","ing","instabilit\u00e9","int\u00e9r\u00eat strat\u00e9gique","international","Japon","la R\u00e9union","Libert\u00e9","libert\u00e9 des mers","loi","long terme","Mayotte","Mexique","militaire","Militaires","monde","Moyen","Moyens","nation","nations","Naval","Navale","note g\u00e9n\u00e9rale","Nouvelle-Cal\u00e9donie","nucl\u00e9aire","Officier","ONU","Op\u00e9ration","op\u00e9rations","organisation","outre-","outre-mer","Paris","Perspectives","plan","politique","politiques","Polyn\u00e9sie","population","pr\u00e9sence","pr\u00e9sence coloniale","public","puissance","Puissance coloniale","puissance milit","puissance militaire","rapport","recherche","r\u00e9gion","r\u00e9gional","r\u00e9gionale","relation","relations","relations internationales","r\u00e9seau","r\u00e9seau Alliance","r\u00e9seau diplomatique","R\u00e9union","Rome","scandales","S\u00e9","s\u00e9curit\u00e9","Siam","soft power","Somme","Sous-marin","sous-marins","souverainet\u00e9","SS","strat\u00e9gie","strat\u00e9gique","strat\u00e9giques","succ\u00e8s","territoire","territoires ultramarins","Th","TR","troubles","troupes","voy","zone \u00e9conomique exclusive"],"articleSection":["2020-2030","Actualit\u00e9s","Asie Pacifique","G\u00e9opolitique","Global","Outre-Mer","Souverainet\u00e9"],"inLanguage":"fr-FR","potentialAction":[{"@type":"CommentAction","name":"Comment","target":["https:\/\/aassdn.org\/amicale\/que-pese-la-france-en-indo-pacifique\/#respond"]}]},{"@type":"WebPage","@id":"https:\/\/aassdn.org\/amicale\/que-pese-la-france-en-indo-pacifique\/","url":"https:\/\/aassdn.org\/amicale\/que-pese-la-france-en-indo-pacifique\/","name":"Soft power et coop\u00e9ration : la France face \u00e0 ses ambitions en Indo-Pacifique | AASSDN | Anciens et Amis des Services Sp\u00e9ciaux","isPartOf":{"@id":"https:\/\/aassdn.org\/amicale\/#website"},"primaryImageOfPage":{"@id":"https:\/\/aassdn.org\/amicale\/que-pese-la-france-en-indo-pacifique\/#primaryimage"},"image":{"@id":"https:\/\/aassdn.org\/amicale\/que-pese-la-france-en-indo-pacifique\/#primaryimage"},"thumbnailUrl":"https:\/\/aassdn.org\/amicale\/wp-content\/uploads\/1200px-Indo-Pacific_biogeographic_region_map-fr.png","datePublished":"2024-10-01T15:07:00+00:00","dateModified":"2025-01-19T18:50:17+00:00","breadcrumb":{"@id":"https:\/\/aassdn.org\/amicale\/que-pese-la-france-en-indo-pacifique\/#breadcrumb"},"inLanguage":"fr-FR","potentialAction":[{"@type":"ReadAction","target":["https:\/\/aassdn.org\/amicale\/que-pese-la-france-en-indo-pacifique\/"]}]},{"@type":"ImageObject","inLanguage":"fr-FR","@id":"https:\/\/aassdn.org\/amicale\/que-pese-la-france-en-indo-pacifique\/#primaryimage","url":"https:\/\/aassdn.org\/amicale\/wp-content\/uploads\/1200px-Indo-Pacific_biogeographic_region_map-fr.png","contentUrl":"https:\/\/aassdn.org\/amicale\/wp-content\/uploads\/1200px-Indo-Pacific_biogeographic_region_map-fr.png","width":1200,"height":738},{"@type":"BreadcrumbList","@id":"https:\/\/aassdn.org\/amicale\/que-pese-la-france-en-indo-pacifique\/#breadcrumb","itemListElement":[{"@type":"ListItem","position":1,"name":"Accueil","item":"https:\/\/aassdn.org\/amicale\/"},{"@type":"ListItem","position":2,"name":"Soft power et coop\u00e9ration : la France face \u00e0 ses ambitions en Indo-Pacifique"}]},{"@type":"WebSite","@id":"https:\/\/aassdn.org\/amicale\/#website","url":"https:\/\/aassdn.org\/amicale\/","name":"AASSDN | Anciens et Amis des Services Sp\u00e9ciaux","description":"Services sp\u00e9ciaux : Des h\u00e9ros anonymes au service exclusif de la France","publisher":{"@id":"https:\/\/aassdn.org\/amicale\/#organization"},"potentialAction":[{"@type":"SearchAction","target":{"@type":"EntryPoint","urlTemplate":"https:\/\/aassdn.org\/amicale\/?s={search_term_string}"},"query-input":{"@type":"PropertyValueSpecification","valueRequired":true,"valueName":"search_term_string"}}],"inLanguage":"fr-FR"},{"@type":"Organization","@id":"https:\/\/aassdn.org\/amicale\/#organization","name":"AASSDN | Anciens et Amis des Services Sp\u00e9ciaux","url":"https:\/\/aassdn.org\/amicale\/","logo":{"@type":"ImageObject","inLanguage":"fr-FR","@id":"https:\/\/aassdn.org\/amicale\/#\/schema\/logo\/image\/","url":"https:\/\/aassdn.org\/amicale\/wp-content\/uploads\/Logo_AASSDN_transparent2.png","contentUrl":"https:\/\/aassdn.org\/amicale\/wp-content\/uploads\/Logo_AASSDN_transparent2.png","width":1832,"height":1609,"caption":"AASSDN | Anciens et Amis des Services Sp\u00e9ciaux"},"image":{"@id":"https:\/\/aassdn.org\/amicale\/#\/schema\/logo\/image\/"}},{"@type":"Person","@id":"https:\/\/aassdn.org\/amicale\/#\/schema\/person\/8e950b11c74c24df36dc8e172f9451f4","name":"AASSDN","image":{"@type":"ImageObject","inLanguage":"fr-FR","@id":"https:\/\/secure.gravatar.com\/avatar\/fd0b6d50e70e6f0ed2d0d0ed7be3689bc93c931340a70ec36db416b5f0486016?s=96&d=mm&r=g","url":"https:\/\/secure.gravatar.com\/avatar\/fd0b6d50e70e6f0ed2d0d0ed7be3689bc93c931340a70ec36db416b5f0486016?s=96&d=mm&r=g","contentUrl":"https:\/\/secure.gravatar.com\/avatar\/fd0b6d50e70e6f0ed2d0d0ed7be3689bc93c931340a70ec36db416b5f0486016?s=96&d=mm&r=g","caption":"AASSDN"},"url":"https:\/\/aassdn.org\/amicale\/author\/laure-fanjeau\/"}]}},"_links":{"self":[{"href":"https:\/\/aassdn.org\/amicale\/wp-json\/wp\/v2\/posts\/15617","targetHints":{"allow":["GET"]}}],"collection":[{"href":"https:\/\/aassdn.org\/amicale\/wp-json\/wp\/v2\/posts"}],"about":[{"href":"https:\/\/aassdn.org\/amicale\/wp-json\/wp\/v2\/types\/post"}],"author":[{"embeddable":true,"href":"https:\/\/aassdn.org\/amicale\/wp-json\/wp\/v2\/users\/32"}],"replies":[{"embeddable":true,"href":"https:\/\/aassdn.org\/amicale\/wp-json\/wp\/v2\/comments?post=15617"}],"version-history":[{"count":0,"href":"https:\/\/aassdn.org\/amicale\/wp-json\/wp\/v2\/posts\/15617\/revisions"}],"wp:featuredmedia":[{"embeddable":true,"href":"https:\/\/aassdn.org\/amicale\/wp-json\/wp\/v2\/media\/15630"}],"wp:attachment":[{"href":"https:\/\/aassdn.org\/amicale\/wp-json\/wp\/v2\/media?parent=15617"}],"wp:term":[{"taxonomy":"category","embeddable":true,"href":"https:\/\/aassdn.org\/amicale\/wp-json\/wp\/v2\/categories?post=15617"},{"taxonomy":"post_tag","embeddable":true,"href":"https:\/\/aassdn.org\/amicale\/wp-json\/wp\/v2\/tags?post=15617"}],"curies":[{"name":"wp","href":"https:\/\/api.w.org\/{rel}","templated":true}]}}