{"id":15217,"date":"2024-08-26T13:48:10","date_gmt":"2024-08-26T11:48:10","guid":{"rendered":"https:\/\/aassdn.org\/amicale\/?p=15217"},"modified":"2024-08-28T11:36:57","modified_gmt":"2024-08-28T09:36:57","slug":"liberation-de-paris-jean-teissier-alias-colonel-lize","status":"publish","type":"post","link":"https:\/\/aassdn.org\/amicale\/liberation-de-paris-jean-teissier-alias-colonel-lize\/","title":{"rendered":"Jean Teissier alias colonel Liz\u00e9 : un h\u00e9ros oubli\u00e9 de la Lib\u00e9ration de Paris"},"content":{"rendered":"\n<p><strong>Jean Teissier, baron de Marguerittes, a jou\u00e9 un r\u00f4le cl\u00e9 dans la R\u00e9sistance fran\u00e7aise et la Lib\u00e9ration de Paris. En 1944, sous le pseudonyme de colonel Liz\u00e9, il prend le commandement des Forces fran\u00e7aises de l&#8217;int\u00e9rieur (FFI) de la Seine et participe activement aux combats pour lib\u00e9rer la capitale. Oppos\u00e9 \u00e0 une tr\u00eave avec l&#8217;ennemi, il ordonne l&#8217;\u00e9dification de barricades, et Paris est finalement lib\u00e9r\u00e9 le 25 ao\u00fbt 1944. Apr\u00e8s la guerre, il poursuit une carri\u00e8re militaire et spirituelle, devenant pr\u00eatre en 1956.<\/strong><\/p>\n\n\n\n<p>N\u00e9 le 1er juin 1882 \u00e0 Constantine (Alg\u00e9rie), \u00e9l\u00e8ve de l&#8217;Ecole centrale des Arts et Manufactures, il s&#8217;engage dans l&#8217;arm\u00e9e le 5 juillet 1905 et est affect\u00e9 au r\u00e9giment d&#8217;artillerie de Tarbes. Promu sous-lieutenant de r\u00e9serve en octobre 1908, il int\u00e8gre le 29<sup>e<\/sup> r\u00e9giment d&#8217;artillerie. En 1913, il obtient les galons de lieutenant de r\u00e9serve puis d&#8217;active en 1916 et passe au 63<sup>e<\/sup> r\u00e9giment d&#8217;artillerie de d\u00e9fense contre avions (RADCA). Promu au grade de capitaine en janvier 1917, il rejoint le 63<sup>e<\/sup> r\u00e9giment d&#8217;artillerie de campagne puis est d\u00e9tach\u00e9 \u00e0 la Direction de l&#8217;A\u00e9ronautique militaire en mai 1919. En 1925, il rejoint le service financier de l&#8217;Arm\u00e9e fran\u00e7aise du Rhin puis deux ans plus tard le 41<sup>e<\/sup> r\u00e9giment d&#8217;artillerie divisionnaire \u00e0 P\u00e9rigueux. Jean Teissier est promu chef d&#8217;escadron le 25 septembre 1929.\u00a0 Deux ans plus tard, il rejoint l&#8217;\u00e9tat-major du d\u00e9partement de la Seine puis, en 1932, le parc r\u00e9gional d&#8217;artillerie d&#8217;Angoul\u00eame. Promu lieutenant-colonel le 25 d\u00e9cembre 1937, il prend le commandement du 74<sup>e<\/sup> r\u00e9giment d&#8217;artillerie d\u00e9pendant de la 1<sup>\u00e8re<\/sup> division l\u00e9g\u00e8re m\u00e9canique.<br><br>Le 10 mai 1940, la 1<sup>\u00e8re<\/sup> DLM se porte sur la fronti\u00e8re belgo-n\u00e9erlandaise et, de l\u00e0, est contrainte \u00e0 la retraite jusqu&#8217;\u00e0 Dunkerque o\u00f9 elle est embarqu\u00e9e pour l&#8217;Angleterre. De retour \u00e0 Cherbourg le 6 juin 1940, il reconstitue son r\u00e9giment avec des \u00e9l\u00e9ments de fortune dans les environs de Chevreuse. Apr\u00e8s avoir r\u00e9quisitionn\u00e9 quelques v\u00e9hicules, ils rejoignent le Puy-de-D\u00f4me o\u00f9 ils arrivent le 16 juin.\u00a0 Le 18 juin, le colonel de Marguerittes est convoqu\u00e9 d&#8217;urgence \u00e0 Clermont-Ferrand o\u00f9 il doit prendre le commandement de la d\u00e9fense de la ville. Il est alors sous les ordres du g\u00e9n\u00e9ral de Lattre. De Marguerittes apprend le 24 juin que l&#8217;armistice a \u00e9t\u00e9 sign\u00e9. Le 6 juillet, son r\u00e9giment est dissous et le g\u00e9n\u00e9ral de Lattre lui confie la fonction de Major de Garnison de Clermont-Ferrand, de Royat et de Chamali\u00e8res et le promeut au grade de commandeur de la L\u00e9gion d&#8217;honneur. Sa premi\u00e8re pr\u00e9occupation est d&#8217;organiser pr\u00e8s de Clermont-Ferrand un camp destin\u00e9 \u00e0 recevoir les d\u00e9mobilis\u00e9s, notamment ceux ne pouvant rentrer chez eux.\u00a0 Il participe \u00e9galement aux activit\u00e9s naissantes d&#8217;un r\u00e9seau d&#8217;\u00e9vasion de prisonniers de guerre fran\u00e7ais.<br><br>Une nouvelle activit\u00e9 commence ensuite pour lui\u00a0: le camouflage du mat\u00e9riel soustrait \u00e0 l&#8217;ennemi. Ses nombreuses parent\u00e9s en Auvergne lui facilitent le travail. Carri\u00e8res, ch\u00e2teaux, fermes re\u00e7oivent des d\u00e9p\u00f4ts de toutes sortes (armes, munitions, v\u00e9hicules\u2026). En mai 1941, il est promu colonel de r\u00e9serve puis est d\u00e9mobilis\u00e9 \u00e0 Bergerac. Il se retire \u00e0 Manzac sur Vern (Dordogne). Il est alors contact\u00e9 par le g\u00e9n\u00e9ral de Beauch\u00eane pour mettre en place un r\u00e9seau de r\u00e9sistance arm\u00e9e. Le colonel de Marguerittes commence alors un travail de r\u00e9organisation clandestine de son r\u00e9giment. Se sentant rep\u00e9r\u00e9, il entre dans la clandestinit\u00e9 au d\u00e9but de l&#8217;ann\u00e9e 1943 et quitte la Dordogne.<\/p>\n\n\n\n<p>En avril 1943, le colonel de Marguerittes entre en contact avec l&#8217;OCM \u00e0 Bordeaux. Il accepte d&#8217;organiser l&#8217;Arm\u00e9e Secr\u00e8te dans les d\u00e9partements des Landes et des Basses Pyr\u00e9n\u00e9es. Fin 1943, il prend le commandement de la r\u00e9gion de Bordeaux dont le chef vient d&#8217;\u00eatre identifi\u00e9 par la <em>Gestapo<\/em>. Traqu\u00e9 \u00e0 son tour \u00e0 la suite d&#8217;une tentative d&#8217;ex\u00e9cution de Grand-Cl\u00e9ment convaincu de trahison, De Margerittes est affect\u00e9 \u00e0 Lyon en f\u00e9vrier 1944 et entre en liaison avec <em>Ceux de la Lib\u00e9ration.<\/em><\/p>\n\n\n\n<p>Au d\u00e9but de mai 1944, le colonel de Marguerittes arrive \u00e0 Paris sous le pseudonyme de colonel Liz\u00e9. Pierre Lefaucheux, commandant des FFI de la Seine, vient d&#8217;\u00eatre arr\u00eat\u00e9 par les Allemands. Le lieutenant-colonel Duc (Dauphin), responsable militaire de Lib\u00e9-Nord, membre de l&#8217;\u00e9tat-major national FFI, lui propose de prendre le commandement des FFI de la Seine. Liz\u00e9 accepte sa proposition.<\/p>\n\n\n\n<p>A partir de cette date, le colonel Liz\u00e9 met tout en \u0153uvre pour pr\u00e9parer l&#8217;insurrection lib\u00e9ratrice. Le 17 ao\u00fbt au matin, il installe son PC au 1 rue Gu\u00e9nebaud, au coin du quai de Conti. La bataille de Paris commence r\u00e9ellement le 19 ao\u00fbt.&nbsp;Le soir m\u00eame, diverses hautes personnalit\u00e9s fran\u00e7aises de toutes ob\u00e9diences interviennent aupr\u00e8s de Raoul Nordling, consul g\u00e9n\u00e9ral de Su\u00e8de, afin qu&#8217;il intervienne aupr\u00e8s du g\u00e9n\u00e9ral Von Choltitz \u00e0 l&#8217;effet de conclure une tr\u00e8ve. Celui-ci accepte. Le colonel Liz\u00e9 est farouchement oppos\u00e9 \u00e0 cette tr\u00eave. Le 21 ao\u00fbt au soir les combats reprennent. A 19h30, Liz\u00e9 donne l&#8217;ordre d&#8217;\u00e9difier des barricades. Dans la nuit du 24 ao\u00fbt, les premiers \u00e9l\u00e9ments de la 2<sup>e<\/sup> DB entrent dans Paris. Le lendemain, la ville est lib\u00e9r\u00e9e.<br><br>Apr\u00e8s la Lib\u00e9ration, il est nomm\u00e9 pr\u00e9sident de la commission d&#8217;homologation des grades FFI de la Seine. En septembre 1945, le colonel de Marguerittes commande quelques temps la Place de Baden-Baden. Promu g\u00e9n\u00e9ral de brigade le 25 f\u00e9vrier 1946, il est ensuite d\u00e9mobilis\u00e9 pour atteinte de la limite d&#8217;\u00e2ge. Il est alors appel\u00e9 comme d\u00e9l\u00e9gu\u00e9 fran\u00e7ais de l&#8217;UNRRA (Administration des Nations Unies pour les secours et la reconstruction) en Allemagne et charg\u00e9 de mission, durant deux ans, de l&#8217;ordre souverain de Malte.<\/p>\n\n\n\n<p>Veuf de Suzanne Duval qu&#8217;il avait \u00e9pous\u00e9 en septembre 1918, il entre au s\u00e9minaire de P\u00e9rigueux et est ordonn\u00e9 pr\u00eatre en 1956. Il devient alors cur\u00e9 de campagne.<\/p>\n\n\n\n<p>Jean Tessier est d\u00e9c\u00e9d\u00e9 le 21 ao\u00fbt 1958 \u00e0 Grand-Brassac en Dordogne.<\/p>\n\n\n\n<p><strong>D\u00e9corations\u00a0:<\/strong><\/p>\n\n\n\n<ul class=\"wp-block-list\">\n<li>Grand Officier de la L\u00e9gion d&#8217;Honneur<\/li>\n\n\n\n<li>Croix de guerre 1914-1918<\/li>\n\n\n\n<li>Croix de guerre 1939-1940<\/li>\n\n\n\n<li>M\u00e9daille interalli\u00e9e de la Victoire<\/li>\n\n\n\n<li>Croix de guerre belge<\/li>\n\n\n\n<li>Commandeur de l&#8217;Ordre de L\u00e9opold (Belgique).<\/li>\n<\/ul>\n\n\n\n<p><strong>Source\u00a0:<\/strong> Mus\u00e9e de la R\u00e9sistance<\/p>\n<div class=\"pdfprnt-buttons pdfprnt-buttons-post pdfprnt-bottom-right\"><a href=\"https:\/\/aassdn.org\/amicale\/wp-json\/wp\/v2\/posts\/15217?print=pdf\" class=\"pdfprnt-button pdfprnt-button-pdf\" target=\"_blank\" ><img decoding=\"async\" data-src=\"https:\/\/aassdn.org\/amicale\/wp-content\/plugins\/pdf-print\/images\/pdf.png\" alt=\"image_pdf\" title=\"Afficher le PDF\" src=\"data:image\/svg+xml;base64,PHN2ZyB3aWR0aD0iMSIgaGVpZ2h0PSIxIiB4bWxucz0iaHR0cDovL3d3dy53My5vcmcvMjAwMC9zdmciPjwvc3ZnPg==\" class=\"lazyload\" style=\"--smush-placeholder-width: 32px; --smush-placeholder-aspect-ratio: 32\/32;\" \/><\/a><a href=\"https:\/\/aassdn.org\/amicale\/wp-json\/wp\/v2\/posts\/15217?print=print\" class=\"pdfprnt-button pdfprnt-button-print\" target=\"_blank\" ><\/a><\/div>","protected":false},"excerpt":{"rendered":"<p>Jean Teissier, baron de Marguerittes, a jou\u00e9 un r\u00f4le cl\u00e9 dans la R\u00e9sistance fran\u00e7aise et la Lib\u00e9ration de Paris. En 1944, sous le pseudonyme de colonel Liz\u00e9, il prend le commandement des Forces fran\u00e7aises de l&#8217;int\u00e9rieur (FFI) de la Seine et participe activement aux combats pour lib\u00e9rer la capitale. Oppos\u00e9 \u00e0 une tr\u00eave avec l&#8217;ennemi, [&hellip;]<\/p>\n","protected":false},"author":1,"featured_media":15220,"comment_status":"open","ping_status":"closed","sticky":false,"template":"","format":"standard","meta":{"_acf_changed":false,"footnotes":""},"categories":[116,94,76,278,1,102,170],"tags":[3101,3102,3106,3100,3089,355],"class_list":["post-15217","post","type-post","status-publish","format-standard","has-post-thumbnail","hentry","category-1940-1944-resistances","category-1942-1945","category-1939-1945-2eme-guerre-mondiale","category-actualites","category-non-classe","category-hommages-et-discours","category-place-des-services-speciaux-dans-la-resistance-de-larmee-ora","tag-baron-de-marguerittes","tag-colonel-lize","tag-forces-francaises-de-linterieur","tag-jean-teissier","tag-liberation-de-paris","tag-resistance-francaise"],"acf":[],"yoast_head":"<!-- This site is optimized with the Yoast SEO plugin v27.4 - https:\/\/yoast.com\/product\/yoast-seo-wordpress\/ -->\n<title>Jean Teissier alias colonel Liz\u00e9 : un h\u00e9ros oubli\u00e9 de la Lib\u00e9ration de Paris | AASSDN | Anciens et Amis des Services Sp\u00e9ciaux<\/title>\n<meta name=\"robots\" content=\"index, follow, max-snippet:-1, max-image-preview:large, max-video-preview:-1\" \/>\n<link rel=\"canonical\" href=\"https:\/\/aassdn.org\/amicale\/liberation-de-paris-jean-teissier-alias-colonel-lize\/\" \/>\n<meta property=\"og:locale\" content=\"fr_FR\" \/>\n<meta property=\"og:type\" content=\"article\" \/>\n<meta property=\"og:title\" content=\"Jean Teissier alias colonel Liz\u00e9 : un h\u00e9ros oubli\u00e9 de la Lib\u00e9ration de Paris | AASSDN | Anciens et Amis des Services Sp\u00e9ciaux\" \/>\n<meta property=\"og:description\" content=\"Jean Teissier, baron de Marguerittes, a jou\u00e9 un r\u00f4le cl\u00e9 dans la R\u00e9sistance fran\u00e7aise et la Lib\u00e9ration de Paris. En 1944, sous le pseudonyme de colonel Liz\u00e9, il prend le commandement des Forces fran\u00e7aises de l&#8217;int\u00e9rieur (FFI) de la Seine et participe activement aux combats pour lib\u00e9rer la capitale. Oppos\u00e9 \u00e0 une tr\u00eave avec l&#8217;ennemi, [&hellip;]\" \/>\n<meta property=\"og:url\" content=\"https:\/\/aassdn.org\/amicale\/liberation-de-paris-jean-teissier-alias-colonel-lize\/\" \/>\n<meta property=\"og:site_name\" content=\"AASSDN | Anciens et Amis des Services Sp\u00e9ciaux\" \/>\n<meta property=\"article:published_time\" content=\"2024-08-26T11:48:10+00:00\" \/>\n<meta property=\"article:modified_time\" content=\"2024-08-28T09:36:57+00:00\" \/>\n<meta property=\"og:image\" content=\"https:\/\/aassdn.org\/amicale\/wp-content\/uploads\/image-64.png\" \/>\n\t<meta property=\"og:image:width\" content=\"825\" \/>\n\t<meta property=\"og:image:height\" content=\"1000\" \/>\n\t<meta property=\"og:image:type\" content=\"image\/png\" \/>\n<meta name=\"author\" content=\"AASSDN\" \/>\n<meta name=\"twitter:card\" content=\"summary_large_image\" \/>\n<meta name=\"twitter:label1\" content=\"\u00c9crit par\" \/>\n\t<meta name=\"twitter:data1\" content=\"AASSDN\" \/>\n\t<meta name=\"twitter:label2\" content=\"Dur\u00e9e de lecture estim\u00e9e\" \/>\n\t<meta name=\"twitter:data2\" content=\"5 minutes\" \/>\n<script type=\"application\/ld+json\" class=\"yoast-schema-graph\">{\"@context\":\"https:\\\/\\\/schema.org\",\"@graph\":[{\"@type\":\"Article\",\"@id\":\"https:\\\/\\\/aassdn.org\\\/amicale\\\/liberation-de-paris-jean-teissier-alias-colonel-lize\\\/#article\",\"isPartOf\":{\"@id\":\"https:\\\/\\\/aassdn.org\\\/amicale\\\/liberation-de-paris-jean-teissier-alias-colonel-lize\\\/\"},\"author\":{\"name\":\"AASSDN\",\"@id\":\"https:\\\/\\\/aassdn.org\\\/amicale\\\/#\\\/schema\\\/person\\\/73800712a272e6d58a10a86ea9e59671\"},\"headline\":\"Jean Teissier alias colonel Liz\u00e9 : un h\u00e9ros oubli\u00e9 de la Lib\u00e9ration de Paris\",\"datePublished\":\"2024-08-26T11:48:10+00:00\",\"dateModified\":\"2024-08-28T09:36:57+00:00\",\"mainEntityOfPage\":{\"@id\":\"https:\\\/\\\/aassdn.org\\\/amicale\\\/liberation-de-paris-jean-teissier-alias-colonel-lize\\\/\"},\"wordCount\":1117,\"commentCount\":0,\"publisher\":{\"@id\":\"https:\\\/\\\/aassdn.org\\\/amicale\\\/#organization\"},\"image\":{\"@id\":\"https:\\\/\\\/aassdn.org\\\/amicale\\\/liberation-de-paris-jean-teissier-alias-colonel-lize\\\/#primaryimage\"},\"thumbnailUrl\":\"https:\\\/\\\/aassdn.org\\\/amicale\\\/wp-content\\\/uploads\\\/image-64.png\",\"keywords\":[\"baron de Marguerittes\",\"Colonel Liz\u00e9\",\"Forces fran\u00e7aises de l'int\u00e9rieur\",\"Jean Teissier\",\"Lib\u00e9ration de Paris\",\"R\u00e9sistance fran\u00e7aise\"],\"articleSection\":[\"1940-1944 : R\u00e9sistances en France\",\"1942-1945\",\"2\u00e8me Guerre Mondiale (1939-1945)\",\"Actualit\u00e9s\",\"Global\",\"Hommages et discours\",\"Place des Services sp\u00e9ciaux dans la r\u00e9sistance de l\u2019arm\u00e9e (ORA...)\"],\"inLanguage\":\"fr-FR\",\"potentialAction\":[{\"@type\":\"CommentAction\",\"name\":\"Comment\",\"target\":[\"https:\\\/\\\/aassdn.org\\\/amicale\\\/liberation-de-paris-jean-teissier-alias-colonel-lize\\\/#respond\"]}]},{\"@type\":\"WebPage\",\"@id\":\"https:\\\/\\\/aassdn.org\\\/amicale\\\/liberation-de-paris-jean-teissier-alias-colonel-lize\\\/\",\"url\":\"https:\\\/\\\/aassdn.org\\\/amicale\\\/liberation-de-paris-jean-teissier-alias-colonel-lize\\\/\",\"name\":\"Jean Teissier alias colonel Liz\u00e9 : un h\u00e9ros oubli\u00e9 de la Lib\u00e9ration de Paris | AASSDN | Anciens et Amis des Services Sp\u00e9ciaux\",\"isPartOf\":{\"@id\":\"https:\\\/\\\/aassdn.org\\\/amicale\\\/#website\"},\"primaryImageOfPage\":{\"@id\":\"https:\\\/\\\/aassdn.org\\\/amicale\\\/liberation-de-paris-jean-teissier-alias-colonel-lize\\\/#primaryimage\"},\"image\":{\"@id\":\"https:\\\/\\\/aassdn.org\\\/amicale\\\/liberation-de-paris-jean-teissier-alias-colonel-lize\\\/#primaryimage\"},\"thumbnailUrl\":\"https:\\\/\\\/aassdn.org\\\/amicale\\\/wp-content\\\/uploads\\\/image-64.png\",\"datePublished\":\"2024-08-26T11:48:10+00:00\",\"dateModified\":\"2024-08-28T09:36:57+00:00\",\"breadcrumb\":{\"@id\":\"https:\\\/\\\/aassdn.org\\\/amicale\\\/liberation-de-paris-jean-teissier-alias-colonel-lize\\\/#breadcrumb\"},\"inLanguage\":\"fr-FR\",\"potentialAction\":[{\"@type\":\"ReadAction\",\"target\":[\"https:\\\/\\\/aassdn.org\\\/amicale\\\/liberation-de-paris-jean-teissier-alias-colonel-lize\\\/\"]}]},{\"@type\":\"ImageObject\",\"inLanguage\":\"fr-FR\",\"@id\":\"https:\\\/\\\/aassdn.org\\\/amicale\\\/liberation-de-paris-jean-teissier-alias-colonel-lize\\\/#primaryimage\",\"url\":\"https:\\\/\\\/aassdn.org\\\/amicale\\\/wp-content\\\/uploads\\\/image-64.png\",\"contentUrl\":\"https:\\\/\\\/aassdn.org\\\/amicale\\\/wp-content\\\/uploads\\\/image-64.png\",\"width\":825,\"height\":1000},{\"@type\":\"BreadcrumbList\",\"@id\":\"https:\\\/\\\/aassdn.org\\\/amicale\\\/liberation-de-paris-jean-teissier-alias-colonel-lize\\\/#breadcrumb\",\"itemListElement\":[{\"@type\":\"ListItem\",\"position\":1,\"name\":\"Accueil\",\"item\":\"https:\\\/\\\/aassdn.org\\\/amicale\\\/\"},{\"@type\":\"ListItem\",\"position\":2,\"name\":\"Jean Teissier alias colonel Liz\u00e9 : un h\u00e9ros oubli\u00e9 de la Lib\u00e9ration de Paris\"}]},{\"@type\":\"WebSite\",\"@id\":\"https:\\\/\\\/aassdn.org\\\/amicale\\\/#website\",\"url\":\"https:\\\/\\\/aassdn.org\\\/amicale\\\/\",\"name\":\"AASSDN | Anciens et Amis des Services Sp\u00e9ciaux\",\"description\":\"Services sp\u00e9ciaux : Des h\u00e9ros anonymes au service exclusif de la France\",\"publisher\":{\"@id\":\"https:\\\/\\\/aassdn.org\\\/amicale\\\/#organization\"},\"potentialAction\":[{\"@type\":\"SearchAction\",\"target\":{\"@type\":\"EntryPoint\",\"urlTemplate\":\"https:\\\/\\\/aassdn.org\\\/amicale\\\/?s={search_term_string}\"},\"query-input\":{\"@type\":\"PropertyValueSpecification\",\"valueRequired\":true,\"valueName\":\"search_term_string\"}}],\"inLanguage\":\"fr-FR\"},{\"@type\":\"Organization\",\"@id\":\"https:\\\/\\\/aassdn.org\\\/amicale\\\/#organization\",\"name\":\"AASSDN | Anciens et Amis des Services Sp\u00e9ciaux\",\"url\":\"https:\\\/\\\/aassdn.org\\\/amicale\\\/\",\"logo\":{\"@type\":\"ImageObject\",\"inLanguage\":\"fr-FR\",\"@id\":\"https:\\\/\\\/aassdn.org\\\/amicale\\\/#\\\/schema\\\/logo\\\/image\\\/\",\"url\":\"https:\\\/\\\/aassdn.org\\\/amicale\\\/wp-content\\\/uploads\\\/Logo_AASSDN_transparent2.png\",\"contentUrl\":\"https:\\\/\\\/aassdn.org\\\/amicale\\\/wp-content\\\/uploads\\\/Logo_AASSDN_transparent2.png\",\"width\":1832,\"height\":1609,\"caption\":\"AASSDN | Anciens et Amis des Services Sp\u00e9ciaux\"},\"image\":{\"@id\":\"https:\\\/\\\/aassdn.org\\\/amicale\\\/#\\\/schema\\\/logo\\\/image\\\/\"}},{\"@type\":\"Person\",\"@id\":\"https:\\\/\\\/aassdn.org\\\/amicale\\\/#\\\/schema\\\/person\\\/73800712a272e6d58a10a86ea9e59671\",\"name\":\"AASSDN\",\"image\":{\"@type\":\"ImageObject\",\"inLanguage\":\"fr-FR\",\"@id\":\"https:\\\/\\\/secure.gravatar.com\\\/avatar\\\/9653808d17788562e72d77e426d8d02775774239aefd00a9b4e852423d8e9d7e?s=96&d=mm&r=g\",\"url\":\"https:\\\/\\\/secure.gravatar.com\\\/avatar\\\/9653808d17788562e72d77e426d8d02775774239aefd00a9b4e852423d8e9d7e?s=96&d=mm&r=g\",\"contentUrl\":\"https:\\\/\\\/secure.gravatar.com\\\/avatar\\\/9653808d17788562e72d77e426d8d02775774239aefd00a9b4e852423d8e9d7e?s=96&d=mm&r=g\",\"caption\":\"AASSDN\"},\"sameAs\":[\"https:\\\/\\\/aassdn.org\\\/amicale\"],\"url\":\"https:\\\/\\\/aassdn.org\\\/amicale\\\/author\\\/wordpress\\\/\"}]}<\/script>\n<!-- \/ Yoast SEO plugin. -->","yoast_head_json":{"title":"Jean Teissier alias colonel Liz\u00e9 : un h\u00e9ros oubli\u00e9 de la Lib\u00e9ration de Paris | AASSDN | Anciens et Amis des Services Sp\u00e9ciaux","robots":{"index":"index","follow":"follow","max-snippet":"max-snippet:-1","max-image-preview":"max-image-preview:large","max-video-preview":"max-video-preview:-1"},"canonical":"https:\/\/aassdn.org\/amicale\/liberation-de-paris-jean-teissier-alias-colonel-lize\/","og_locale":"fr_FR","og_type":"article","og_title":"Jean Teissier alias colonel Liz\u00e9 : un h\u00e9ros oubli\u00e9 de la Lib\u00e9ration de Paris | AASSDN | Anciens et Amis des Services Sp\u00e9ciaux","og_description":"Jean Teissier, baron de Marguerittes, a jou\u00e9 un r\u00f4le cl\u00e9 dans la R\u00e9sistance fran\u00e7aise et la Lib\u00e9ration de Paris. En 1944, sous le pseudonyme de colonel Liz\u00e9, il prend le commandement des Forces fran\u00e7aises de l&#8217;int\u00e9rieur (FFI) de la Seine et participe activement aux combats pour lib\u00e9rer la capitale. Oppos\u00e9 \u00e0 une tr\u00eave avec l&#8217;ennemi, [&hellip;]","og_url":"https:\/\/aassdn.org\/amicale\/liberation-de-paris-jean-teissier-alias-colonel-lize\/","og_site_name":"AASSDN | Anciens et Amis des Services Sp\u00e9ciaux","article_published_time":"2024-08-26T11:48:10+00:00","article_modified_time":"2024-08-28T09:36:57+00:00","og_image":[{"width":825,"height":1000,"url":"https:\/\/aassdn.org\/amicale\/wp-content\/uploads\/image-64.png","type":"image\/png"}],"author":"AASSDN","twitter_card":"summary_large_image","twitter_misc":{"\u00c9crit par":"AASSDN","Dur\u00e9e de lecture estim\u00e9e":"5 minutes"},"schema":{"@context":"https:\/\/schema.org","@graph":[{"@type":"Article","@id":"https:\/\/aassdn.org\/amicale\/liberation-de-paris-jean-teissier-alias-colonel-lize\/#article","isPartOf":{"@id":"https:\/\/aassdn.org\/amicale\/liberation-de-paris-jean-teissier-alias-colonel-lize\/"},"author":{"name":"AASSDN","@id":"https:\/\/aassdn.org\/amicale\/#\/schema\/person\/73800712a272e6d58a10a86ea9e59671"},"headline":"Jean Teissier alias colonel Liz\u00e9 : un h\u00e9ros oubli\u00e9 de la Lib\u00e9ration de Paris","datePublished":"2024-08-26T11:48:10+00:00","dateModified":"2024-08-28T09:36:57+00:00","mainEntityOfPage":{"@id":"https:\/\/aassdn.org\/amicale\/liberation-de-paris-jean-teissier-alias-colonel-lize\/"},"wordCount":1117,"commentCount":0,"publisher":{"@id":"https:\/\/aassdn.org\/amicale\/#organization"},"image":{"@id":"https:\/\/aassdn.org\/amicale\/liberation-de-paris-jean-teissier-alias-colonel-lize\/#primaryimage"},"thumbnailUrl":"https:\/\/aassdn.org\/amicale\/wp-content\/uploads\/image-64.png","keywords":["baron de Marguerittes","Colonel Liz\u00e9","Forces fran\u00e7aises de l'int\u00e9rieur","Jean Teissier","Lib\u00e9ration de Paris","R\u00e9sistance fran\u00e7aise"],"articleSection":["1940-1944 : R\u00e9sistances en France","1942-1945","2\u00e8me Guerre Mondiale (1939-1945)","Actualit\u00e9s","Global","Hommages et discours","Place des Services sp\u00e9ciaux dans la r\u00e9sistance de l\u2019arm\u00e9e (ORA...)"],"inLanguage":"fr-FR","potentialAction":[{"@type":"CommentAction","name":"Comment","target":["https:\/\/aassdn.org\/amicale\/liberation-de-paris-jean-teissier-alias-colonel-lize\/#respond"]}]},{"@type":"WebPage","@id":"https:\/\/aassdn.org\/amicale\/liberation-de-paris-jean-teissier-alias-colonel-lize\/","url":"https:\/\/aassdn.org\/amicale\/liberation-de-paris-jean-teissier-alias-colonel-lize\/","name":"Jean Teissier alias colonel Liz\u00e9 : un h\u00e9ros oubli\u00e9 de la Lib\u00e9ration de Paris | AASSDN | Anciens et Amis des Services Sp\u00e9ciaux","isPartOf":{"@id":"https:\/\/aassdn.org\/amicale\/#website"},"primaryImageOfPage":{"@id":"https:\/\/aassdn.org\/amicale\/liberation-de-paris-jean-teissier-alias-colonel-lize\/#primaryimage"},"image":{"@id":"https:\/\/aassdn.org\/amicale\/liberation-de-paris-jean-teissier-alias-colonel-lize\/#primaryimage"},"thumbnailUrl":"https:\/\/aassdn.org\/amicale\/wp-content\/uploads\/image-64.png","datePublished":"2024-08-26T11:48:10+00:00","dateModified":"2024-08-28T09:36:57+00:00","breadcrumb":{"@id":"https:\/\/aassdn.org\/amicale\/liberation-de-paris-jean-teissier-alias-colonel-lize\/#breadcrumb"},"inLanguage":"fr-FR","potentialAction":[{"@type":"ReadAction","target":["https:\/\/aassdn.org\/amicale\/liberation-de-paris-jean-teissier-alias-colonel-lize\/"]}]},{"@type":"ImageObject","inLanguage":"fr-FR","@id":"https:\/\/aassdn.org\/amicale\/liberation-de-paris-jean-teissier-alias-colonel-lize\/#primaryimage","url":"https:\/\/aassdn.org\/amicale\/wp-content\/uploads\/image-64.png","contentUrl":"https:\/\/aassdn.org\/amicale\/wp-content\/uploads\/image-64.png","width":825,"height":1000},{"@type":"BreadcrumbList","@id":"https:\/\/aassdn.org\/amicale\/liberation-de-paris-jean-teissier-alias-colonel-lize\/#breadcrumb","itemListElement":[{"@type":"ListItem","position":1,"name":"Accueil","item":"https:\/\/aassdn.org\/amicale\/"},{"@type":"ListItem","position":2,"name":"Jean Teissier alias colonel Liz\u00e9 : un h\u00e9ros oubli\u00e9 de la Lib\u00e9ration de Paris"}]},{"@type":"WebSite","@id":"https:\/\/aassdn.org\/amicale\/#website","url":"https:\/\/aassdn.org\/amicale\/","name":"AASSDN | Anciens et Amis des Services Sp\u00e9ciaux","description":"Services sp\u00e9ciaux : Des h\u00e9ros anonymes au service exclusif de la France","publisher":{"@id":"https:\/\/aassdn.org\/amicale\/#organization"},"potentialAction":[{"@type":"SearchAction","target":{"@type":"EntryPoint","urlTemplate":"https:\/\/aassdn.org\/amicale\/?s={search_term_string}"},"query-input":{"@type":"PropertyValueSpecification","valueRequired":true,"valueName":"search_term_string"}}],"inLanguage":"fr-FR"},{"@type":"Organization","@id":"https:\/\/aassdn.org\/amicale\/#organization","name":"AASSDN | Anciens et Amis des Services Sp\u00e9ciaux","url":"https:\/\/aassdn.org\/amicale\/","logo":{"@type":"ImageObject","inLanguage":"fr-FR","@id":"https:\/\/aassdn.org\/amicale\/#\/schema\/logo\/image\/","url":"https:\/\/aassdn.org\/amicale\/wp-content\/uploads\/Logo_AASSDN_transparent2.png","contentUrl":"https:\/\/aassdn.org\/amicale\/wp-content\/uploads\/Logo_AASSDN_transparent2.png","width":1832,"height":1609,"caption":"AASSDN | Anciens et Amis des Services Sp\u00e9ciaux"},"image":{"@id":"https:\/\/aassdn.org\/amicale\/#\/schema\/logo\/image\/"}},{"@type":"Person","@id":"https:\/\/aassdn.org\/amicale\/#\/schema\/person\/73800712a272e6d58a10a86ea9e59671","name":"AASSDN","image":{"@type":"ImageObject","inLanguage":"fr-FR","@id":"https:\/\/secure.gravatar.com\/avatar\/9653808d17788562e72d77e426d8d02775774239aefd00a9b4e852423d8e9d7e?s=96&d=mm&r=g","url":"https:\/\/secure.gravatar.com\/avatar\/9653808d17788562e72d77e426d8d02775774239aefd00a9b4e852423d8e9d7e?s=96&d=mm&r=g","contentUrl":"https:\/\/secure.gravatar.com\/avatar\/9653808d17788562e72d77e426d8d02775774239aefd00a9b4e852423d8e9d7e?s=96&d=mm&r=g","caption":"AASSDN"},"sameAs":["https:\/\/aassdn.org\/amicale"],"url":"https:\/\/aassdn.org\/amicale\/author\/wordpress\/"}]}},"_links":{"self":[{"href":"https:\/\/aassdn.org\/amicale\/wp-json\/wp\/v2\/posts\/15217","targetHints":{"allow":["GET"]}}],"collection":[{"href":"https:\/\/aassdn.org\/amicale\/wp-json\/wp\/v2\/posts"}],"about":[{"href":"https:\/\/aassdn.org\/amicale\/wp-json\/wp\/v2\/types\/post"}],"author":[{"embeddable":true,"href":"https:\/\/aassdn.org\/amicale\/wp-json\/wp\/v2\/users\/1"}],"replies":[{"embeddable":true,"href":"https:\/\/aassdn.org\/amicale\/wp-json\/wp\/v2\/comments?post=15217"}],"version-history":[{"count":0,"href":"https:\/\/aassdn.org\/amicale\/wp-json\/wp\/v2\/posts\/15217\/revisions"}],"wp:featuredmedia":[{"embeddable":true,"href":"https:\/\/aassdn.org\/amicale\/wp-json\/wp\/v2\/media\/15220"}],"wp:attachment":[{"href":"https:\/\/aassdn.org\/amicale\/wp-json\/wp\/v2\/media?parent=15217"}],"wp:term":[{"taxonomy":"category","embeddable":true,"href":"https:\/\/aassdn.org\/amicale\/wp-json\/wp\/v2\/categories?post=15217"},{"taxonomy":"post_tag","embeddable":true,"href":"https:\/\/aassdn.org\/amicale\/wp-json\/wp\/v2\/tags?post=15217"}],"curies":[{"name":"wp","href":"https:\/\/api.w.org\/{rel}","templated":true}]}}