{"id":14180,"date":"2024-07-10T14:23:02","date_gmt":"2024-07-10T12:23:02","guid":{"rendered":"https:\/\/aassdn.org\/amicale\/?p=14180"},"modified":"2024-07-10T14:26:10","modified_gmt":"2024-07-10T12:26:10","slug":"trois-avions-rafale-en-guyane-pour-le-lancement-dariane-6","status":"publish","type":"post","link":"https:\/\/aassdn.org\/amicale\/trois-avions-rafale-en-guyane-pour-le-lancement-dariane-6\/","title":{"rendered":"Trois avions Rafale en Guyane pour le lancement d&#8217;Ariane 6"},"content":{"rendered":"\n<p><strong>Trois avions <em>Rafale <\/em>seront d\u00e9ploy\u00e9s en Guyane du 1<sup>er<\/sup> au 17 juillet pour renforcer la protection du centre spatial, dans le cadre du lancement inaugural <em>d\u2019Ariane 6<\/em> pr\u00e9vu le 9 juillet prochain.<\/strong><\/p>\n\n\n\n<p class=\"has-background\" style=\"background-color:#eeeeee\"><strong>Commentaire AASSDN<\/strong> : Le lancement de la fus\u00e9e <em>Ariane 6<\/em> le 9 juillet 2024 devrait permettre \u00e0 la France et \u00e0 l\u2019Europe de retrouver leur autonomie d\u2019acc\u00e8s \u00e0 l\u2019espace perdu il y a un an avec l\u2019arr\u00eat de la production de la fus\u00e9e <em>Ariane 5<\/em>. Kourou, est un atout indispensable \u00e0 l\u2019autonomie strat\u00e9gique de la France et de l\u2019Europe. Sa p\u00e9rennit\u00e9 exige que ce site et plus g\u00e9n\u00e9ralement la Guyane, soit d\u00e9velopp\u00e9s et s\u00e9curis\u00e9s sur le plan int\u00e9rieur mais aussi prot\u00e9g\u00e9s notamment lors des lancements face aux \u00e9ventuelles agressions ext\u00e9rieures. Rappelons que les pas de tir de Kourou\u00a0permettent de lancer non seulement les fus\u00e9es <em>Ariane VI<\/em>, mais aussi les fus\u00e9es <em>Soyouz <\/em>(jusqu\u2019en f\u00e9vrier 2022)et <em>V\u00e9ga<\/em><\/p>\n\n\n\n<p><\/p>\n\n\n\n<p>Ces a\u00e9ronefs de l\u2019arm\u00e9e de l\u2019Air, issus de la 4<sup>e<\/sup> escadre de chasse de la Base a\u00e9rienne 113 de Saint-Dizier, seront stationn\u00e9s sur la Base a\u00e9rienne 367 <em>\u00ab capitaine Fran\u00e7ois Mass\u00e9 \u00bb.<\/em> Ils seront accompagn\u00e9s de deux h\u00e9licopt\u00e8res <em>Fennec <\/em>de BA367. Les <em>Rafale<\/em> effectueront plusieurs vols de jour au-dessus de la Guyane.<\/p>\n\n\n\n<div class=\"wp-block-buttons is-layout-flex wp-block-buttons-is-layout-flex\">\n<div class=\"wp-block-button\"><a class=\"wp-block-button__link wp-element-button\" href=\"https:\/\/cnes.fr\/projets\/ariane-6\" target=\"_blank\" rel=\"noreferrer noopener\"><strong>En savoir plus sur Ariane 6 et sur le CNES<\/strong><\/a><\/div>\n<\/div>\n<div class=\"pdfprnt-buttons pdfprnt-buttons-post pdfprnt-bottom-right\"><a href=\"https:\/\/aassdn.org\/amicale\/wp-json\/wp\/v2\/posts\/14180?print=pdf\" class=\"pdfprnt-button pdfprnt-button-pdf\" target=\"_blank\" ><img decoding=\"async\" data-src=\"https:\/\/aassdn.org\/amicale\/wp-content\/plugins\/pdf-print\/images\/pdf.png\" alt=\"image_pdf\" title=\"Afficher le PDF\" src=\"data:image\/svg+xml;base64,PHN2ZyB3aWR0aD0iMSIgaGVpZ2h0PSIxIiB4bWxucz0iaHR0cDovL3d3dy53My5vcmcvMjAwMC9zdmciPjwvc3ZnPg==\" class=\"lazyload\" style=\"--smush-placeholder-width: 32px; --smush-placeholder-aspect-ratio: 32\/32;\" \/><\/a><a href=\"https:\/\/aassdn.org\/amicale\/wp-json\/wp\/v2\/posts\/14180?print=print\" class=\"pdfprnt-button pdfprnt-button-print\" target=\"_blank\" ><\/a><\/div>","protected":false},"excerpt":{"rendered":"<p>Trois avions Rafale seront d\u00e9ploy\u00e9s en Guyane du 1er au 17 juillet pour renforcer la protection du centre spatial, dans le cadre du lancement inaugural d\u2019Ariane 6 pr\u00e9vu le 9 juillet prochain. Commentaire AASSDN : Le lancement de la fus\u00e9e Ariane 6 le 9 juillet 2024 devrait permettre \u00e0 la France et \u00e0 l\u2019Europe de [&hellip;]<\/p>\n","protected":false},"author":1,"featured_media":14191,"comment_status":"open","ping_status":"closed","sticky":false,"template":"","format":"standard","meta":{"_acf_changed":true,"footnotes":""},"categories":[288,278,936,882],"tags":[2251,2713,2823,2908,1802,2898,828,919,2338,367,2266,2902,1613,2910,2622,275,938,2905,2900,2903,2411,2911,2899,2901,2904,2269,2615,2906,1433,296,1380],"class_list":["post-14180","post","type-post","status-publish","format-standard","has-post-thumbnail","hentry","category-2020-2030","category-actualites","category-souverainete","category-technologies","tag-2251","tag-2713","tag-2823","tag-aeronefs","tag-air","tag-ariane-6","tag-armee","tag-autonomie","tag-autonomie-strategique","tag-avion","tag-avions-rafale","tag-base-aerienne","tag-capitaine","tag-centre-spatial","tag-espace","tag-europe","tag-france","tag-fusee","tag-fusee-ariane","tag-fusee-ariane-6","tag-guyane","tag-helicopteres","tag-kourou","tag-lancement","tag-pas-de-tir","tag-protection","tag-rafale","tag-spatial","tag-ss","tag-strategique","tag-tr"],"acf":[],"yoast_head":"<!-- This site is optimized with the Yoast SEO plugin v27.4 - https:\/\/yoast.com\/product\/yoast-seo-wordpress\/ -->\n<title>Trois avions Rafale en Guyane pour le lancement d&#039;Ariane 6 | AASSDN | Anciens et Amis des Services Sp\u00e9ciaux<\/title>\n<meta name=\"robots\" content=\"index, follow, max-snippet:-1, max-image-preview:large, max-video-preview:-1\" \/>\n<link rel=\"canonical\" href=\"https:\/\/aassdn.org\/amicale\/trois-avions-rafale-en-guyane-pour-le-lancement-dariane-6\/\" \/>\n<meta property=\"og:locale\" content=\"fr_FR\" \/>\n<meta property=\"og:type\" content=\"article\" \/>\n<meta property=\"og:title\" content=\"Trois avions Rafale en Guyane pour le lancement d&#039;Ariane 6 | AASSDN | Anciens et Amis des Services Sp\u00e9ciaux\" \/>\n<meta property=\"og:description\" content=\"Trois avions Rafale seront d\u00e9ploy\u00e9s en Guyane du 1er au 17 juillet pour renforcer la protection du centre spatial, dans le cadre du lancement inaugural d\u2019Ariane 6 pr\u00e9vu le 9 juillet prochain. Commentaire AASSDN : Le lancement de la fus\u00e9e Ariane 6 le 9 juillet 2024 devrait permettre \u00e0 la France et \u00e0 l\u2019Europe de [&hellip;]\" \/>\n<meta property=\"og:url\" content=\"https:\/\/aassdn.org\/amicale\/trois-avions-rafale-en-guyane-pour-le-lancement-dariane-6\/\" \/>\n<meta property=\"og:site_name\" content=\"AASSDN | Anciens et Amis des Services Sp\u00e9ciaux\" \/>\n<meta property=\"article:published_time\" content=\"2024-07-10T12:23:02+00:00\" \/>\n<meta property=\"article:modified_time\" content=\"2024-07-10T12:26:10+00:00\" \/>\n<meta property=\"og:image\" content=\"https:\/\/aassdn.org\/amicale\/wp-content\/uploads\/rafale_1.jpg\" \/>\n\t<meta property=\"og:image:width\" content=\"1920\" \/>\n\t<meta property=\"og:image:height\" content=\"1280\" \/>\n\t<meta property=\"og:image:type\" content=\"image\/jpeg\" \/>\n<meta name=\"author\" content=\"AASSDN\" \/>\n<meta name=\"twitter:card\" content=\"summary_large_image\" \/>\n<meta name=\"twitter:label1\" content=\"\u00c9crit par\" \/>\n\t<meta name=\"twitter:data1\" content=\"AASSDN\" \/>\n\t<meta name=\"twitter:label2\" content=\"Dur\u00e9e de lecture estim\u00e9e\" \/>\n\t<meta name=\"twitter:data2\" content=\"1 minute\" \/>\n<script type=\"application\/ld+json\" class=\"yoast-schema-graph\">{\"@context\":\"https:\\\/\\\/schema.org\",\"@graph\":[{\"@type\":\"Article\",\"@id\":\"https:\\\/\\\/aassdn.org\\\/amicale\\\/trois-avions-rafale-en-guyane-pour-le-lancement-dariane-6\\\/#article\",\"isPartOf\":{\"@id\":\"https:\\\/\\\/aassdn.org\\\/amicale\\\/trois-avions-rafale-en-guyane-pour-le-lancement-dariane-6\\\/\"},\"author\":{\"name\":\"AASSDN\",\"@id\":\"https:\\\/\\\/aassdn.org\\\/amicale\\\/#\\\/schema\\\/person\\\/73800712a272e6d58a10a86ea9e59671\"},\"headline\":\"Trois avions Rafale en Guyane pour le lancement d&#8217;Ariane 6\",\"datePublished\":\"2024-07-10T12:23:02+00:00\",\"dateModified\":\"2024-07-10T12:26:10+00:00\",\"mainEntityOfPage\":{\"@id\":\"https:\\\/\\\/aassdn.org\\\/amicale\\\/trois-avions-rafale-en-guyane-pour-le-lancement-dariane-6\\\/\"},\"wordCount\":245,\"commentCount\":0,\"publisher\":{\"@id\":\"https:\\\/\\\/aassdn.org\\\/amicale\\\/#organization\"},\"image\":{\"@id\":\"https:\\\/\\\/aassdn.org\\\/amicale\\\/trois-avions-rafale-en-guyane-pour-le-lancement-dariane-6\\\/#primaryimage\"},\"thumbnailUrl\":\"https:\\\/\\\/aassdn.org\\\/amicale\\\/wp-content\\\/uploads\\\/rafale_1.jpg\",\"keywords\":[\"1863\",\"1945\",\"1963\",\"A\u00e9ronefs\",\"Air\",\"Ariane 6\",\"Arm\u00e9e\",\"autonomie\",\"autonomie strat\u00e9gique\",\"avion\",\"avions Rafale\",\"base a\u00e9rienne\",\"Capitaine\",\"centre spatial\",\"Espace\",\"Europe\",\"France\",\"fus\u00e9e\",\"fus\u00e9e Ariane\",\"fus\u00e9e Ariane 6\",\"Guyane\",\"h\u00e9licopt\u00e8res\",\"Kourou\",\"lancement\",\"pas de tir\",\"protection\",\"Rafale\",\"spatial\",\"SS\",\"strat\u00e9gique\",\"TR\"],\"articleSection\":[\"2020-2030\",\"Actualit\u00e9s\",\"Souverainet\u00e9\",\"Technologies\"],\"inLanguage\":\"fr-FR\",\"potentialAction\":[{\"@type\":\"CommentAction\",\"name\":\"Comment\",\"target\":[\"https:\\\/\\\/aassdn.org\\\/amicale\\\/trois-avions-rafale-en-guyane-pour-le-lancement-dariane-6\\\/#respond\"]}]},{\"@type\":\"WebPage\",\"@id\":\"https:\\\/\\\/aassdn.org\\\/amicale\\\/trois-avions-rafale-en-guyane-pour-le-lancement-dariane-6\\\/\",\"url\":\"https:\\\/\\\/aassdn.org\\\/amicale\\\/trois-avions-rafale-en-guyane-pour-le-lancement-dariane-6\\\/\",\"name\":\"Trois avions Rafale en Guyane pour le lancement d'Ariane 6 | AASSDN | Anciens et Amis des Services Sp\u00e9ciaux\",\"isPartOf\":{\"@id\":\"https:\\\/\\\/aassdn.org\\\/amicale\\\/#website\"},\"primaryImageOfPage\":{\"@id\":\"https:\\\/\\\/aassdn.org\\\/amicale\\\/trois-avions-rafale-en-guyane-pour-le-lancement-dariane-6\\\/#primaryimage\"},\"image\":{\"@id\":\"https:\\\/\\\/aassdn.org\\\/amicale\\\/trois-avions-rafale-en-guyane-pour-le-lancement-dariane-6\\\/#primaryimage\"},\"thumbnailUrl\":\"https:\\\/\\\/aassdn.org\\\/amicale\\\/wp-content\\\/uploads\\\/rafale_1.jpg\",\"datePublished\":\"2024-07-10T12:23:02+00:00\",\"dateModified\":\"2024-07-10T12:26:10+00:00\",\"breadcrumb\":{\"@id\":\"https:\\\/\\\/aassdn.org\\\/amicale\\\/trois-avions-rafale-en-guyane-pour-le-lancement-dariane-6\\\/#breadcrumb\"},\"inLanguage\":\"fr-FR\",\"potentialAction\":[{\"@type\":\"ReadAction\",\"target\":[\"https:\\\/\\\/aassdn.org\\\/amicale\\\/trois-avions-rafale-en-guyane-pour-le-lancement-dariane-6\\\/\"]}]},{\"@type\":\"ImageObject\",\"inLanguage\":\"fr-FR\",\"@id\":\"https:\\\/\\\/aassdn.org\\\/amicale\\\/trois-avions-rafale-en-guyane-pour-le-lancement-dariane-6\\\/#primaryimage\",\"url\":\"https:\\\/\\\/aassdn.org\\\/amicale\\\/wp-content\\\/uploads\\\/rafale_1.jpg\",\"contentUrl\":\"https:\\\/\\\/aassdn.org\\\/amicale\\\/wp-content\\\/uploads\\\/rafale_1.jpg\",\"width\":1920,\"height\":1280},{\"@type\":\"BreadcrumbList\",\"@id\":\"https:\\\/\\\/aassdn.org\\\/amicale\\\/trois-avions-rafale-en-guyane-pour-le-lancement-dariane-6\\\/#breadcrumb\",\"itemListElement\":[{\"@type\":\"ListItem\",\"position\":1,\"name\":\"Accueil\",\"item\":\"https:\\\/\\\/aassdn.org\\\/amicale\\\/\"},{\"@type\":\"ListItem\",\"position\":2,\"name\":\"Trois avions Rafale en Guyane pour le lancement d&#8217;Ariane 6\"}]},{\"@type\":\"WebSite\",\"@id\":\"https:\\\/\\\/aassdn.org\\\/amicale\\\/#website\",\"url\":\"https:\\\/\\\/aassdn.org\\\/amicale\\\/\",\"name\":\"AASSDN | Anciens et Amis des Services Sp\u00e9ciaux\",\"description\":\"Services sp\u00e9ciaux : Des h\u00e9ros anonymes au service exclusif de la France\",\"publisher\":{\"@id\":\"https:\\\/\\\/aassdn.org\\\/amicale\\\/#organization\"},\"potentialAction\":[{\"@type\":\"SearchAction\",\"target\":{\"@type\":\"EntryPoint\",\"urlTemplate\":\"https:\\\/\\\/aassdn.org\\\/amicale\\\/?s={search_term_string}\"},\"query-input\":{\"@type\":\"PropertyValueSpecification\",\"valueRequired\":true,\"valueName\":\"search_term_string\"}}],\"inLanguage\":\"fr-FR\"},{\"@type\":\"Organization\",\"@id\":\"https:\\\/\\\/aassdn.org\\\/amicale\\\/#organization\",\"name\":\"AASSDN | Anciens et Amis des Services Sp\u00e9ciaux\",\"url\":\"https:\\\/\\\/aassdn.org\\\/amicale\\\/\",\"logo\":{\"@type\":\"ImageObject\",\"inLanguage\":\"fr-FR\",\"@id\":\"https:\\\/\\\/aassdn.org\\\/amicale\\\/#\\\/schema\\\/logo\\\/image\\\/\",\"url\":\"https:\\\/\\\/aassdn.org\\\/amicale\\\/wp-content\\\/uploads\\\/Logo_AASSDN_transparent2.png\",\"contentUrl\":\"https:\\\/\\\/aassdn.org\\\/amicale\\\/wp-content\\\/uploads\\\/Logo_AASSDN_transparent2.png\",\"width\":1832,\"height\":1609,\"caption\":\"AASSDN | Anciens et Amis des Services Sp\u00e9ciaux\"},\"image\":{\"@id\":\"https:\\\/\\\/aassdn.org\\\/amicale\\\/#\\\/schema\\\/logo\\\/image\\\/\"}},{\"@type\":\"Person\",\"@id\":\"https:\\\/\\\/aassdn.org\\\/amicale\\\/#\\\/schema\\\/person\\\/73800712a272e6d58a10a86ea9e59671\",\"name\":\"AASSDN\",\"image\":{\"@type\":\"ImageObject\",\"inLanguage\":\"fr-FR\",\"@id\":\"https:\\\/\\\/secure.gravatar.com\\\/avatar\\\/9653808d17788562e72d77e426d8d02775774239aefd00a9b4e852423d8e9d7e?s=96&d=mm&r=g\",\"url\":\"https:\\\/\\\/secure.gravatar.com\\\/avatar\\\/9653808d17788562e72d77e426d8d02775774239aefd00a9b4e852423d8e9d7e?s=96&d=mm&r=g\",\"contentUrl\":\"https:\\\/\\\/secure.gravatar.com\\\/avatar\\\/9653808d17788562e72d77e426d8d02775774239aefd00a9b4e852423d8e9d7e?s=96&d=mm&r=g\",\"caption\":\"AASSDN\"},\"sameAs\":[\"https:\\\/\\\/aassdn.org\\\/amicale\"],\"url\":\"https:\\\/\\\/aassdn.org\\\/amicale\\\/author\\\/wordpress\\\/\"}]}<\/script>\n<!-- \/ Yoast SEO plugin. -->","yoast_head_json":{"title":"Trois avions Rafale en Guyane pour le lancement d'Ariane 6 | AASSDN | Anciens et Amis des Services Sp\u00e9ciaux","robots":{"index":"index","follow":"follow","max-snippet":"max-snippet:-1","max-image-preview":"max-image-preview:large","max-video-preview":"max-video-preview:-1"},"canonical":"https:\/\/aassdn.org\/amicale\/trois-avions-rafale-en-guyane-pour-le-lancement-dariane-6\/","og_locale":"fr_FR","og_type":"article","og_title":"Trois avions Rafale en Guyane pour le lancement d'Ariane 6 | AASSDN | Anciens et Amis des Services Sp\u00e9ciaux","og_description":"Trois avions Rafale seront d\u00e9ploy\u00e9s en Guyane du 1er au 17 juillet pour renforcer la protection du centre spatial, dans le cadre du lancement inaugural d\u2019Ariane 6 pr\u00e9vu le 9 juillet prochain. Commentaire AASSDN : Le lancement de la fus\u00e9e Ariane 6 le 9 juillet 2024 devrait permettre \u00e0 la France et \u00e0 l\u2019Europe de [&hellip;]","og_url":"https:\/\/aassdn.org\/amicale\/trois-avions-rafale-en-guyane-pour-le-lancement-dariane-6\/","og_site_name":"AASSDN | Anciens et Amis des Services Sp\u00e9ciaux","article_published_time":"2024-07-10T12:23:02+00:00","article_modified_time":"2024-07-10T12:26:10+00:00","og_image":[{"width":1920,"height":1280,"url":"https:\/\/aassdn.org\/amicale\/wp-content\/uploads\/rafale_1.jpg","type":"image\/jpeg"}],"author":"AASSDN","twitter_card":"summary_large_image","twitter_misc":{"\u00c9crit par":"AASSDN","Dur\u00e9e de lecture estim\u00e9e":"1 minute"},"schema":{"@context":"https:\/\/schema.org","@graph":[{"@type":"Article","@id":"https:\/\/aassdn.org\/amicale\/trois-avions-rafale-en-guyane-pour-le-lancement-dariane-6\/#article","isPartOf":{"@id":"https:\/\/aassdn.org\/amicale\/trois-avions-rafale-en-guyane-pour-le-lancement-dariane-6\/"},"author":{"name":"AASSDN","@id":"https:\/\/aassdn.org\/amicale\/#\/schema\/person\/73800712a272e6d58a10a86ea9e59671"},"headline":"Trois avions Rafale en Guyane pour le lancement d&#8217;Ariane 6","datePublished":"2024-07-10T12:23:02+00:00","dateModified":"2024-07-10T12:26:10+00:00","mainEntityOfPage":{"@id":"https:\/\/aassdn.org\/amicale\/trois-avions-rafale-en-guyane-pour-le-lancement-dariane-6\/"},"wordCount":245,"commentCount":0,"publisher":{"@id":"https:\/\/aassdn.org\/amicale\/#organization"},"image":{"@id":"https:\/\/aassdn.org\/amicale\/trois-avions-rafale-en-guyane-pour-le-lancement-dariane-6\/#primaryimage"},"thumbnailUrl":"https:\/\/aassdn.org\/amicale\/wp-content\/uploads\/rafale_1.jpg","keywords":["1863","1945","1963","A\u00e9ronefs","Air","Ariane 6","Arm\u00e9e","autonomie","autonomie strat\u00e9gique","avion","avions Rafale","base a\u00e9rienne","Capitaine","centre spatial","Espace","Europe","France","fus\u00e9e","fus\u00e9e Ariane","fus\u00e9e Ariane 6","Guyane","h\u00e9licopt\u00e8res","Kourou","lancement","pas de tir","protection","Rafale","spatial","SS","strat\u00e9gique","TR"],"articleSection":["2020-2030","Actualit\u00e9s","Souverainet\u00e9","Technologies"],"inLanguage":"fr-FR","potentialAction":[{"@type":"CommentAction","name":"Comment","target":["https:\/\/aassdn.org\/amicale\/trois-avions-rafale-en-guyane-pour-le-lancement-dariane-6\/#respond"]}]},{"@type":"WebPage","@id":"https:\/\/aassdn.org\/amicale\/trois-avions-rafale-en-guyane-pour-le-lancement-dariane-6\/","url":"https:\/\/aassdn.org\/amicale\/trois-avions-rafale-en-guyane-pour-le-lancement-dariane-6\/","name":"Trois avions Rafale en Guyane pour le lancement d'Ariane 6 | AASSDN | Anciens et Amis des Services Sp\u00e9ciaux","isPartOf":{"@id":"https:\/\/aassdn.org\/amicale\/#website"},"primaryImageOfPage":{"@id":"https:\/\/aassdn.org\/amicale\/trois-avions-rafale-en-guyane-pour-le-lancement-dariane-6\/#primaryimage"},"image":{"@id":"https:\/\/aassdn.org\/amicale\/trois-avions-rafale-en-guyane-pour-le-lancement-dariane-6\/#primaryimage"},"thumbnailUrl":"https:\/\/aassdn.org\/amicale\/wp-content\/uploads\/rafale_1.jpg","datePublished":"2024-07-10T12:23:02+00:00","dateModified":"2024-07-10T12:26:10+00:00","breadcrumb":{"@id":"https:\/\/aassdn.org\/amicale\/trois-avions-rafale-en-guyane-pour-le-lancement-dariane-6\/#breadcrumb"},"inLanguage":"fr-FR","potentialAction":[{"@type":"ReadAction","target":["https:\/\/aassdn.org\/amicale\/trois-avions-rafale-en-guyane-pour-le-lancement-dariane-6\/"]}]},{"@type":"ImageObject","inLanguage":"fr-FR","@id":"https:\/\/aassdn.org\/amicale\/trois-avions-rafale-en-guyane-pour-le-lancement-dariane-6\/#primaryimage","url":"https:\/\/aassdn.org\/amicale\/wp-content\/uploads\/rafale_1.jpg","contentUrl":"https:\/\/aassdn.org\/amicale\/wp-content\/uploads\/rafale_1.jpg","width":1920,"height":1280},{"@type":"BreadcrumbList","@id":"https:\/\/aassdn.org\/amicale\/trois-avions-rafale-en-guyane-pour-le-lancement-dariane-6\/#breadcrumb","itemListElement":[{"@type":"ListItem","position":1,"name":"Accueil","item":"https:\/\/aassdn.org\/amicale\/"},{"@type":"ListItem","position":2,"name":"Trois avions Rafale en Guyane pour le lancement d&#8217;Ariane 6"}]},{"@type":"WebSite","@id":"https:\/\/aassdn.org\/amicale\/#website","url":"https:\/\/aassdn.org\/amicale\/","name":"AASSDN | Anciens et Amis des Services Sp\u00e9ciaux","description":"Services sp\u00e9ciaux : Des h\u00e9ros anonymes au service exclusif de la France","publisher":{"@id":"https:\/\/aassdn.org\/amicale\/#organization"},"potentialAction":[{"@type":"SearchAction","target":{"@type":"EntryPoint","urlTemplate":"https:\/\/aassdn.org\/amicale\/?s={search_term_string}"},"query-input":{"@type":"PropertyValueSpecification","valueRequired":true,"valueName":"search_term_string"}}],"inLanguage":"fr-FR"},{"@type":"Organization","@id":"https:\/\/aassdn.org\/amicale\/#organization","name":"AASSDN | Anciens et Amis des Services Sp\u00e9ciaux","url":"https:\/\/aassdn.org\/amicale\/","logo":{"@type":"ImageObject","inLanguage":"fr-FR","@id":"https:\/\/aassdn.org\/amicale\/#\/schema\/logo\/image\/","url":"https:\/\/aassdn.org\/amicale\/wp-content\/uploads\/Logo_AASSDN_transparent2.png","contentUrl":"https:\/\/aassdn.org\/amicale\/wp-content\/uploads\/Logo_AASSDN_transparent2.png","width":1832,"height":1609,"caption":"AASSDN | Anciens et Amis des Services Sp\u00e9ciaux"},"image":{"@id":"https:\/\/aassdn.org\/amicale\/#\/schema\/logo\/image\/"}},{"@type":"Person","@id":"https:\/\/aassdn.org\/amicale\/#\/schema\/person\/73800712a272e6d58a10a86ea9e59671","name":"AASSDN","image":{"@type":"ImageObject","inLanguage":"fr-FR","@id":"https:\/\/secure.gravatar.com\/avatar\/9653808d17788562e72d77e426d8d02775774239aefd00a9b4e852423d8e9d7e?s=96&d=mm&r=g","url":"https:\/\/secure.gravatar.com\/avatar\/9653808d17788562e72d77e426d8d02775774239aefd00a9b4e852423d8e9d7e?s=96&d=mm&r=g","contentUrl":"https:\/\/secure.gravatar.com\/avatar\/9653808d17788562e72d77e426d8d02775774239aefd00a9b4e852423d8e9d7e?s=96&d=mm&r=g","caption":"AASSDN"},"sameAs":["https:\/\/aassdn.org\/amicale"],"url":"https:\/\/aassdn.org\/amicale\/author\/wordpress\/"}]}},"_links":{"self":[{"href":"https:\/\/aassdn.org\/amicale\/wp-json\/wp\/v2\/posts\/14180","targetHints":{"allow":["GET"]}}],"collection":[{"href":"https:\/\/aassdn.org\/amicale\/wp-json\/wp\/v2\/posts"}],"about":[{"href":"https:\/\/aassdn.org\/amicale\/wp-json\/wp\/v2\/types\/post"}],"author":[{"embeddable":true,"href":"https:\/\/aassdn.org\/amicale\/wp-json\/wp\/v2\/users\/1"}],"replies":[{"embeddable":true,"href":"https:\/\/aassdn.org\/amicale\/wp-json\/wp\/v2\/comments?post=14180"}],"version-history":[{"count":0,"href":"https:\/\/aassdn.org\/amicale\/wp-json\/wp\/v2\/posts\/14180\/revisions"}],"wp:featuredmedia":[{"embeddable":true,"href":"https:\/\/aassdn.org\/amicale\/wp-json\/wp\/v2\/media\/14191"}],"wp:attachment":[{"href":"https:\/\/aassdn.org\/amicale\/wp-json\/wp\/v2\/media?parent=14180"}],"wp:term":[{"taxonomy":"category","embeddable":true,"href":"https:\/\/aassdn.org\/amicale\/wp-json\/wp\/v2\/categories?post=14180"},{"taxonomy":"post_tag","embeddable":true,"href":"https:\/\/aassdn.org\/amicale\/wp-json\/wp\/v2\/tags?post=14180"}],"curies":[{"name":"wp","href":"https:\/\/api.w.org\/{rel}","templated":true}]}}