{"id":13011,"date":"2024-05-31T15:23:34","date_gmt":"2024-05-31T13:23:34","guid":{"rendered":"https:\/\/aassdn.org\/amicale\/?p=13011"},"modified":"2024-10-07T16:09:12","modified_gmt":"2024-10-07T14:09:12","slug":"exposition-les-plans-secrets-du-debarquement","status":"publish","type":"post","link":"https:\/\/aassdn.org\/amicale\/exposition-les-plans-secrets-du-debarquement\/","title":{"rendered":"Exposition &#8220;Les plans secrets du D\u00e9barquement&#8221;\u00a0de 1944"},"content":{"rendered":"\n<p><strong>Le d\u00e9l\u00e9gu\u00e9 Ile-de-France a repr\u00e9sent\u00e9 l\u2019AASSDN\u00a0 le 22 mai 2024 \u00e0 l\u2019H\u00f4tel de Lassay, \u00e0 l\u2019invitation de Madame Ya\u00ebl Braun-Pivet, Pr\u00e9sidente de l\u2019Assembl\u00e9e nationale \u00e0 l\u2019inauguration de l\u2019exposition <em>\u00ab\u00a0Les plans secrets du D\u00e9barquement\u00a0\u00bb<\/em>, \u00e0 partir des\u00a0archives du colonel Passy.\u00a0\u00a0<\/strong><br><br>Parmi les personnalit\u00e9s pr\u00e9sentes, madame la Secr\u00e9taire d\u2019Etat Patricia Mirall\u00e8s, charg\u00e9e des Anciens combattants et de la m\u00e9moire, le g\u00e9n\u00e9ral Thierry Burkhard, chef d\u2019\u00e9tat-major des Arm\u00e9es, monsieur Nicolas Lerner directeur g\u00e9n\u00e9ral de la S\u00e9curit\u00e9 ext\u00e9rieure\u00a0; Monsieur l\u2019ambassadeur Emi\u00e9 \u00e9tait \u00e9galement pr\u00e9sent.<br><br>Dans son discours d\u2019ouverture, madame Braun-Pivet a tenu \u00e0 rendre particuli\u00e8rement hommage aux combattants de l\u2019ombre qui avaient suivi l\u2019appel de g\u00e9n\u00e9ral de Gaulle, Andr\u00e9 Dewavrin qui prit pour nom de guerre celui de \u00ab\u00a0colonel Passy\u00a0\u00bb, Maurice Duclos \u00e9tant \u00ab\u00a0Saint-Jacques\u00a0\u00bb, Alexandre Beresnikoff \u00e9tait \u00ab\u00a0Corvisart\u00a0\u00bb. Elle \u00e9galement salu\u00e9 leurs descendants pr\u00e9sents \u00e0 l\u2019exposition.<br><br>La DGSE avait accept\u00e9 de confier, le temps de cette exposition, l\u2019un de ses tr\u00e9sors patrimoniaux : une machine <em>Enigma<\/em>, unique en son genre, fabriqu\u00e9e par les Fran\u00e7ais \u00e0 partir des plans d\u00e9rob\u00e9s aux Allemands. Toujours parmi les objets expos\u00e9s, la chevali\u00e8re en or du colonel Passy, qui porte les initiales AD : celles de son vrai nom, Andr\u00e9 Dewarin, qui \u00e9taient \u00e9galement celles de son identit\u00e9 fictive, Antoine Dubocq, antiquaire \u00e0 Neuilly.<br><br>Madame Ya\u00ebl Braun-Pivet a tenu a rappeler qu\u2019elle \u00e9tait petite-fille d\u2019un r\u00e9fugi\u00e9 originaire de Pologne qui s\u2019engagea dans la L\u00e9gion \u00e9trang\u00e8re en 1939 pour d\u00e9fendre la France, puis qui rejoignit la R\u00e9sistance.\u00a0<\/p>\n\n\n\n<figure class=\"wp-block-image size-large\"><img decoding=\"async\" width=\"1024\" height=\"683\" data-src=\"https:\/\/aassdn.org\/amicale\/wp-content\/uploads\/24-05-28_OR82170-presidente-AN-allocution-1024x683.jpg\" alt=\"\" class=\"wp-image-13014 lazyload\" style=\"--smush-placeholder-width: 1024px; --smush-placeholder-aspect-ratio: 1024\/683;aspect-ratio:16\/9;object-fit:cover\" data-srcset=\"https:\/\/aassdn.org\/amicale\/wp-content\/uploads\/24-05-28_OR82170-presidente-AN-allocution-1024x683.jpg 1024w, https:\/\/aassdn.org\/amicale\/wp-content\/uploads\/24-05-28_OR82170-presidente-AN-allocution-300x200.jpg 300w, https:\/\/aassdn.org\/amicale\/wp-content\/uploads\/24-05-28_OR82170-presidente-AN-allocution-768x512.jpg 768w, https:\/\/aassdn.org\/amicale\/wp-content\/uploads\/24-05-28_OR82170-presidente-AN-allocution-1536x1024.jpg 1536w, https:\/\/aassdn.org\/amicale\/wp-content\/uploads\/24-05-28_OR82170-presidente-AN-allocution-2048x1365.jpg 2048w\" data-sizes=\"(max-width: 1024px) 100vw, 1024px\" src=\"data:image\/svg+xml;base64,PHN2ZyB3aWR0aD0iMSIgaGVpZ2h0PSIxIiB4bWxucz0iaHR0cDovL3d3dy53My5vcmcvMjAwMC9zdmciPjwvc3ZnPg==\" \/><figcaption class=\"wp-element-caption\">Discours de Madame Ya\u00ebl Braun-Pivet<\/figcaption><\/figure>\n\n\n\n<figure class=\"wp-block-image size-large\"><img decoding=\"async\" width=\"1024\" height=\"682\" data-src=\"https:\/\/aassdn.org\/amicale\/wp-content\/uploads\/24-05-28-Documents-didentite-des-chefs-du-BCRA_OR82493-1024x682.jpg\" alt=\"\" class=\"wp-image-13013 lazyload\" data-srcset=\"https:\/\/aassdn.org\/amicale\/wp-content\/uploads\/24-05-28-Documents-didentite-des-chefs-du-BCRA_OR82493-1024x682.jpg 1024w, https:\/\/aassdn.org\/amicale\/wp-content\/uploads\/24-05-28-Documents-didentite-des-chefs-du-BCRA_OR82493-300x200.jpg 300w, https:\/\/aassdn.org\/amicale\/wp-content\/uploads\/24-05-28-Documents-didentite-des-chefs-du-BCRA_OR82493-768x512.jpg 768w, https:\/\/aassdn.org\/amicale\/wp-content\/uploads\/24-05-28-Documents-didentite-des-chefs-du-BCRA_OR82493-1536x1023.jpg 1536w, https:\/\/aassdn.org\/amicale\/wp-content\/uploads\/24-05-28-Documents-didentite-des-chefs-du-BCRA_OR82493-2048x1364.jpg 2048w\" data-sizes=\"(max-width: 1024px) 100vw, 1024px\" src=\"data:image\/svg+xml;base64,PHN2ZyB3aWR0aD0iMSIgaGVpZ2h0PSIxIiB4bWxucz0iaHR0cDovL3d3dy53My5vcmcvMjAwMC9zdmciPjwvc3ZnPg==\" style=\"--smush-placeholder-width: 1024px; --smush-placeholder-aspect-ratio: 1024\/682;\" \/><figcaption class=\"wp-element-caption\">Passeport et identit\u00e9s du Commandant Passy<\/figcaption><\/figure>\n\n\n\n<figure class=\"wp-block-image size-large\"><img decoding=\"async\" width=\"1024\" height=\"683\" data-src=\"https:\/\/aassdn.org\/amicale\/wp-content\/uploads\/24-05-28-Photo-de-Passy-_OR82012-1024x683.jpg\" alt=\"\" class=\"wp-image-13012 lazyload\" data-srcset=\"https:\/\/aassdn.org\/amicale\/wp-content\/uploads\/24-05-28-Photo-de-Passy-_OR82012-1024x683.jpg 1024w, https:\/\/aassdn.org\/amicale\/wp-content\/uploads\/24-05-28-Photo-de-Passy-_OR82012-300x200.jpg 300w, https:\/\/aassdn.org\/amicale\/wp-content\/uploads\/24-05-28-Photo-de-Passy-_OR82012-768x512.jpg 768w, https:\/\/aassdn.org\/amicale\/wp-content\/uploads\/24-05-28-Photo-de-Passy-_OR82012-1536x1024.jpg 1536w, https:\/\/aassdn.org\/amicale\/wp-content\/uploads\/24-05-28-Photo-de-Passy-_OR82012-2048x1365.jpg 2048w\" data-sizes=\"(max-width: 1024px) 100vw, 1024px\" src=\"data:image\/svg+xml;base64,PHN2ZyB3aWR0aD0iMSIgaGVpZ2h0PSIxIiB4bWxucz0iaHR0cDovL3d3dy53My5vcmcvMjAwMC9zdmciPjwvc3ZnPg==\" style=\"--smush-placeholder-width: 1024px; --smush-placeholder-aspect-ratio: 1024\/683;\" \/><figcaption class=\"wp-element-caption\">Note du G\u00e9n\u00e9ral de Gaulle au Commandant Passy<\/figcaption><\/figure>\n\n\n\n<figure class=\"wp-block-image size-large\"><img decoding=\"async\" width=\"683\" height=\"1024\" data-src=\"https:\/\/aassdn.org\/amicale\/wp-content\/uploads\/Machine-Enigma-683x1024.jpg\" alt=\"\" class=\"wp-image-13023 lazyload\" data-srcset=\"https:\/\/aassdn.org\/amicale\/wp-content\/uploads\/Machine-Enigma-683x1024.jpg 683w, https:\/\/aassdn.org\/amicale\/wp-content\/uploads\/Machine-Enigma-200x300.jpg 200w, https:\/\/aassdn.org\/amicale\/wp-content\/uploads\/Machine-Enigma-768x1152.jpg 768w, https:\/\/aassdn.org\/amicale\/wp-content\/uploads\/Machine-Enigma-1024x1536.jpg 1024w, https:\/\/aassdn.org\/amicale\/wp-content\/uploads\/Machine-Enigma-1365x2048.jpg 1365w, https:\/\/aassdn.org\/amicale\/wp-content\/uploads\/Machine-Enigma.jpg 1417w\" data-sizes=\"(max-width: 683px) 100vw, 683px\" src=\"data:image\/svg+xml;base64,PHN2ZyB3aWR0aD0iMSIgaGVpZ2h0PSIxIiB4bWxucz0iaHR0cDovL3d3dy53My5vcmcvMjAwMC9zdmciPjwvc3ZnPg==\" style=\"--smush-placeholder-width: 683px; --smush-placeholder-aspect-ratio: 683\/1024;\" \/><figcaption class=\"wp-element-caption\">Exemplaire de la Machine Enigma<\/figcaption><\/figure>\n\n\n\n<figure class=\"wp-block-image size-large\"><img decoding=\"async\" width=\"683\" height=\"1024\" data-src=\"https:\/\/aassdn.org\/amicale\/wp-content\/uploads\/pain-de-tnt-683x1024.jpg\" alt=\"\" class=\"wp-image-13025 lazyload\" data-srcset=\"https:\/\/aassdn.org\/amicale\/wp-content\/uploads\/pain-de-tnt-683x1024.jpg 683w, https:\/\/aassdn.org\/amicale\/wp-content\/uploads\/pain-de-tnt-200x300.jpg 200w, https:\/\/aassdn.org\/amicale\/wp-content\/uploads\/pain-de-tnt-768x1152.jpg 768w, https:\/\/aassdn.org\/amicale\/wp-content\/uploads\/pain-de-tnt-1024x1536.jpg 1024w, https:\/\/aassdn.org\/amicale\/wp-content\/uploads\/pain-de-tnt-1365x2048.jpg 1365w, https:\/\/aassdn.org\/amicale\/wp-content\/uploads\/pain-de-tnt.jpg 1417w\" data-sizes=\"(max-width: 683px) 100vw, 683px\" src=\"data:image\/svg+xml;base64,PHN2ZyB3aWR0aD0iMSIgaGVpZ2h0PSIxIiB4bWxucz0iaHR0cDovL3d3dy53My5vcmcvMjAwMC9zdmciPjwvc3ZnPg==\" style=\"--smush-placeholder-width: 683px; --smush-placeholder-aspect-ratio: 683\/1024;\" \/><figcaption class=\"wp-element-caption\">Pain d\u2019explosif TNT<\/figcaption><\/figure>\n<div class=\"pdfprnt-buttons pdfprnt-buttons-post pdfprnt-bottom-right\"><a href=\"https:\/\/aassdn.org\/amicale\/wp-json\/wp\/v2\/posts\/13011?print=pdf\" class=\"pdfprnt-button pdfprnt-button-pdf\" target=\"_blank\" ><img decoding=\"async\" data-src=\"https:\/\/aassdn.org\/amicale\/wp-content\/plugins\/pdf-print\/images\/pdf.png\" alt=\"image_pdf\" title=\"Afficher le PDF\" src=\"data:image\/svg+xml;base64,PHN2ZyB3aWR0aD0iMSIgaGVpZ2h0PSIxIiB4bWxucz0iaHR0cDovL3d3dy53My5vcmcvMjAwMC9zdmciPjwvc3ZnPg==\" class=\"lazyload\" style=\"--smush-placeholder-width: 32px; --smush-placeholder-aspect-ratio: 32\/32;\" \/><\/a><a href=\"https:\/\/aassdn.org\/amicale\/wp-json\/wp\/v2\/posts\/13011?print=print\" class=\"pdfprnt-button pdfprnt-button-print\" target=\"_blank\" ><\/a><\/div>","protected":false},"excerpt":{"rendered":"<p>Le d\u00e9l\u00e9gu\u00e9 Ile-de-France a repr\u00e9sent\u00e9 l\u2019AASSDN\u00a0 le 22 mai 2024 \u00e0 l\u2019H\u00f4tel de Lassay, \u00e0 l\u2019invitation de Madame Ya\u00ebl Braun-Pivet, Pr\u00e9sidente de l\u2019Assembl\u00e9e nationale \u00e0 l\u2019inauguration de l\u2019exposition \u00ab\u00a0Les plans secrets du D\u00e9barquement\u00a0\u00bb, \u00e0 partir des\u00a0archives du colonel Passy.\u00a0\u00a0 Parmi les personnalit\u00e9s pr\u00e9sentes, madame la Secr\u00e9taire d\u2019Etat Patricia Mirall\u00e8s, charg\u00e9e des Anciens combattants et de [&hellip;]<\/p>\n","protected":false},"author":1,"featured_media":13027,"comment_status":"open","ping_status":"closed","sticky":false,"template":"","format":"standard","meta":{"_acf_changed":false,"footnotes":""},"categories":[94,111,278,155,252,1,102,173,106,78],"tags":[2424,483,509,1066,206,285,2422,241,2432,2466,2429,339,2465,214],"class_list":["post-13011","post","type-post","status-publish","format-standard","has-post-thumbnail","hentry","category-1942-1945","category-1944-debarquements-en-france","category-actualites","category-colonel-passy-andre-dewavrin","category-evenements","category-non-classe","category-hommages-et-discours","category-le-role-des-services-speciaux-dans-la-preparation-du-debarquement","category-renseignement","category-services-francais","tag-anciens-combattants","tag-archives","tag-colonel-passy","tag-d-day","tag-debarquement","tag-dgse","tag-exposition","tag-general-de-gaulle","tag-inauguration","tag-madame-la-secretaire-detat-patricia-miralles","tag-madame-yael-braun-pivet","tag-memoire","tag-presidente-de-lassemblee-nationale","tag-resistance"],"acf":[],"yoast_head":"<!-- This site is optimized with the Yoast SEO plugin v27.5 - https:\/\/yoast.com\/product\/yoast-seo-wordpress\/ -->\n<title>Exposition &quot;Les plans secrets du D\u00e9barquement&quot;\u00a0de 1944 | AASSDN | Anciens et Amis des Services Sp\u00e9ciaux<\/title>\n<meta name=\"robots\" content=\"index, follow, max-snippet:-1, max-image-preview:large, max-video-preview:-1\" \/>\n<link rel=\"canonical\" href=\"https:\/\/aassdn.org\/amicale\/exposition-les-plans-secrets-du-debarquement\/\" \/>\n<meta property=\"og:locale\" content=\"fr_FR\" \/>\n<meta property=\"og:type\" content=\"article\" \/>\n<meta property=\"og:title\" content=\"Exposition &quot;Les plans secrets du D\u00e9barquement&quot;\u00a0de 1944 | AASSDN | Anciens et Amis des Services Sp\u00e9ciaux\" \/>\n<meta property=\"og:description\" content=\"Le d\u00e9l\u00e9gu\u00e9 Ile-de-France a repr\u00e9sent\u00e9 l\u2019AASSDN\u00a0 le 22 mai 2024 \u00e0 l\u2019H\u00f4tel de Lassay, \u00e0 l\u2019invitation de Madame Ya\u00ebl Braun-Pivet, Pr\u00e9sidente de l\u2019Assembl\u00e9e nationale \u00e0 l\u2019inauguration de l\u2019exposition \u00ab\u00a0Les plans secrets du D\u00e9barquement\u00a0\u00bb, \u00e0 partir des\u00a0archives du colonel Passy.\u00a0\u00a0 Parmi les personnalit\u00e9s pr\u00e9sentes, madame la Secr\u00e9taire d\u2019Etat Patricia Mirall\u00e8s, charg\u00e9e des Anciens combattants et de [&hellip;]\" \/>\n<meta property=\"og:url\" content=\"https:\/\/aassdn.org\/amicale\/exposition-les-plans-secrets-du-debarquement\/\" \/>\n<meta property=\"og:site_name\" content=\"AASSDN | Anciens et Amis des Services Sp\u00e9ciaux\" \/>\n<meta property=\"article:published_time\" content=\"2024-05-31T13:23:34+00:00\" \/>\n<meta property=\"article:modified_time\" content=\"2024-10-07T14:09:12+00:00\" \/>\n<meta property=\"og:image\" content=\"https:\/\/aassdn.org\/amicale\/wp-content\/uploads\/braun-pivet-plan-secrets-debarquement.jpg\" \/>\n\t<meta property=\"og:image:width\" content=\"2126\" \/>\n\t<meta property=\"og:image:height\" content=\"1417\" \/>\n\t<meta property=\"og:image:type\" content=\"image\/jpeg\" \/>\n<meta name=\"author\" content=\"AASSDN\" \/>\n<meta name=\"twitter:card\" content=\"summary_large_image\" \/>\n<meta name=\"twitter:label1\" content=\"\u00c9crit par\" \/>\n\t<meta name=\"twitter:data1\" content=\"AASSDN\" \/>\n\t<meta name=\"twitter:label2\" content=\"Dur\u00e9e de lecture estim\u00e9e\" \/>\n\t<meta name=\"twitter:data2\" content=\"1 minute\" \/>\n<script type=\"application\/ld+json\" class=\"yoast-schema-graph\">{\"@context\":\"https:\\\/\\\/schema.org\",\"@graph\":[{\"@type\":\"Article\",\"@id\":\"https:\\\/\\\/aassdn.org\\\/amicale\\\/exposition-les-plans-secrets-du-debarquement\\\/#article\",\"isPartOf\":{\"@id\":\"https:\\\/\\\/aassdn.org\\\/amicale\\\/exposition-les-plans-secrets-du-debarquement\\\/\"},\"author\":{\"name\":\"AASSDN\",\"@id\":\"https:\\\/\\\/aassdn.org\\\/amicale\\\/#\\\/schema\\\/person\\\/73800712a272e6d58a10a86ea9e59671\"},\"headline\":\"Exposition &#8220;Les plans secrets du D\u00e9barquement&#8221;\u00a0de 1944\",\"datePublished\":\"2024-05-31T13:23:34+00:00\",\"dateModified\":\"2024-10-07T14:09:12+00:00\",\"mainEntityOfPage\":{\"@id\":\"https:\\\/\\\/aassdn.org\\\/amicale\\\/exposition-les-plans-secrets-du-debarquement\\\/\"},\"wordCount\":321,\"commentCount\":0,\"publisher\":{\"@id\":\"https:\\\/\\\/aassdn.org\\\/amicale\\\/#organization\"},\"image\":{\"@id\":\"https:\\\/\\\/aassdn.org\\\/amicale\\\/exposition-les-plans-secrets-du-debarquement\\\/#primaryimage\"},\"thumbnailUrl\":\"https:\\\/\\\/aassdn.org\\\/amicale\\\/wp-content\\\/uploads\\\/braun-pivet-plan-secrets-debarquement.jpg\",\"keywords\":[\"Anciens combattants\",\"archives\",\"colonel Passy\",\"D.Day\",\"d\u00e9barquement\",\"DGSE\",\"Exposition\",\"G\u00e9n\u00e9ral De Gaulle\",\"inauguration\",\"Madame la Secr\u00e9taire d'Etat Patricia Mirall\u00e8s\",\"Madame Ya\u00ebl Braun-Pivet\",\"m\u00e9moire\",\"Pr\u00e9sidente de l'Assembl\u00e9e nationale\",\"R\u00e9sistance\"],\"articleSection\":[\"1942-1945\",\"1944 : D\u00e9barquements en France\",\"Actualit\u00e9s\",\"Colonel Passy (Andr\u00e9 Dewavrin)\",\"Ev\u00e9nements\",\"Global\",\"Hommages et discours\",\"Le r\u00f4le des Services sp\u00e9ciaux dans la pr\u00e9paration du d\u00e9barquement\",\"Renseignement\",\"Services fran\u00e7ais\"],\"inLanguage\":\"fr-FR\",\"potentialAction\":[{\"@type\":\"CommentAction\",\"name\":\"Comment\",\"target\":[\"https:\\\/\\\/aassdn.org\\\/amicale\\\/exposition-les-plans-secrets-du-debarquement\\\/#respond\"]}]},{\"@type\":\"WebPage\",\"@id\":\"https:\\\/\\\/aassdn.org\\\/amicale\\\/exposition-les-plans-secrets-du-debarquement\\\/\",\"url\":\"https:\\\/\\\/aassdn.org\\\/amicale\\\/exposition-les-plans-secrets-du-debarquement\\\/\",\"name\":\"Exposition \\\"Les plans secrets du D\u00e9barquement\\\"\u00a0de 1944 | AASSDN | Anciens et Amis des Services Sp\u00e9ciaux\",\"isPartOf\":{\"@id\":\"https:\\\/\\\/aassdn.org\\\/amicale\\\/#website\"},\"primaryImageOfPage\":{\"@id\":\"https:\\\/\\\/aassdn.org\\\/amicale\\\/exposition-les-plans-secrets-du-debarquement\\\/#primaryimage\"},\"image\":{\"@id\":\"https:\\\/\\\/aassdn.org\\\/amicale\\\/exposition-les-plans-secrets-du-debarquement\\\/#primaryimage\"},\"thumbnailUrl\":\"https:\\\/\\\/aassdn.org\\\/amicale\\\/wp-content\\\/uploads\\\/braun-pivet-plan-secrets-debarquement.jpg\",\"datePublished\":\"2024-05-31T13:23:34+00:00\",\"dateModified\":\"2024-10-07T14:09:12+00:00\",\"breadcrumb\":{\"@id\":\"https:\\\/\\\/aassdn.org\\\/amicale\\\/exposition-les-plans-secrets-du-debarquement\\\/#breadcrumb\"},\"inLanguage\":\"fr-FR\",\"potentialAction\":[{\"@type\":\"ReadAction\",\"target\":[\"https:\\\/\\\/aassdn.org\\\/amicale\\\/exposition-les-plans-secrets-du-debarquement\\\/\"]}]},{\"@type\":\"ImageObject\",\"inLanguage\":\"fr-FR\",\"@id\":\"https:\\\/\\\/aassdn.org\\\/amicale\\\/exposition-les-plans-secrets-du-debarquement\\\/#primaryimage\",\"url\":\"https:\\\/\\\/aassdn.org\\\/amicale\\\/wp-content\\\/uploads\\\/braun-pivet-plan-secrets-debarquement.jpg\",\"contentUrl\":\"https:\\\/\\\/aassdn.org\\\/amicale\\\/wp-content\\\/uploads\\\/braun-pivet-plan-secrets-debarquement.jpg\",\"width\":2126,\"height\":1417,\"caption\":\"Discours de Madame Ya\u00ebl Braun-Pivet\"},{\"@type\":\"BreadcrumbList\",\"@id\":\"https:\\\/\\\/aassdn.org\\\/amicale\\\/exposition-les-plans-secrets-du-debarquement\\\/#breadcrumb\",\"itemListElement\":[{\"@type\":\"ListItem\",\"position\":1,\"name\":\"Accueil\",\"item\":\"https:\\\/\\\/aassdn.org\\\/amicale\\\/\"},{\"@type\":\"ListItem\",\"position\":2,\"name\":\"Exposition &#8220;Les plans secrets du D\u00e9barquement&#8221;\u00a0de 1944\"}]},{\"@type\":\"WebSite\",\"@id\":\"https:\\\/\\\/aassdn.org\\\/amicale\\\/#website\",\"url\":\"https:\\\/\\\/aassdn.org\\\/amicale\\\/\",\"name\":\"AASSDN | Anciens et Amis des Services Sp\u00e9ciaux\",\"description\":\"Services sp\u00e9ciaux : Des h\u00e9ros anonymes au service exclusif de la France\",\"publisher\":{\"@id\":\"https:\\\/\\\/aassdn.org\\\/amicale\\\/#organization\"},\"potentialAction\":[{\"@type\":\"SearchAction\",\"target\":{\"@type\":\"EntryPoint\",\"urlTemplate\":\"https:\\\/\\\/aassdn.org\\\/amicale\\\/?s={search_term_string}\"},\"query-input\":{\"@type\":\"PropertyValueSpecification\",\"valueRequired\":true,\"valueName\":\"search_term_string\"}}],\"inLanguage\":\"fr-FR\"},{\"@type\":\"Organization\",\"@id\":\"https:\\\/\\\/aassdn.org\\\/amicale\\\/#organization\",\"name\":\"AASSDN | Anciens et Amis des Services Sp\u00e9ciaux\",\"url\":\"https:\\\/\\\/aassdn.org\\\/amicale\\\/\",\"logo\":{\"@type\":\"ImageObject\",\"inLanguage\":\"fr-FR\",\"@id\":\"https:\\\/\\\/aassdn.org\\\/amicale\\\/#\\\/schema\\\/logo\\\/image\\\/\",\"url\":\"https:\\\/\\\/aassdn.org\\\/amicale\\\/wp-content\\\/uploads\\\/Logo_AASSDN_transparent2.png\",\"contentUrl\":\"https:\\\/\\\/aassdn.org\\\/amicale\\\/wp-content\\\/uploads\\\/Logo_AASSDN_transparent2.png\",\"width\":1832,\"height\":1609,\"caption\":\"AASSDN | Anciens et Amis des Services Sp\u00e9ciaux\"},\"image\":{\"@id\":\"https:\\\/\\\/aassdn.org\\\/amicale\\\/#\\\/schema\\\/logo\\\/image\\\/\"}},{\"@type\":\"Person\",\"@id\":\"https:\\\/\\\/aassdn.org\\\/amicale\\\/#\\\/schema\\\/person\\\/73800712a272e6d58a10a86ea9e59671\",\"name\":\"AASSDN\",\"image\":{\"@type\":\"ImageObject\",\"inLanguage\":\"fr-FR\",\"@id\":\"https:\\\/\\\/secure.gravatar.com\\\/avatar\\\/9653808d17788562e72d77e426d8d02775774239aefd00a9b4e852423d8e9d7e?s=96&d=mm&r=g\",\"url\":\"https:\\\/\\\/secure.gravatar.com\\\/avatar\\\/9653808d17788562e72d77e426d8d02775774239aefd00a9b4e852423d8e9d7e?s=96&d=mm&r=g\",\"contentUrl\":\"https:\\\/\\\/secure.gravatar.com\\\/avatar\\\/9653808d17788562e72d77e426d8d02775774239aefd00a9b4e852423d8e9d7e?s=96&d=mm&r=g\",\"caption\":\"AASSDN\"},\"sameAs\":[\"https:\\\/\\\/aassdn.org\\\/amicale\"],\"url\":\"https:\\\/\\\/aassdn.org\\\/amicale\\\/author\\\/wordpress\\\/\"}]}<\/script>\n<!-- \/ Yoast SEO plugin. -->","yoast_head_json":{"title":"Exposition \"Les plans secrets du D\u00e9barquement\"\u00a0de 1944 | AASSDN | Anciens et Amis des Services Sp\u00e9ciaux","robots":{"index":"index","follow":"follow","max-snippet":"max-snippet:-1","max-image-preview":"max-image-preview:large","max-video-preview":"max-video-preview:-1"},"canonical":"https:\/\/aassdn.org\/amicale\/exposition-les-plans-secrets-du-debarquement\/","og_locale":"fr_FR","og_type":"article","og_title":"Exposition \"Les plans secrets du D\u00e9barquement\"\u00a0de 1944 | AASSDN | Anciens et Amis des Services Sp\u00e9ciaux","og_description":"Le d\u00e9l\u00e9gu\u00e9 Ile-de-France a repr\u00e9sent\u00e9 l\u2019AASSDN\u00a0 le 22 mai 2024 \u00e0 l\u2019H\u00f4tel de Lassay, \u00e0 l\u2019invitation de Madame Ya\u00ebl Braun-Pivet, Pr\u00e9sidente de l\u2019Assembl\u00e9e nationale \u00e0 l\u2019inauguration de l\u2019exposition \u00ab\u00a0Les plans secrets du D\u00e9barquement\u00a0\u00bb, \u00e0 partir des\u00a0archives du colonel Passy.\u00a0\u00a0 Parmi les personnalit\u00e9s pr\u00e9sentes, madame la Secr\u00e9taire d\u2019Etat Patricia Mirall\u00e8s, charg\u00e9e des Anciens combattants et de [&hellip;]","og_url":"https:\/\/aassdn.org\/amicale\/exposition-les-plans-secrets-du-debarquement\/","og_site_name":"AASSDN | Anciens et Amis des Services Sp\u00e9ciaux","article_published_time":"2024-05-31T13:23:34+00:00","article_modified_time":"2024-10-07T14:09:12+00:00","og_image":[{"width":2126,"height":1417,"url":"https:\/\/aassdn.org\/amicale\/wp-content\/uploads\/braun-pivet-plan-secrets-debarquement.jpg","type":"image\/jpeg"}],"author":"AASSDN","twitter_card":"summary_large_image","twitter_misc":{"\u00c9crit par":"AASSDN","Dur\u00e9e de lecture estim\u00e9e":"1 minute"},"schema":{"@context":"https:\/\/schema.org","@graph":[{"@type":"Article","@id":"https:\/\/aassdn.org\/amicale\/exposition-les-plans-secrets-du-debarquement\/#article","isPartOf":{"@id":"https:\/\/aassdn.org\/amicale\/exposition-les-plans-secrets-du-debarquement\/"},"author":{"name":"AASSDN","@id":"https:\/\/aassdn.org\/amicale\/#\/schema\/person\/73800712a272e6d58a10a86ea9e59671"},"headline":"Exposition &#8220;Les plans secrets du D\u00e9barquement&#8221;\u00a0de 1944","datePublished":"2024-05-31T13:23:34+00:00","dateModified":"2024-10-07T14:09:12+00:00","mainEntityOfPage":{"@id":"https:\/\/aassdn.org\/amicale\/exposition-les-plans-secrets-du-debarquement\/"},"wordCount":321,"commentCount":0,"publisher":{"@id":"https:\/\/aassdn.org\/amicale\/#organization"},"image":{"@id":"https:\/\/aassdn.org\/amicale\/exposition-les-plans-secrets-du-debarquement\/#primaryimage"},"thumbnailUrl":"https:\/\/aassdn.org\/amicale\/wp-content\/uploads\/braun-pivet-plan-secrets-debarquement.jpg","keywords":["Anciens combattants","archives","colonel Passy","D.Day","d\u00e9barquement","DGSE","Exposition","G\u00e9n\u00e9ral De Gaulle","inauguration","Madame la Secr\u00e9taire d'Etat Patricia Mirall\u00e8s","Madame Ya\u00ebl Braun-Pivet","m\u00e9moire","Pr\u00e9sidente de l'Assembl\u00e9e nationale","R\u00e9sistance"],"articleSection":["1942-1945","1944 : D\u00e9barquements en France","Actualit\u00e9s","Colonel Passy (Andr\u00e9 Dewavrin)","Ev\u00e9nements","Global","Hommages et discours","Le r\u00f4le des Services sp\u00e9ciaux dans la pr\u00e9paration du d\u00e9barquement","Renseignement","Services fran\u00e7ais"],"inLanguage":"fr-FR","potentialAction":[{"@type":"CommentAction","name":"Comment","target":["https:\/\/aassdn.org\/amicale\/exposition-les-plans-secrets-du-debarquement\/#respond"]}]},{"@type":"WebPage","@id":"https:\/\/aassdn.org\/amicale\/exposition-les-plans-secrets-du-debarquement\/","url":"https:\/\/aassdn.org\/amicale\/exposition-les-plans-secrets-du-debarquement\/","name":"Exposition \"Les plans secrets du D\u00e9barquement\"\u00a0de 1944 | AASSDN | Anciens et Amis des Services Sp\u00e9ciaux","isPartOf":{"@id":"https:\/\/aassdn.org\/amicale\/#website"},"primaryImageOfPage":{"@id":"https:\/\/aassdn.org\/amicale\/exposition-les-plans-secrets-du-debarquement\/#primaryimage"},"image":{"@id":"https:\/\/aassdn.org\/amicale\/exposition-les-plans-secrets-du-debarquement\/#primaryimage"},"thumbnailUrl":"https:\/\/aassdn.org\/amicale\/wp-content\/uploads\/braun-pivet-plan-secrets-debarquement.jpg","datePublished":"2024-05-31T13:23:34+00:00","dateModified":"2024-10-07T14:09:12+00:00","breadcrumb":{"@id":"https:\/\/aassdn.org\/amicale\/exposition-les-plans-secrets-du-debarquement\/#breadcrumb"},"inLanguage":"fr-FR","potentialAction":[{"@type":"ReadAction","target":["https:\/\/aassdn.org\/amicale\/exposition-les-plans-secrets-du-debarquement\/"]}]},{"@type":"ImageObject","inLanguage":"fr-FR","@id":"https:\/\/aassdn.org\/amicale\/exposition-les-plans-secrets-du-debarquement\/#primaryimage","url":"https:\/\/aassdn.org\/amicale\/wp-content\/uploads\/braun-pivet-plan-secrets-debarquement.jpg","contentUrl":"https:\/\/aassdn.org\/amicale\/wp-content\/uploads\/braun-pivet-plan-secrets-debarquement.jpg","width":2126,"height":1417,"caption":"Discours de Madame Ya\u00ebl Braun-Pivet"},{"@type":"BreadcrumbList","@id":"https:\/\/aassdn.org\/amicale\/exposition-les-plans-secrets-du-debarquement\/#breadcrumb","itemListElement":[{"@type":"ListItem","position":1,"name":"Accueil","item":"https:\/\/aassdn.org\/amicale\/"},{"@type":"ListItem","position":2,"name":"Exposition &#8220;Les plans secrets du D\u00e9barquement&#8221;\u00a0de 1944"}]},{"@type":"WebSite","@id":"https:\/\/aassdn.org\/amicale\/#website","url":"https:\/\/aassdn.org\/amicale\/","name":"AASSDN | Anciens et Amis des Services Sp\u00e9ciaux","description":"Services sp\u00e9ciaux : Des h\u00e9ros anonymes au service exclusif de la France","publisher":{"@id":"https:\/\/aassdn.org\/amicale\/#organization"},"potentialAction":[{"@type":"SearchAction","target":{"@type":"EntryPoint","urlTemplate":"https:\/\/aassdn.org\/amicale\/?s={search_term_string}"},"query-input":{"@type":"PropertyValueSpecification","valueRequired":true,"valueName":"search_term_string"}}],"inLanguage":"fr-FR"},{"@type":"Organization","@id":"https:\/\/aassdn.org\/amicale\/#organization","name":"AASSDN | Anciens et Amis des Services Sp\u00e9ciaux","url":"https:\/\/aassdn.org\/amicale\/","logo":{"@type":"ImageObject","inLanguage":"fr-FR","@id":"https:\/\/aassdn.org\/amicale\/#\/schema\/logo\/image\/","url":"https:\/\/aassdn.org\/amicale\/wp-content\/uploads\/Logo_AASSDN_transparent2.png","contentUrl":"https:\/\/aassdn.org\/amicale\/wp-content\/uploads\/Logo_AASSDN_transparent2.png","width":1832,"height":1609,"caption":"AASSDN | Anciens et Amis des Services Sp\u00e9ciaux"},"image":{"@id":"https:\/\/aassdn.org\/amicale\/#\/schema\/logo\/image\/"}},{"@type":"Person","@id":"https:\/\/aassdn.org\/amicale\/#\/schema\/person\/73800712a272e6d58a10a86ea9e59671","name":"AASSDN","image":{"@type":"ImageObject","inLanguage":"fr-FR","@id":"https:\/\/secure.gravatar.com\/avatar\/9653808d17788562e72d77e426d8d02775774239aefd00a9b4e852423d8e9d7e?s=96&d=mm&r=g","url":"https:\/\/secure.gravatar.com\/avatar\/9653808d17788562e72d77e426d8d02775774239aefd00a9b4e852423d8e9d7e?s=96&d=mm&r=g","contentUrl":"https:\/\/secure.gravatar.com\/avatar\/9653808d17788562e72d77e426d8d02775774239aefd00a9b4e852423d8e9d7e?s=96&d=mm&r=g","caption":"AASSDN"},"sameAs":["https:\/\/aassdn.org\/amicale"],"url":"https:\/\/aassdn.org\/amicale\/author\/wordpress\/"}]}},"_links":{"self":[{"href":"https:\/\/aassdn.org\/amicale\/wp-json\/wp\/v2\/posts\/13011","targetHints":{"allow":["GET"]}}],"collection":[{"href":"https:\/\/aassdn.org\/amicale\/wp-json\/wp\/v2\/posts"}],"about":[{"href":"https:\/\/aassdn.org\/amicale\/wp-json\/wp\/v2\/types\/post"}],"author":[{"embeddable":true,"href":"https:\/\/aassdn.org\/amicale\/wp-json\/wp\/v2\/users\/1"}],"replies":[{"embeddable":true,"href":"https:\/\/aassdn.org\/amicale\/wp-json\/wp\/v2\/comments?post=13011"}],"version-history":[{"count":0,"href":"https:\/\/aassdn.org\/amicale\/wp-json\/wp\/v2\/posts\/13011\/revisions"}],"wp:featuredmedia":[{"embeddable":true,"href":"https:\/\/aassdn.org\/amicale\/wp-json\/wp\/v2\/media\/13027"}],"wp:attachment":[{"href":"https:\/\/aassdn.org\/amicale\/wp-json\/wp\/v2\/media?parent=13011"}],"wp:term":[{"taxonomy":"category","embeddable":true,"href":"https:\/\/aassdn.org\/amicale\/wp-json\/wp\/v2\/categories?post=13011"},{"taxonomy":"post_tag","embeddable":true,"href":"https:\/\/aassdn.org\/amicale\/wp-json\/wp\/v2\/tags?post=13011"}],"curies":[{"name":"wp","href":"https:\/\/api.w.org\/{rel}","templated":true}]}}