{"id":12739,"date":"2024-06-11T11:40:21","date_gmt":"2024-06-11T09:40:21","guid":{"rendered":"https:\/\/aassdn.org\/amicale\/?p=12739"},"modified":"2024-10-03T18:38:49","modified_gmt":"2024-10-03T16:38:49","slug":"destabilisation-de-la-nouvelle-caledonie","status":"publish","type":"post","link":"https:\/\/aassdn.org\/amicale\/destabilisation-de-la-nouvelle-caledonie\/","title":{"rendered":"D\u00e9stabilisation de la Nouvelle-Cal\u00e9donie"},"content":{"rendered":"\n<p><strong>Le g\u00e9n\u00e9ral (2S) Michel Franceschi, ancien Commandant sup\u00e9rieur des forces arm\u00e9es de Nouvelle-Cal\u00e9donie de 1984 \u00e0 1988, remet en perspective les graves \u00e9v\u00e8nements qui se d\u00e9roulent dans cette collectivit\u00e9 territoriale \u00e0 statut particulier. Il d\u00e9crypte les \u00e9v\u00e8nements et estime qu\u2019il n\u2019y a pas d\u2019autre voie pour l\u2019Etat que le plein exercice de son pouvoir r\u00e9galien pour contraindre tous les protagonistes \u00e0 retrouver le droit chemin des engagements pris et des accords sign\u00e9s.<\/strong><\/p>\n\n\n\n<p class=\"has-background\" style=\"background-color:#eeeeee\"><strong>Commentaire AASSDN<\/strong> : Les troubles qui secouent \u00e0 nouveau la Nouvelle-Cal\u00e9donie constituent une menace pour l&#8217;int\u00e9grit\u00e9 du territoire comme c&#8217;est \u00e9galement le cas en Guyane et \u00e0 Mayotte. Si la France a la chance de disposer avec les DROM-COM de 120 000 km2 de superficie terrestre et pr\u00e8s de 11 millions de km2 de zone \u00e9conomique exclusive, encore faut-il que ce potentiel soit s\u00e9curis\u00e9 et mis en valeur pour constituer des p\u00f4les de rayonnement et d&#8217;influence fran\u00e7ais dans le monde. Aussi, avant d&#8217;envisager d&#8217;envoyer des troupes en Ukraine (d&#8217;autant que ce pays n&#8217;a pas encore effectu\u00e9 de mobilisation g\u00e9n\u00e9rale), la France devrait renforcer son dispositif de s\u00e9curit\u00e9 en priorit\u00e9 dans ses DROM\/COM soumis r\u00e9guli\u00e8rement \u00e0 des entreprises de d\u00e9stabilisation provoqu\u00e9es par des puissances \u00e9trang\u00e8res. Notre cr\u00e9dibilit\u00e9 y gagnerait et notre souverainet\u00e9 en sortirait renforc\u00e9e.<\/p>\n\n\n\n<p>La Nouvelle-Cal\u00e9donie vient de rechuter dans une sanglante violence rappelant les heures sombres de1984-88, en prenant comme alors au d\u00e9pourvu les autorit\u00e9s de tutelle. L\u2019\u00e9v\u00e9nement ne peut surprendre que les na\u00effs. On sait depuis Munich en 1938 que lorsque l\u2019on ach\u00e8te la paix on se met en situation de la payer de plus en plus cher.<\/p>\n\n\n\n<p>Reprenons l\u2019historique de la question. Il importe d\u2019abord de rappeler que le 13 septembre 1987, apr\u00e8s trois ann\u00e9es de troubles graves le gouvernement avait trouv\u00e9 une solution on ne peut plus d\u00e9mocratique par un r\u00e9f\u00e9rendum d\u2019autod\u00e9termination, pr\u00e9par\u00e9 et conduit de main de ma\u00eetre par le corps judiciaire en garantie d\u2019authenticit\u00e9. Le r\u00e9sultat le plus significatif de la consultation concerna moins l\u2019\u00e9crasante victoire des Loyalistes que la pr\u00e9sence parmi eux de 60 % de Kanaks! D\u00e8s lors, la messe aurait d\u00fb \u00eatre dite.<\/p>\n\n\n\n<p>C\u2019\u00e9tait sans compter sur l\u2019action subversive d\u2019un mouvement r\u00e9volutionnaire identifi\u00e9 qui renversa la table d\u00e9mocratique par le complot terroriste d\u2019Ouv\u00e9a d\u2019avril 1988, avec, h\u00e9las d\u2019inqualifiables complicit\u00e9s \u00e9tatiques. Exploitant l\u2019\u00e9motion provoqu\u00e9e dans le pays, on raya d\u2019un trait de plume l\u2019incontournable r\u00e9f\u00e9rendum de 1987, carr\u00e9ment jet\u00e9 aux oubliettes, pour le remplacer par un exp\u00e9dient politique surr\u00e9aliste qui finira par gruger \u00e0 la fois les Loyalistes et les Ind\u00e9pendantistes du<\/p>\n\n\n\n<p>Territoire. Aux premiers, on fit miroiter la p\u00e9rennit\u00e9 d\u2019une tranquillit\u00e9 retrouv\u00e9e au prix de concessions acceptables. On assura les seconds de leur victoire finale gr\u00e2ce au dynamisme de leur d\u00e9mographie, au terme d\u2019un patient processus de trente ann\u00e9es, jalonn\u00e9 par trois r\u00e9f\u00e9rendums. Un incroyable gel d\u2019une importante partie du corps \u00e9lectoral loyaliste ne pouvait que rendre victorieux l\u2019un d\u2019entre eux.<\/p>\n\n\n\n<p>Mais les apprentis sorciers \u00e0 la man\u0153uvre se sont tromp\u00e9s sur toute la ligne. Comme on le sait, les trois r\u00e9f\u00e9rendums leurs ont \u00e9t\u00e9 d\u00e9favorables et le mal\u00e9fique gel du corps \u00e9lectoral loyaliste leur explose aujourd\u2019hui au visage, en m\u00eame temps qu\u2019\u00e0 celui du gouvernement. Mais fi des r\u00e9alit\u00e9s pour les id\u00e9ologues! Le m\u00eame mouvement subversif toujours identifiable a repris clandestinement du service et vient de fomenter sur le territoire une violence plus d\u00e9vastatrice encore qu\u2019en 1988, prenant moralement en otage le gouvernement en cette p\u00e9riode sensible d\u2019une \u00e9lection nationale et de la tenue des Jeux Olympiques.<\/p>\n\n\n\n<p>Il est pour le moins surprenant que les services de renseignements n\u2019aient rien vu venir de cette op\u00e9ration d\u2019envergure qui met le gouvernement en position critique. Les pr\u00e9pos\u00e9s \u00e0 la fonction devront lui rendre des comptes et il devrait commencer par l\u00e0.<\/p>\n\n\n\n<p>Le probl\u00e8me \u00e0 r\u00e9soudre \u00e0 pr\u00e9sent proc\u00e8de toujours de la situation \u00e9lectorale de base, mais une inqui\u00e9tante donn\u00e9e nouvelle vient de surgir. La perte de confiance des Loyalistes envers le pouvoir central pour garantir la d\u00e9mocratie locale et assurer leur s\u00e9curit\u00e9 les pousse aujourd\u2019hui \u00e0 se faire justice eux-m\u00eames, faisant surgir le spectre d\u2019une guerre civile pouvant d\u00e9boucher sur une partition du Territoire. D\u2019aucuns y voient d\u2019ailleurs une solution.<\/p>\n\n\n\n<p>En d\u00e9finitive, le gouvernement n\u2019a plus d\u2019autre alternative que le plein exercice de son pouvoir r\u00e9galien pour contraindre \u00e9nergiquement tous les protagonistes \u00e0 retrouver le droit chemin des engagements pris et des accords sign\u00e9s. Sa main ne doit pas trembler, mais le r\u00e9flexe munichois du report du d\u00e9bat constitutionnel n\u2019est pas un signe de bon augure.<\/p>\n\n\n\n<p>G\u00e9n\u00e9ral (2S) Michel FRANCESCHI<br>ex Commandant Sup\u00e9rieur des Forces Armes de Nouvelle-Cal\u00e9donie de 1984 \u00e0 1988 16 mai 2024<\/p>\n<div class=\"pdfprnt-buttons pdfprnt-buttons-post pdfprnt-bottom-right\"><a href=\"https:\/\/aassdn.org\/amicale\/wp-json\/wp\/v2\/posts\/12739?print=pdf\" class=\"pdfprnt-button pdfprnt-button-pdf\" target=\"_blank\" ><img decoding=\"async\" data-src=\"https:\/\/aassdn.org\/amicale\/wp-content\/plugins\/pdf-print\/images\/pdf.png\" alt=\"image_pdf\" title=\"Afficher le PDF\" src=\"data:image\/svg+xml;base64,PHN2ZyB3aWR0aD0iMSIgaGVpZ2h0PSIxIiB4bWxucz0iaHR0cDovL3d3dy53My5vcmcvMjAwMC9zdmciPjwvc3ZnPg==\" class=\"lazyload\" style=\"--smush-placeholder-width: 32px; --smush-placeholder-aspect-ratio: 32\/32;\" \/><\/a><a href=\"https:\/\/aassdn.org\/amicale\/wp-json\/wp\/v2\/posts\/12739?print=print\" class=\"pdfprnt-button pdfprnt-button-print\" target=\"_blank\" ><\/a><\/div>","protected":false},"excerpt":{"rendered":"<p>Le g\u00e9n\u00e9ral (2S) Michel Franceschi, ancien Commandant sup\u00e9rieur des forces arm\u00e9es de Nouvelle-Cal\u00e9donie de 1984 \u00e0 1988, remet en perspective les graves \u00e9v\u00e8nements qui se d\u00e9roulent dans cette collectivit\u00e9 territoriale \u00e0 statut particulier. Il d\u00e9crypte les \u00e9v\u00e8nements et estime qu\u2019il n\u2019y a pas d\u2019autre voie pour l\u2019Etat que le plein exercice de son pouvoir r\u00e9galien [&hellip;]<\/p>\n","protected":false},"author":1,"featured_media":12737,"comment_status":"closed","ping_status":"closed","sticky":false,"template":"","format":"standard","meta":{"_acf_changed":false,"footnotes":""},"categories":[288,278,936],"tags":[1160,828,323,425,797,2413,582,2417,1531,1507,1871,937,938,920,346,2411,1156,2414,584,2412,775,2410,1554,863,2415,2419,892,2421,262,1267,2982,667,387,1884,1433,2416,1380,1590,460,273,2420],"class_list":["post-12739","post","type-post","status-publish","format-standard","has-post-thumbnail","hentry","category-2020-2030","category-actualites","category-souverainete","tag-action","tag-armee","tag-armement","tag-clandestin","tag-commandant","tag-commandant-superieur","tag-complot","tag-destabilisation","tag-engagement","tag-exploit","tag-forces-armees","tag-francais","tag-france","tag-gouvernement","tag-guerre","tag-guyane","tag-historique","tag-influence","tag-justice","tag-mayotte","tag-mobilisation","tag-nouvelle-caledonie","tag-paix","tag-periodes","tag-poles-de-rayonnement","tag-puissances-etrangeres","tag-realites","tag-referendum","tag-renseignement","tag-revolution","tag-securite","tag-services","tag-services-de-renseignement","tag-souverainete","tag-ss","tag-territoire","tag-tr","tag-train","tag-troupes","tag-ukraine","tag-violence"],"acf":[],"yoast_head":"<!-- This site is optimized with the Yoast SEO plugin v27.4 - https:\/\/yoast.com\/product\/yoast-seo-wordpress\/ -->\n<title>D\u00e9stabilisation de la Nouvelle-Cal\u00e9donie | AASSDN | Anciens et Amis des Services Sp\u00e9ciaux<\/title>\n<meta name=\"robots\" content=\"index, follow, max-snippet:-1, max-image-preview:large, max-video-preview:-1\" \/>\n<link rel=\"canonical\" href=\"https:\/\/aassdn.org\/amicale\/destabilisation-de-la-nouvelle-caledonie\/\" \/>\n<meta property=\"og:locale\" content=\"fr_FR\" \/>\n<meta property=\"og:type\" content=\"article\" \/>\n<meta property=\"og:title\" content=\"D\u00e9stabilisation de la Nouvelle-Cal\u00e9donie | AASSDN | Anciens et Amis des Services Sp\u00e9ciaux\" \/>\n<meta property=\"og:description\" content=\"Le g\u00e9n\u00e9ral (2S) Michel Franceschi, ancien Commandant sup\u00e9rieur des forces arm\u00e9es de Nouvelle-Cal\u00e9donie de 1984 \u00e0 1988, remet en perspective les graves \u00e9v\u00e8nements qui se d\u00e9roulent dans cette collectivit\u00e9 territoriale \u00e0 statut particulier. Il d\u00e9crypte les \u00e9v\u00e8nements et estime qu\u2019il n\u2019y a pas d\u2019autre voie pour l\u2019Etat que le plein exercice de son pouvoir r\u00e9galien [&hellip;]\" \/>\n<meta property=\"og:url\" content=\"https:\/\/aassdn.org\/amicale\/destabilisation-de-la-nouvelle-caledonie\/\" \/>\n<meta property=\"og:site_name\" content=\"AASSDN | Anciens et Amis des Services Sp\u00e9ciaux\" \/>\n<meta property=\"article:published_time\" content=\"2024-06-11T09:40:21+00:00\" \/>\n<meta property=\"article:modified_time\" content=\"2024-10-03T16:38:49+00:00\" \/>\n<meta property=\"og:image\" content=\"https:\/\/aassdn.org\/amicale\/wp-content\/uploads\/image-47.png\" \/>\n\t<meta property=\"og:image:width\" content=\"400\" \/>\n\t<meta property=\"og:image:height\" content=\"346\" \/>\n\t<meta property=\"og:image:type\" content=\"image\/png\" \/>\n<meta name=\"author\" content=\"AASSDN\" \/>\n<meta name=\"twitter:card\" content=\"summary_large_image\" \/>\n<meta name=\"twitter:label1\" content=\"\u00c9crit par\" \/>\n\t<meta name=\"twitter:data1\" content=\"AASSDN\" \/>\n\t<meta name=\"twitter:label2\" content=\"Dur\u00e9e de lecture estim\u00e9e\" \/>\n\t<meta name=\"twitter:data2\" content=\"4 minutes\" \/>\n<script type=\"application\/ld+json\" class=\"yoast-schema-graph\">{\"@context\":\"https:\\\/\\\/schema.org\",\"@graph\":[{\"@type\":\"Article\",\"@id\":\"https:\\\/\\\/aassdn.org\\\/amicale\\\/destabilisation-de-la-nouvelle-caledonie\\\/#article\",\"isPartOf\":{\"@id\":\"https:\\\/\\\/aassdn.org\\\/amicale\\\/destabilisation-de-la-nouvelle-caledonie\\\/\"},\"author\":{\"name\":\"AASSDN\",\"@id\":\"https:\\\/\\\/aassdn.org\\\/amicale\\\/#\\\/schema\\\/person\\\/73800712a272e6d58a10a86ea9e59671\"},\"headline\":\"D\u00e9stabilisation de la Nouvelle-Cal\u00e9donie\",\"datePublished\":\"2024-06-11T09:40:21+00:00\",\"dateModified\":\"2024-10-03T16:38:49+00:00\",\"mainEntityOfPage\":{\"@id\":\"https:\\\/\\\/aassdn.org\\\/amicale\\\/destabilisation-de-la-nouvelle-caledonie\\\/\"},\"wordCount\":872,\"publisher\":{\"@id\":\"https:\\\/\\\/aassdn.org\\\/amicale\\\/#organization\"},\"image\":{\"@id\":\"https:\\\/\\\/aassdn.org\\\/amicale\\\/destabilisation-de-la-nouvelle-caledonie\\\/#primaryimage\"},\"thumbnailUrl\":\"https:\\\/\\\/aassdn.org\\\/amicale\\\/wp-content\\\/uploads\\\/image-47.png\",\"keywords\":[\"action\",\"Arm\u00e9e\",\"armement\",\"clandestin\",\"Commandant\",\"Commandant sup\u00e9rieur\",\"complot\",\"d\u00e9stabilisation\",\"engagement\",\"exploit\",\"forces arm\u00e9es\",\"fran\u00e7ais\",\"France\",\"gouvernement\",\"guerre\",\"Guyane\",\"historique\",\"influence\",\"justice\",\"Mayotte\",\"mobilisation\",\"Nouvelle-Cal\u00e9donie\",\"paix\",\"P\u00e9riodes\",\"p\u00f4les de rayonnement\",\"puissances \u00e9trang\u00e8res\",\"r\u00e9alit\u00e9s\",\"r\u00e9f\u00e9rendum\",\"Renseignement\",\"r\u00e9volution\",\"s\u00e9curit\u00e9\",\"Services\",\"services de renseignement\",\"souverainet\u00e9\",\"SS\",\"territoire\",\"TR\",\"train\",\"troupes\",\"Ukraine\",\"violence\"],\"articleSection\":[\"2020-2030\",\"Actualit\u00e9s\",\"Souverainet\u00e9\"],\"inLanguage\":\"fr-FR\"},{\"@type\":\"WebPage\",\"@id\":\"https:\\\/\\\/aassdn.org\\\/amicale\\\/destabilisation-de-la-nouvelle-caledonie\\\/\",\"url\":\"https:\\\/\\\/aassdn.org\\\/amicale\\\/destabilisation-de-la-nouvelle-caledonie\\\/\",\"name\":\"D\u00e9stabilisation de la Nouvelle-Cal\u00e9donie | AASSDN | Anciens et Amis des Services Sp\u00e9ciaux\",\"isPartOf\":{\"@id\":\"https:\\\/\\\/aassdn.org\\\/amicale\\\/#website\"},\"primaryImageOfPage\":{\"@id\":\"https:\\\/\\\/aassdn.org\\\/amicale\\\/destabilisation-de-la-nouvelle-caledonie\\\/#primaryimage\"},\"image\":{\"@id\":\"https:\\\/\\\/aassdn.org\\\/amicale\\\/destabilisation-de-la-nouvelle-caledonie\\\/#primaryimage\"},\"thumbnailUrl\":\"https:\\\/\\\/aassdn.org\\\/amicale\\\/wp-content\\\/uploads\\\/image-47.png\",\"datePublished\":\"2024-06-11T09:40:21+00:00\",\"dateModified\":\"2024-10-03T16:38:49+00:00\",\"breadcrumb\":{\"@id\":\"https:\\\/\\\/aassdn.org\\\/amicale\\\/destabilisation-de-la-nouvelle-caledonie\\\/#breadcrumb\"},\"inLanguage\":\"fr-FR\",\"potentialAction\":[{\"@type\":\"ReadAction\",\"target\":[\"https:\\\/\\\/aassdn.org\\\/amicale\\\/destabilisation-de-la-nouvelle-caledonie\\\/\"]}]},{\"@type\":\"ImageObject\",\"inLanguage\":\"fr-FR\",\"@id\":\"https:\\\/\\\/aassdn.org\\\/amicale\\\/destabilisation-de-la-nouvelle-caledonie\\\/#primaryimage\",\"url\":\"https:\\\/\\\/aassdn.org\\\/amicale\\\/wp-content\\\/uploads\\\/image-47.png\",\"contentUrl\":\"https:\\\/\\\/aassdn.org\\\/amicale\\\/wp-content\\\/uploads\\\/image-47.png\",\"width\":400,\"height\":346},{\"@type\":\"BreadcrumbList\",\"@id\":\"https:\\\/\\\/aassdn.org\\\/amicale\\\/destabilisation-de-la-nouvelle-caledonie\\\/#breadcrumb\",\"itemListElement\":[{\"@type\":\"ListItem\",\"position\":1,\"name\":\"Accueil\",\"item\":\"https:\\\/\\\/aassdn.org\\\/amicale\\\/\"},{\"@type\":\"ListItem\",\"position\":2,\"name\":\"D\u00e9stabilisation de la Nouvelle-Cal\u00e9donie\"}]},{\"@type\":\"WebSite\",\"@id\":\"https:\\\/\\\/aassdn.org\\\/amicale\\\/#website\",\"url\":\"https:\\\/\\\/aassdn.org\\\/amicale\\\/\",\"name\":\"AASSDN | Anciens et Amis des Services Sp\u00e9ciaux\",\"description\":\"Services sp\u00e9ciaux : Des h\u00e9ros anonymes au service exclusif de la France\",\"publisher\":{\"@id\":\"https:\\\/\\\/aassdn.org\\\/amicale\\\/#organization\"},\"potentialAction\":[{\"@type\":\"SearchAction\",\"target\":{\"@type\":\"EntryPoint\",\"urlTemplate\":\"https:\\\/\\\/aassdn.org\\\/amicale\\\/?s={search_term_string}\"},\"query-input\":{\"@type\":\"PropertyValueSpecification\",\"valueRequired\":true,\"valueName\":\"search_term_string\"}}],\"inLanguage\":\"fr-FR\"},{\"@type\":\"Organization\",\"@id\":\"https:\\\/\\\/aassdn.org\\\/amicale\\\/#organization\",\"name\":\"AASSDN | Anciens et Amis des Services Sp\u00e9ciaux\",\"url\":\"https:\\\/\\\/aassdn.org\\\/amicale\\\/\",\"logo\":{\"@type\":\"ImageObject\",\"inLanguage\":\"fr-FR\",\"@id\":\"https:\\\/\\\/aassdn.org\\\/amicale\\\/#\\\/schema\\\/logo\\\/image\\\/\",\"url\":\"https:\\\/\\\/aassdn.org\\\/amicale\\\/wp-content\\\/uploads\\\/Logo_AASSDN_transparent2.png\",\"contentUrl\":\"https:\\\/\\\/aassdn.org\\\/amicale\\\/wp-content\\\/uploads\\\/Logo_AASSDN_transparent2.png\",\"width\":1832,\"height\":1609,\"caption\":\"AASSDN | Anciens et Amis des Services Sp\u00e9ciaux\"},\"image\":{\"@id\":\"https:\\\/\\\/aassdn.org\\\/amicale\\\/#\\\/schema\\\/logo\\\/image\\\/\"}},{\"@type\":\"Person\",\"@id\":\"https:\\\/\\\/aassdn.org\\\/amicale\\\/#\\\/schema\\\/person\\\/73800712a272e6d58a10a86ea9e59671\",\"name\":\"AASSDN\",\"image\":{\"@type\":\"ImageObject\",\"inLanguage\":\"fr-FR\",\"@id\":\"https:\\\/\\\/secure.gravatar.com\\\/avatar\\\/9653808d17788562e72d77e426d8d02775774239aefd00a9b4e852423d8e9d7e?s=96&d=mm&r=g\",\"url\":\"https:\\\/\\\/secure.gravatar.com\\\/avatar\\\/9653808d17788562e72d77e426d8d02775774239aefd00a9b4e852423d8e9d7e?s=96&d=mm&r=g\",\"contentUrl\":\"https:\\\/\\\/secure.gravatar.com\\\/avatar\\\/9653808d17788562e72d77e426d8d02775774239aefd00a9b4e852423d8e9d7e?s=96&d=mm&r=g\",\"caption\":\"AASSDN\"},\"sameAs\":[\"https:\\\/\\\/aassdn.org\\\/amicale\"],\"url\":\"https:\\\/\\\/aassdn.org\\\/amicale\\\/author\\\/wordpress\\\/\"}]}<\/script>\n<!-- \/ Yoast SEO plugin. -->","yoast_head_json":{"title":"D\u00e9stabilisation de la Nouvelle-Cal\u00e9donie | AASSDN | Anciens et Amis des Services Sp\u00e9ciaux","robots":{"index":"index","follow":"follow","max-snippet":"max-snippet:-1","max-image-preview":"max-image-preview:large","max-video-preview":"max-video-preview:-1"},"canonical":"https:\/\/aassdn.org\/amicale\/destabilisation-de-la-nouvelle-caledonie\/","og_locale":"fr_FR","og_type":"article","og_title":"D\u00e9stabilisation de la Nouvelle-Cal\u00e9donie | AASSDN | Anciens et Amis des Services Sp\u00e9ciaux","og_description":"Le g\u00e9n\u00e9ral (2S) Michel Franceschi, ancien Commandant sup\u00e9rieur des forces arm\u00e9es de Nouvelle-Cal\u00e9donie de 1984 \u00e0 1988, remet en perspective les graves \u00e9v\u00e8nements qui se d\u00e9roulent dans cette collectivit\u00e9 territoriale \u00e0 statut particulier. Il d\u00e9crypte les \u00e9v\u00e8nements et estime qu\u2019il n\u2019y a pas d\u2019autre voie pour l\u2019Etat que le plein exercice de son pouvoir r\u00e9galien [&hellip;]","og_url":"https:\/\/aassdn.org\/amicale\/destabilisation-de-la-nouvelle-caledonie\/","og_site_name":"AASSDN | Anciens et Amis des Services Sp\u00e9ciaux","article_published_time":"2024-06-11T09:40:21+00:00","article_modified_time":"2024-10-03T16:38:49+00:00","og_image":[{"width":400,"height":346,"url":"https:\/\/aassdn.org\/amicale\/wp-content\/uploads\/image-47.png","type":"image\/png"}],"author":"AASSDN","twitter_card":"summary_large_image","twitter_misc":{"\u00c9crit par":"AASSDN","Dur\u00e9e de lecture estim\u00e9e":"4 minutes"},"schema":{"@context":"https:\/\/schema.org","@graph":[{"@type":"Article","@id":"https:\/\/aassdn.org\/amicale\/destabilisation-de-la-nouvelle-caledonie\/#article","isPartOf":{"@id":"https:\/\/aassdn.org\/amicale\/destabilisation-de-la-nouvelle-caledonie\/"},"author":{"name":"AASSDN","@id":"https:\/\/aassdn.org\/amicale\/#\/schema\/person\/73800712a272e6d58a10a86ea9e59671"},"headline":"D\u00e9stabilisation de la Nouvelle-Cal\u00e9donie","datePublished":"2024-06-11T09:40:21+00:00","dateModified":"2024-10-03T16:38:49+00:00","mainEntityOfPage":{"@id":"https:\/\/aassdn.org\/amicale\/destabilisation-de-la-nouvelle-caledonie\/"},"wordCount":872,"publisher":{"@id":"https:\/\/aassdn.org\/amicale\/#organization"},"image":{"@id":"https:\/\/aassdn.org\/amicale\/destabilisation-de-la-nouvelle-caledonie\/#primaryimage"},"thumbnailUrl":"https:\/\/aassdn.org\/amicale\/wp-content\/uploads\/image-47.png","keywords":["action","Arm\u00e9e","armement","clandestin","Commandant","Commandant sup\u00e9rieur","complot","d\u00e9stabilisation","engagement","exploit","forces arm\u00e9es","fran\u00e7ais","France","gouvernement","guerre","Guyane","historique","influence","justice","Mayotte","mobilisation","Nouvelle-Cal\u00e9donie","paix","P\u00e9riodes","p\u00f4les de rayonnement","puissances \u00e9trang\u00e8res","r\u00e9alit\u00e9s","r\u00e9f\u00e9rendum","Renseignement","r\u00e9volution","s\u00e9curit\u00e9","Services","services de renseignement","souverainet\u00e9","SS","territoire","TR","train","troupes","Ukraine","violence"],"articleSection":["2020-2030","Actualit\u00e9s","Souverainet\u00e9"],"inLanguage":"fr-FR"},{"@type":"WebPage","@id":"https:\/\/aassdn.org\/amicale\/destabilisation-de-la-nouvelle-caledonie\/","url":"https:\/\/aassdn.org\/amicale\/destabilisation-de-la-nouvelle-caledonie\/","name":"D\u00e9stabilisation de la Nouvelle-Cal\u00e9donie | AASSDN | Anciens et Amis des Services Sp\u00e9ciaux","isPartOf":{"@id":"https:\/\/aassdn.org\/amicale\/#website"},"primaryImageOfPage":{"@id":"https:\/\/aassdn.org\/amicale\/destabilisation-de-la-nouvelle-caledonie\/#primaryimage"},"image":{"@id":"https:\/\/aassdn.org\/amicale\/destabilisation-de-la-nouvelle-caledonie\/#primaryimage"},"thumbnailUrl":"https:\/\/aassdn.org\/amicale\/wp-content\/uploads\/image-47.png","datePublished":"2024-06-11T09:40:21+00:00","dateModified":"2024-10-03T16:38:49+00:00","breadcrumb":{"@id":"https:\/\/aassdn.org\/amicale\/destabilisation-de-la-nouvelle-caledonie\/#breadcrumb"},"inLanguage":"fr-FR","potentialAction":[{"@type":"ReadAction","target":["https:\/\/aassdn.org\/amicale\/destabilisation-de-la-nouvelle-caledonie\/"]}]},{"@type":"ImageObject","inLanguage":"fr-FR","@id":"https:\/\/aassdn.org\/amicale\/destabilisation-de-la-nouvelle-caledonie\/#primaryimage","url":"https:\/\/aassdn.org\/amicale\/wp-content\/uploads\/image-47.png","contentUrl":"https:\/\/aassdn.org\/amicale\/wp-content\/uploads\/image-47.png","width":400,"height":346},{"@type":"BreadcrumbList","@id":"https:\/\/aassdn.org\/amicale\/destabilisation-de-la-nouvelle-caledonie\/#breadcrumb","itemListElement":[{"@type":"ListItem","position":1,"name":"Accueil","item":"https:\/\/aassdn.org\/amicale\/"},{"@type":"ListItem","position":2,"name":"D\u00e9stabilisation de la Nouvelle-Cal\u00e9donie"}]},{"@type":"WebSite","@id":"https:\/\/aassdn.org\/amicale\/#website","url":"https:\/\/aassdn.org\/amicale\/","name":"AASSDN | Anciens et Amis des Services Sp\u00e9ciaux","description":"Services sp\u00e9ciaux : Des h\u00e9ros anonymes au service exclusif de la France","publisher":{"@id":"https:\/\/aassdn.org\/amicale\/#organization"},"potentialAction":[{"@type":"SearchAction","target":{"@type":"EntryPoint","urlTemplate":"https:\/\/aassdn.org\/amicale\/?s={search_term_string}"},"query-input":{"@type":"PropertyValueSpecification","valueRequired":true,"valueName":"search_term_string"}}],"inLanguage":"fr-FR"},{"@type":"Organization","@id":"https:\/\/aassdn.org\/amicale\/#organization","name":"AASSDN | Anciens et Amis des Services Sp\u00e9ciaux","url":"https:\/\/aassdn.org\/amicale\/","logo":{"@type":"ImageObject","inLanguage":"fr-FR","@id":"https:\/\/aassdn.org\/amicale\/#\/schema\/logo\/image\/","url":"https:\/\/aassdn.org\/amicale\/wp-content\/uploads\/Logo_AASSDN_transparent2.png","contentUrl":"https:\/\/aassdn.org\/amicale\/wp-content\/uploads\/Logo_AASSDN_transparent2.png","width":1832,"height":1609,"caption":"AASSDN | Anciens et Amis des Services Sp\u00e9ciaux"},"image":{"@id":"https:\/\/aassdn.org\/amicale\/#\/schema\/logo\/image\/"}},{"@type":"Person","@id":"https:\/\/aassdn.org\/amicale\/#\/schema\/person\/73800712a272e6d58a10a86ea9e59671","name":"AASSDN","image":{"@type":"ImageObject","inLanguage":"fr-FR","@id":"https:\/\/secure.gravatar.com\/avatar\/9653808d17788562e72d77e426d8d02775774239aefd00a9b4e852423d8e9d7e?s=96&d=mm&r=g","url":"https:\/\/secure.gravatar.com\/avatar\/9653808d17788562e72d77e426d8d02775774239aefd00a9b4e852423d8e9d7e?s=96&d=mm&r=g","contentUrl":"https:\/\/secure.gravatar.com\/avatar\/9653808d17788562e72d77e426d8d02775774239aefd00a9b4e852423d8e9d7e?s=96&d=mm&r=g","caption":"AASSDN"},"sameAs":["https:\/\/aassdn.org\/amicale"],"url":"https:\/\/aassdn.org\/amicale\/author\/wordpress\/"}]}},"_links":{"self":[{"href":"https:\/\/aassdn.org\/amicale\/wp-json\/wp\/v2\/posts\/12739","targetHints":{"allow":["GET"]}}],"collection":[{"href":"https:\/\/aassdn.org\/amicale\/wp-json\/wp\/v2\/posts"}],"about":[{"href":"https:\/\/aassdn.org\/amicale\/wp-json\/wp\/v2\/types\/post"}],"author":[{"embeddable":true,"href":"https:\/\/aassdn.org\/amicale\/wp-json\/wp\/v2\/users\/1"}],"replies":[{"embeddable":true,"href":"https:\/\/aassdn.org\/amicale\/wp-json\/wp\/v2\/comments?post=12739"}],"version-history":[{"count":0,"href":"https:\/\/aassdn.org\/amicale\/wp-json\/wp\/v2\/posts\/12739\/revisions"}],"wp:featuredmedia":[{"embeddable":true,"href":"https:\/\/aassdn.org\/amicale\/wp-json\/wp\/v2\/media\/12737"}],"wp:attachment":[{"href":"https:\/\/aassdn.org\/amicale\/wp-json\/wp\/v2\/media?parent=12739"}],"wp:term":[{"taxonomy":"category","embeddable":true,"href":"https:\/\/aassdn.org\/amicale\/wp-json\/wp\/v2\/categories?post=12739"},{"taxonomy":"post_tag","embeddable":true,"href":"https:\/\/aassdn.org\/amicale\/wp-json\/wp\/v2\/tags?post=12739"}],"curies":[{"name":"wp","href":"https:\/\/api.w.org\/{rel}","templated":true}]}}