{"id":12121,"date":"2024-04-29T10:22:28","date_gmt":"2024-04-29T08:22:28","guid":{"rendered":"https:\/\/aassdn.org\/amicale\/?p=12121"},"modified":"2024-04-29T11:02:09","modified_gmt":"2024-04-29T09:02:09","slug":"intelligence-economique-alain-juillet-et-la-nouvelle-generation","status":"publish","type":"post","link":"https:\/\/aassdn.org\/amicale\/intelligence-economique-alain-juillet-et-la-nouvelle-generation\/","title":{"rendered":"Intelligence \u00e9conomique: Alain Juillet et la nouvelle g\u00e9n\u00e9ration"},"content":{"rendered":"\n<p>Alain Juillet r\u00e9pond aux questions d\u2019\u00e9tudiantes pour aborder un certain nombre de th\u00e9matiques autour de l\u2019intelligence \u00e9conomique et de son \u00e9volution. Cette \u00e9mission s\u2019inscrit sous le signe de la transmission du savoir aupr\u00e8s de la nouvelle g\u00e9n\u00e9ration.<\/p>\n\n\n\n<iframe width=\"100%\" height=\"600px\" data-src=\"https:\/\/www.youtube.com\/embed\/IDbqOufMqM8?si=C-aHcHAaKtWUT9qQ\" title=\"YouTube video player\" frameborder=\"0\" allow=\"accelerometer; autoplay; clipboard-write; encrypted-media; gyroscope; picture-in-picture; web-share\" referrerpolicy=\"strict-origin-when-cross-origin\" allowfullscreen src=\"data:image\/svg+xml;base64,PHN2ZyB3aWR0aD0iMSIgaGVpZ2h0PSIxIiB4bWxucz0iaHR0cDovL3d3dy53My5vcmcvMjAwMC9zdmciPjwvc3ZnPg==\" class=\"lazyload\" data-load-mode=\"1\"><\/iframe>\n\n\n\n<p>Th\u00e8mes abord\u00e9s dans cette vid\u00e9o : <\/p>\n\n\n\n<ul class=\"wp-block-list\">\n<li><a href=\"https:\/\/www.youtube.com\/watch?v=IDbqOufMqM8&t=91s\">01:31<\/a> Comment va \u00e9voluer l\u2019intelligence \u00e9conomique ? <\/li>\n\n\n\n<li><a href=\"https:\/\/www.youtube.com\/watch?v=IDbqOufMqM8&t=241s\">04:01<\/a> Microsoft <\/li>\n\n\n\n<li><a href=\"https:\/\/www.youtube.com\/watch?v=IDbqOufMqM8&t=291s\">04:51<\/a> Position de la France dans l\u2019intelligence \u00e9conomique <\/li>\n\n\n\n<li><a href=\"https:\/\/www.youtube.com\/watch?v=IDbqOufMqM8&t=336s\">05:36<\/a> Objectifs de l\u2019intelligence \u00e9conomique au sein des institutions publiques en France <\/li>\n\n\n\n<li><a href=\"https:\/\/www.youtube.com\/watch?v=IDbqOufMqM8&t=611s\">10:11<\/a> Loi Europ\u00e9enne <\/li>\n\n\n\n<li><a href=\"https:\/\/www.youtube.com\/watch?v=IDbqOufMqM8&t=763s\">12:43<\/a> L\u2019intelligence \u00e9conomique a sa place dans l\u2019\u00e9ducation ? <\/li>\n\n\n\n<li><a href=\"https:\/\/www.youtube.com\/watch?v=IDbqOufMqM8&t=865s\">14:25<\/a> Espionnage des \u00e9tudiants <\/li>\n\n\n\n<li><a href=\"https:\/\/www.youtube.com\/watch?v=IDbqOufMqM8&t=1134s\">18:54<\/a> Usage optimal de l\u2019intelligence \u00e9conomique <\/li>\n\n\n\n<li><a href=\"https:\/\/www.youtube.com\/watch?v=IDbqOufMqM8&t=1320s\">22:00<\/a> Objectifs de comp\u00e9titivit\u00e9 <\/li>\n\n\n\n<li><a href=\"https:\/\/www.youtube.com\/watch?v=IDbqOufMqM8&t=1470s\">24:30<\/a> Notion d\u2019hypersonique <\/li>\n\n\n\n<li><a href=\"https:\/\/www.youtube.com\/watch?v=IDbqOufMqM8&t=1601s\">26:41<\/a> Intelligence artificielle et intelligence \u00e9conomique <\/li>\n<\/ul>\n<div class=\"pdfprnt-buttons pdfprnt-buttons-post pdfprnt-bottom-right\"><a href=\"https:\/\/aassdn.org\/amicale\/wp-json\/wp\/v2\/posts\/12121?print=pdf\" class=\"pdfprnt-button pdfprnt-button-pdf\" target=\"_blank\" ><img decoding=\"async\" data-src=\"https:\/\/aassdn.org\/amicale\/wp-content\/plugins\/pdf-print\/images\/pdf.png\" alt=\"image_pdf\" title=\"Afficher le PDF\" src=\"data:image\/svg+xml;base64,PHN2ZyB3aWR0aD0iMSIgaGVpZ2h0PSIxIiB4bWxucz0iaHR0cDovL3d3dy53My5vcmcvMjAwMC9zdmciPjwvc3ZnPg==\" class=\"lazyload\" style=\"--smush-placeholder-width: 32px; --smush-placeholder-aspect-ratio: 32\/32;\" \/><\/a><a href=\"https:\/\/aassdn.org\/amicale\/wp-json\/wp\/v2\/posts\/12121?print=print\" class=\"pdfprnt-button pdfprnt-button-print\" target=\"_blank\" ><\/a><\/div>","protected":false},"excerpt":{"rendered":"<p>Alain Juillet r\u00e9pond aux questions d\u2019\u00e9tudiantes pour aborder un certain nombre de th\u00e9matiques autour de l\u2019intelligence \u00e9conomique et de son \u00e9volution. Cette \u00e9mission s\u2019inscrit sous le signe de la transmission du savoir aupr\u00e8s de la nouvelle g\u00e9n\u00e9ration. Th\u00e8mes abord\u00e9s dans cette vid\u00e9o :<\/p>\n","protected":false},"author":1,"featured_media":12129,"comment_status":"closed","ping_status":"closed","sticky":false,"template":"","format":"standard","meta":{"_acf_changed":false,"footnotes":""},"categories":[278,286,128,96],"tags":[283,2163,2176,718,390,2171,938,2177,2174,2180,2178,210,2175,2173,792,2170,1433,2172,1380,2169],"class_list":["post-12121","post","type-post","status-publish","format-standard","has-post-thumbnail","hentry","category-actualites","category-alain-juillet","category-intelligence-economique","category-videos-en-ligne","tag-alain-juillet","tag-competitivite","tag-education","tag-espion","tag-espionnage","tag-evolution","tag-france","tag-hypersonique","tag-institutions-publiques","tag-intelligence-artifici","tag-intelligence-artificielle","tag-intelligence-economique","tag-loi-europeenne","tag-microsoft","tag-mission","tag-nouvelle-generation","tag-ss","tag-thematiques","tag-tr","tag-transmission-du-savoir"],"acf":[],"yoast_head":"<!-- This site is optimized with the Yoast SEO plugin v27.5 - https:\/\/yoast.com\/product\/yoast-seo-wordpress\/ -->\n<title>Intelligence \u00e9conomique: Alain Juillet et la nouvelle g\u00e9n\u00e9ration | AASSDN | Anciens et Amis des Services Sp\u00e9ciaux<\/title>\n<meta name=\"robots\" content=\"index, follow, max-snippet:-1, max-image-preview:large, max-video-preview:-1\" \/>\n<link rel=\"canonical\" href=\"https:\/\/aassdn.org\/amicale\/intelligence-economique-alain-juillet-et-la-nouvelle-generation\/\" \/>\n<meta property=\"og:locale\" content=\"fr_FR\" \/>\n<meta property=\"og:type\" content=\"article\" \/>\n<meta property=\"og:title\" content=\"Intelligence \u00e9conomique: Alain Juillet et la nouvelle g\u00e9n\u00e9ration | AASSDN | Anciens et Amis des Services Sp\u00e9ciaux\" \/>\n<meta property=\"og:description\" content=\"Alain Juillet r\u00e9pond aux questions d\u2019\u00e9tudiantes pour aborder un certain nombre de th\u00e9matiques autour de l\u2019intelligence \u00e9conomique et de son \u00e9volution. Cette \u00e9mission s\u2019inscrit sous le signe de la transmission du savoir aupr\u00e8s de la nouvelle g\u00e9n\u00e9ration. Th\u00e8mes abord\u00e9s dans cette vid\u00e9o :\" \/>\n<meta property=\"og:url\" content=\"https:\/\/aassdn.org\/amicale\/intelligence-economique-alain-juillet-et-la-nouvelle-generation\/\" \/>\n<meta property=\"og:site_name\" content=\"AASSDN | Anciens et Amis des Services Sp\u00e9ciaux\" \/>\n<meta property=\"article:published_time\" content=\"2024-04-29T08:22:28+00:00\" \/>\n<meta property=\"article:modified_time\" content=\"2024-04-29T09:02:09+00:00\" \/>\n<meta property=\"og:image\" content=\"https:\/\/aassdn.org\/amicale\/wp-content\/uploads\/image-38.png\" \/>\n\t<meta property=\"og:image:width\" content=\"1897\" \/>\n\t<meta property=\"og:image:height\" content=\"1023\" \/>\n\t<meta property=\"og:image:type\" content=\"image\/png\" \/>\n<meta name=\"author\" content=\"AASSDN\" \/>\n<meta name=\"twitter:card\" content=\"summary_large_image\" \/>\n<meta name=\"twitter:label1\" content=\"\u00c9crit par\" \/>\n\t<meta name=\"twitter:data1\" content=\"AASSDN\" \/>\n\t<meta name=\"twitter:label2\" content=\"Dur\u00e9e de lecture estim\u00e9e\" \/>\n\t<meta name=\"twitter:data2\" content=\"1 minute\" \/>\n<script type=\"application\/ld+json\" class=\"yoast-schema-graph\">{\"@context\":\"https:\\\/\\\/schema.org\",\"@graph\":[{\"@type\":\"Article\",\"@id\":\"https:\\\/\\\/aassdn.org\\\/amicale\\\/intelligence-economique-alain-juillet-et-la-nouvelle-generation\\\/#article\",\"isPartOf\":{\"@id\":\"https:\\\/\\\/aassdn.org\\\/amicale\\\/intelligence-economique-alain-juillet-et-la-nouvelle-generation\\\/\"},\"author\":{\"name\":\"AASSDN\",\"@id\":\"https:\\\/\\\/aassdn.org\\\/amicale\\\/#\\\/schema\\\/person\\\/73800712a272e6d58a10a86ea9e59671\"},\"headline\":\"Intelligence \u00e9conomique: Alain Juillet et la nouvelle g\u00e9n\u00e9ration\",\"datePublished\":\"2024-04-29T08:22:28+00:00\",\"dateModified\":\"2024-04-29T09:02:09+00:00\",\"mainEntityOfPage\":{\"@id\":\"https:\\\/\\\/aassdn.org\\\/amicale\\\/intelligence-economique-alain-juillet-et-la-nouvelle-generation\\\/\"},\"wordCount\":123,\"publisher\":{\"@id\":\"https:\\\/\\\/aassdn.org\\\/amicale\\\/#organization\"},\"image\":{\"@id\":\"https:\\\/\\\/aassdn.org\\\/amicale\\\/intelligence-economique-alain-juillet-et-la-nouvelle-generation\\\/#primaryimage\"},\"thumbnailUrl\":\"https:\\\/\\\/aassdn.org\\\/amicale\\\/wp-content\\\/uploads\\\/image-38.png\",\"keywords\":[\"Alain Juillet\",\"Comp\u00e9titivit\u00e9\",\"\u00e9ducation\",\"espion\",\"Espionnage\",\"\u00e9volution\",\"France\",\"hypersonique\",\"institutions publiques\",\"intelligence artifici\",\"intelligence artificielle\",\"intelligence \u00e9conomique\",\"Loi Europ\u00e9enne\",\"Microsoft\",\"mission\",\"nouvelle g\u00e9n\u00e9ration\",\"SS\",\"th\u00e9matiques\",\"TR\",\"transmission du savoir\"],\"articleSection\":[\"Actualit\u00e9s\",\"Alain Juillet\",\"Intelligence \u00e9conomique\",\"Videos en ligne\"],\"inLanguage\":\"fr-FR\"},{\"@type\":\"WebPage\",\"@id\":\"https:\\\/\\\/aassdn.org\\\/amicale\\\/intelligence-economique-alain-juillet-et-la-nouvelle-generation\\\/\",\"url\":\"https:\\\/\\\/aassdn.org\\\/amicale\\\/intelligence-economique-alain-juillet-et-la-nouvelle-generation\\\/\",\"name\":\"Intelligence \u00e9conomique: Alain Juillet et la nouvelle g\u00e9n\u00e9ration | AASSDN | Anciens et Amis des Services Sp\u00e9ciaux\",\"isPartOf\":{\"@id\":\"https:\\\/\\\/aassdn.org\\\/amicale\\\/#website\"},\"primaryImageOfPage\":{\"@id\":\"https:\\\/\\\/aassdn.org\\\/amicale\\\/intelligence-economique-alain-juillet-et-la-nouvelle-generation\\\/#primaryimage\"},\"image\":{\"@id\":\"https:\\\/\\\/aassdn.org\\\/amicale\\\/intelligence-economique-alain-juillet-et-la-nouvelle-generation\\\/#primaryimage\"},\"thumbnailUrl\":\"https:\\\/\\\/aassdn.org\\\/amicale\\\/wp-content\\\/uploads\\\/image-38.png\",\"datePublished\":\"2024-04-29T08:22:28+00:00\",\"dateModified\":\"2024-04-29T09:02:09+00:00\",\"breadcrumb\":{\"@id\":\"https:\\\/\\\/aassdn.org\\\/amicale\\\/intelligence-economique-alain-juillet-et-la-nouvelle-generation\\\/#breadcrumb\"},\"inLanguage\":\"fr-FR\",\"potentialAction\":[{\"@type\":\"ReadAction\",\"target\":[\"https:\\\/\\\/aassdn.org\\\/amicale\\\/intelligence-economique-alain-juillet-et-la-nouvelle-generation\\\/\"]}]},{\"@type\":\"ImageObject\",\"inLanguage\":\"fr-FR\",\"@id\":\"https:\\\/\\\/aassdn.org\\\/amicale\\\/intelligence-economique-alain-juillet-et-la-nouvelle-generation\\\/#primaryimage\",\"url\":\"https:\\\/\\\/aassdn.org\\\/amicale\\\/wp-content\\\/uploads\\\/image-38.png\",\"contentUrl\":\"https:\\\/\\\/aassdn.org\\\/amicale\\\/wp-content\\\/uploads\\\/image-38.png\",\"width\":1897,\"height\":1023},{\"@type\":\"BreadcrumbList\",\"@id\":\"https:\\\/\\\/aassdn.org\\\/amicale\\\/intelligence-economique-alain-juillet-et-la-nouvelle-generation\\\/#breadcrumb\",\"itemListElement\":[{\"@type\":\"ListItem\",\"position\":1,\"name\":\"Accueil\",\"item\":\"https:\\\/\\\/aassdn.org\\\/amicale\\\/\"},{\"@type\":\"ListItem\",\"position\":2,\"name\":\"Intelligence \u00e9conomique: Alain Juillet et la nouvelle g\u00e9n\u00e9ration\"}]},{\"@type\":\"WebSite\",\"@id\":\"https:\\\/\\\/aassdn.org\\\/amicale\\\/#website\",\"url\":\"https:\\\/\\\/aassdn.org\\\/amicale\\\/\",\"name\":\"AASSDN | Anciens et Amis des Services Sp\u00e9ciaux\",\"description\":\"Services sp\u00e9ciaux : Des h\u00e9ros anonymes au service exclusif de la France\",\"publisher\":{\"@id\":\"https:\\\/\\\/aassdn.org\\\/amicale\\\/#organization\"},\"potentialAction\":[{\"@type\":\"SearchAction\",\"target\":{\"@type\":\"EntryPoint\",\"urlTemplate\":\"https:\\\/\\\/aassdn.org\\\/amicale\\\/?s={search_term_string}\"},\"query-input\":{\"@type\":\"PropertyValueSpecification\",\"valueRequired\":true,\"valueName\":\"search_term_string\"}}],\"inLanguage\":\"fr-FR\"},{\"@type\":\"Organization\",\"@id\":\"https:\\\/\\\/aassdn.org\\\/amicale\\\/#organization\",\"name\":\"AASSDN | Anciens et Amis des Services Sp\u00e9ciaux\",\"url\":\"https:\\\/\\\/aassdn.org\\\/amicale\\\/\",\"logo\":{\"@type\":\"ImageObject\",\"inLanguage\":\"fr-FR\",\"@id\":\"https:\\\/\\\/aassdn.org\\\/amicale\\\/#\\\/schema\\\/logo\\\/image\\\/\",\"url\":\"https:\\\/\\\/aassdn.org\\\/amicale\\\/wp-content\\\/uploads\\\/Logo_AASSDN_transparent2.png\",\"contentUrl\":\"https:\\\/\\\/aassdn.org\\\/amicale\\\/wp-content\\\/uploads\\\/Logo_AASSDN_transparent2.png\",\"width\":1832,\"height\":1609,\"caption\":\"AASSDN | Anciens et Amis des Services Sp\u00e9ciaux\"},\"image\":{\"@id\":\"https:\\\/\\\/aassdn.org\\\/amicale\\\/#\\\/schema\\\/logo\\\/image\\\/\"}},{\"@type\":\"Person\",\"@id\":\"https:\\\/\\\/aassdn.org\\\/amicale\\\/#\\\/schema\\\/person\\\/73800712a272e6d58a10a86ea9e59671\",\"name\":\"AASSDN\",\"image\":{\"@type\":\"ImageObject\",\"inLanguage\":\"fr-FR\",\"@id\":\"https:\\\/\\\/secure.gravatar.com\\\/avatar\\\/9653808d17788562e72d77e426d8d02775774239aefd00a9b4e852423d8e9d7e?s=96&d=mm&r=g\",\"url\":\"https:\\\/\\\/secure.gravatar.com\\\/avatar\\\/9653808d17788562e72d77e426d8d02775774239aefd00a9b4e852423d8e9d7e?s=96&d=mm&r=g\",\"contentUrl\":\"https:\\\/\\\/secure.gravatar.com\\\/avatar\\\/9653808d17788562e72d77e426d8d02775774239aefd00a9b4e852423d8e9d7e?s=96&d=mm&r=g\",\"caption\":\"AASSDN\"},\"sameAs\":[\"https:\\\/\\\/aassdn.org\\\/amicale\"],\"url\":\"https:\\\/\\\/aassdn.org\\\/amicale\\\/author\\\/wordpress\\\/\"}]}<\/script>\n<!-- \/ Yoast SEO plugin. -->","yoast_head_json":{"title":"Intelligence \u00e9conomique: Alain Juillet et la nouvelle g\u00e9n\u00e9ration | AASSDN | Anciens et Amis des Services Sp\u00e9ciaux","robots":{"index":"index","follow":"follow","max-snippet":"max-snippet:-1","max-image-preview":"max-image-preview:large","max-video-preview":"max-video-preview:-1"},"canonical":"https:\/\/aassdn.org\/amicale\/intelligence-economique-alain-juillet-et-la-nouvelle-generation\/","og_locale":"fr_FR","og_type":"article","og_title":"Intelligence \u00e9conomique: Alain Juillet et la nouvelle g\u00e9n\u00e9ration | AASSDN | Anciens et Amis des Services Sp\u00e9ciaux","og_description":"Alain Juillet r\u00e9pond aux questions d\u2019\u00e9tudiantes pour aborder un certain nombre de th\u00e9matiques autour de l\u2019intelligence \u00e9conomique et de son \u00e9volution. Cette \u00e9mission s\u2019inscrit sous le signe de la transmission du savoir aupr\u00e8s de la nouvelle g\u00e9n\u00e9ration. Th\u00e8mes abord\u00e9s dans cette vid\u00e9o :","og_url":"https:\/\/aassdn.org\/amicale\/intelligence-economique-alain-juillet-et-la-nouvelle-generation\/","og_site_name":"AASSDN | Anciens et Amis des Services Sp\u00e9ciaux","article_published_time":"2024-04-29T08:22:28+00:00","article_modified_time":"2024-04-29T09:02:09+00:00","og_image":[{"width":1897,"height":1023,"url":"https:\/\/aassdn.org\/amicale\/wp-content\/uploads\/image-38.png","type":"image\/png"}],"author":"AASSDN","twitter_card":"summary_large_image","twitter_misc":{"\u00c9crit par":"AASSDN","Dur\u00e9e de lecture estim\u00e9e":"1 minute"},"schema":{"@context":"https:\/\/schema.org","@graph":[{"@type":"Article","@id":"https:\/\/aassdn.org\/amicale\/intelligence-economique-alain-juillet-et-la-nouvelle-generation\/#article","isPartOf":{"@id":"https:\/\/aassdn.org\/amicale\/intelligence-economique-alain-juillet-et-la-nouvelle-generation\/"},"author":{"name":"AASSDN","@id":"https:\/\/aassdn.org\/amicale\/#\/schema\/person\/73800712a272e6d58a10a86ea9e59671"},"headline":"Intelligence \u00e9conomique: Alain Juillet et la nouvelle g\u00e9n\u00e9ration","datePublished":"2024-04-29T08:22:28+00:00","dateModified":"2024-04-29T09:02:09+00:00","mainEntityOfPage":{"@id":"https:\/\/aassdn.org\/amicale\/intelligence-economique-alain-juillet-et-la-nouvelle-generation\/"},"wordCount":123,"publisher":{"@id":"https:\/\/aassdn.org\/amicale\/#organization"},"image":{"@id":"https:\/\/aassdn.org\/amicale\/intelligence-economique-alain-juillet-et-la-nouvelle-generation\/#primaryimage"},"thumbnailUrl":"https:\/\/aassdn.org\/amicale\/wp-content\/uploads\/image-38.png","keywords":["Alain Juillet","Comp\u00e9titivit\u00e9","\u00e9ducation","espion","Espionnage","\u00e9volution","France","hypersonique","institutions publiques","intelligence artifici","intelligence artificielle","intelligence \u00e9conomique","Loi Europ\u00e9enne","Microsoft","mission","nouvelle g\u00e9n\u00e9ration","SS","th\u00e9matiques","TR","transmission du savoir"],"articleSection":["Actualit\u00e9s","Alain Juillet","Intelligence \u00e9conomique","Videos en ligne"],"inLanguage":"fr-FR"},{"@type":"WebPage","@id":"https:\/\/aassdn.org\/amicale\/intelligence-economique-alain-juillet-et-la-nouvelle-generation\/","url":"https:\/\/aassdn.org\/amicale\/intelligence-economique-alain-juillet-et-la-nouvelle-generation\/","name":"Intelligence \u00e9conomique: Alain Juillet et la nouvelle g\u00e9n\u00e9ration | AASSDN | Anciens et Amis des Services Sp\u00e9ciaux","isPartOf":{"@id":"https:\/\/aassdn.org\/amicale\/#website"},"primaryImageOfPage":{"@id":"https:\/\/aassdn.org\/amicale\/intelligence-economique-alain-juillet-et-la-nouvelle-generation\/#primaryimage"},"image":{"@id":"https:\/\/aassdn.org\/amicale\/intelligence-economique-alain-juillet-et-la-nouvelle-generation\/#primaryimage"},"thumbnailUrl":"https:\/\/aassdn.org\/amicale\/wp-content\/uploads\/image-38.png","datePublished":"2024-04-29T08:22:28+00:00","dateModified":"2024-04-29T09:02:09+00:00","breadcrumb":{"@id":"https:\/\/aassdn.org\/amicale\/intelligence-economique-alain-juillet-et-la-nouvelle-generation\/#breadcrumb"},"inLanguage":"fr-FR","potentialAction":[{"@type":"ReadAction","target":["https:\/\/aassdn.org\/amicale\/intelligence-economique-alain-juillet-et-la-nouvelle-generation\/"]}]},{"@type":"ImageObject","inLanguage":"fr-FR","@id":"https:\/\/aassdn.org\/amicale\/intelligence-economique-alain-juillet-et-la-nouvelle-generation\/#primaryimage","url":"https:\/\/aassdn.org\/amicale\/wp-content\/uploads\/image-38.png","contentUrl":"https:\/\/aassdn.org\/amicale\/wp-content\/uploads\/image-38.png","width":1897,"height":1023},{"@type":"BreadcrumbList","@id":"https:\/\/aassdn.org\/amicale\/intelligence-economique-alain-juillet-et-la-nouvelle-generation\/#breadcrumb","itemListElement":[{"@type":"ListItem","position":1,"name":"Accueil","item":"https:\/\/aassdn.org\/amicale\/"},{"@type":"ListItem","position":2,"name":"Intelligence \u00e9conomique: Alain Juillet et la nouvelle g\u00e9n\u00e9ration"}]},{"@type":"WebSite","@id":"https:\/\/aassdn.org\/amicale\/#website","url":"https:\/\/aassdn.org\/amicale\/","name":"AASSDN | Anciens et Amis des Services Sp\u00e9ciaux","description":"Services sp\u00e9ciaux : Des h\u00e9ros anonymes au service exclusif de la France","publisher":{"@id":"https:\/\/aassdn.org\/amicale\/#organization"},"potentialAction":[{"@type":"SearchAction","target":{"@type":"EntryPoint","urlTemplate":"https:\/\/aassdn.org\/amicale\/?s={search_term_string}"},"query-input":{"@type":"PropertyValueSpecification","valueRequired":true,"valueName":"search_term_string"}}],"inLanguage":"fr-FR"},{"@type":"Organization","@id":"https:\/\/aassdn.org\/amicale\/#organization","name":"AASSDN | Anciens et Amis des Services Sp\u00e9ciaux","url":"https:\/\/aassdn.org\/amicale\/","logo":{"@type":"ImageObject","inLanguage":"fr-FR","@id":"https:\/\/aassdn.org\/amicale\/#\/schema\/logo\/image\/","url":"https:\/\/aassdn.org\/amicale\/wp-content\/uploads\/Logo_AASSDN_transparent2.png","contentUrl":"https:\/\/aassdn.org\/amicale\/wp-content\/uploads\/Logo_AASSDN_transparent2.png","width":1832,"height":1609,"caption":"AASSDN | Anciens et Amis des Services Sp\u00e9ciaux"},"image":{"@id":"https:\/\/aassdn.org\/amicale\/#\/schema\/logo\/image\/"}},{"@type":"Person","@id":"https:\/\/aassdn.org\/amicale\/#\/schema\/person\/73800712a272e6d58a10a86ea9e59671","name":"AASSDN","image":{"@type":"ImageObject","inLanguage":"fr-FR","@id":"https:\/\/secure.gravatar.com\/avatar\/9653808d17788562e72d77e426d8d02775774239aefd00a9b4e852423d8e9d7e?s=96&d=mm&r=g","url":"https:\/\/secure.gravatar.com\/avatar\/9653808d17788562e72d77e426d8d02775774239aefd00a9b4e852423d8e9d7e?s=96&d=mm&r=g","contentUrl":"https:\/\/secure.gravatar.com\/avatar\/9653808d17788562e72d77e426d8d02775774239aefd00a9b4e852423d8e9d7e?s=96&d=mm&r=g","caption":"AASSDN"},"sameAs":["https:\/\/aassdn.org\/amicale"],"url":"https:\/\/aassdn.org\/amicale\/author\/wordpress\/"}]}},"_links":{"self":[{"href":"https:\/\/aassdn.org\/amicale\/wp-json\/wp\/v2\/posts\/12121","targetHints":{"allow":["GET"]}}],"collection":[{"href":"https:\/\/aassdn.org\/amicale\/wp-json\/wp\/v2\/posts"}],"about":[{"href":"https:\/\/aassdn.org\/amicale\/wp-json\/wp\/v2\/types\/post"}],"author":[{"embeddable":true,"href":"https:\/\/aassdn.org\/amicale\/wp-json\/wp\/v2\/users\/1"}],"replies":[{"embeddable":true,"href":"https:\/\/aassdn.org\/amicale\/wp-json\/wp\/v2\/comments?post=12121"}],"version-history":[{"count":0,"href":"https:\/\/aassdn.org\/amicale\/wp-json\/wp\/v2\/posts\/12121\/revisions"}],"wp:featuredmedia":[{"embeddable":true,"href":"https:\/\/aassdn.org\/amicale\/wp-json\/wp\/v2\/media\/12129"}],"wp:attachment":[{"href":"https:\/\/aassdn.org\/amicale\/wp-json\/wp\/v2\/media?parent=12121"}],"wp:term":[{"taxonomy":"category","embeddable":true,"href":"https:\/\/aassdn.org\/amicale\/wp-json\/wp\/v2\/categories?post=12121"},{"taxonomy":"post_tag","embeddable":true,"href":"https:\/\/aassdn.org\/amicale\/wp-json\/wp\/v2\/tags?post=12121"}],"curies":[{"name":"wp","href":"https:\/\/api.w.org\/{rel}","templated":true}]}}