{"id":11603,"date":"2024-04-19T16:45:42","date_gmt":"2024-04-19T14:45:42","guid":{"rendered":"https:\/\/aassdn.org\/amicale\/?p=11603"},"modified":"2024-09-12T12:14:12","modified_gmt":"2024-09-12T10:14:12","slug":"rwanda-desinformer-les-francais-culpabiliser-la-france","status":"publish","type":"post","link":"https:\/\/aassdn.org\/amicale\/rwanda-desinformer-les-francais-culpabiliser-la-france\/","title":{"rendered":"Rwanda: d\u00e9sinformer les Fran\u00e7ais, culpabiliser la France"},"content":{"rendered":"\n<p><strong>Suite aux propos du Pr\u00e9sident de la R\u00e9publique fran\u00e7aise : Emmanuel Macron indiquant que \u00ab <em>La France aurait pu arr\u00eater le g\u00e9nocide avec ses alli\u00e9s occidentaux et africains mais n\u2019en a pas eu la volont\u00e9<\/em> \u00bb, le G\u00e9n\u00e9ral Jean Claude Lafourcade,&nbsp;commandant l&#8217;op\u00e9ration&nbsp;<em>Turquoise<\/em>&nbsp;au Rwanda t\u00e9moigner que la France a eu la volont\u00e9 de r\u00e9tablir la paix et d\u2019arr\u00eater le g\u00e9nocide au Rwanda. De son c\u00f4t\u00e9 Bernard Lugan, l&#8217;un des meilleurs africanistes fran\u00e7ais&nbsp;rappelle le d\u00e9roulement exact des \u00e9v\u00e9nements.<\/strong><\/p>\n\n\n\n<p class=\"has-background\" style=\"background-color:#eeeeee\"><strong>Commentaire AASSDN<\/strong> :  Dans les deux articles ci-dessous, le g\u00e9n\u00e9ral Jean Claude Lafourcade, commandant l&#8217;op\u00e9ration Turquoise au Rwanda et Bernard Lugan, l&#8217;un des meilleurs africanistes fran\u00e7ais grand connaisseur du Rwanda, rappellent avec pr\u00e9cision l&#8217;ensemble des \u00e9v\u00e8nements et les d\u00e9cisions prises par la France, l&#8217;ONU et les &#8220;alli\u00e9s&#8221; anglo-saxons dans les semaines qui pr\u00e9c\u00e9d\u00e8rent le g\u00e9nocide. <br><br>Les faits tels qu&#8217;ils se sont d\u00e9roul\u00e9s, font appara\u00eetre tr\u00e8s clairement que notre pays a \u00e9t\u00e9 le seul \u00e0 tenter de s&#8217;opposer aux massacres, mais comme le rappelle le g\u00e9n\u00e9ral Lecointre dans son livre c&#8217;\u00e9tait difficile. Ils r\u00e9v\u00e8lent aussi une \u00e9tonnante convergence entre les anglo saxons , le g\u00e9n\u00e9ral canadien Allaire alors commandant desfroces de l&#8217;ONu et paul Kagam\u00e9 , chef du FPR. Depuis 30 ans, ce dernier devenu pr\u00e9sident du Rwanda tient son pays d&#8217;une main de fer et pille le Kivu province orientale de R\u00e9publique d\u00e9mocratique du Congo et particuli\u00e8rement riche en minerais strat\u00e9giques, au plus grand profit de ses alli\u00e9s anglo-saxons. Une fois de plus, une analyse incompl\u00e8te des faits, le rapport Duclert n&#8217;a utilis\u00e9 que les archives fran\u00e7aises, et une compr\u00e9hension superficielle de l&#8217;enchainement des \u00e9v\u00e8nements conduit les dirigeants fran\u00e7ais actuels \u00e0 culpabiliser la France alors qu&#8217;elle a \u00e9t\u00e9 la seule puissance \u00e0 avoir engag\u00e9 ses soldats pour tenter de limiter les massacres. Ce narratif erron\u00e9 sur le Rwanda, repris par les plus hautes autorit\u00e9s de l&#8217;Etat contribue \u00e0 d\u00e9cr\u00e9dibiliser donc la France et son arm\u00e9e ainsi qu&#8217; \u00e0 affaiblir son influence dans le monde. Ces \u00e9v\u00e8nements et leur interpr\u00e9tation erron\u00e9e rappellent que le terme d'&#8221;alli\u00e9s&#8221; n&#8217;est en aucun cas synonyme d&#8217;amis mais bien de pays avec lesquels la France est en comp\u00e9tition. L&#8217;affaire des sous-marins avec l&#8217;Australie en a \u00e9t\u00e9 un \u00e9pisode particuli\u00e8rement significatif. En refusant le montage d&#8217;un r\u00e9cit m\u00e9diatique mensonger qui met en cause la France, l&#8217;AASSDN d\u00e9nonce et s&#8217;oppose aux op\u00e9rations de d\u00e9sinformation pour \u0153uvrer \u00e0 la d\u00e9fense les int\u00e9r\u00eats fondamentaux de la Nation.<\/p>\n\n\n\n<p> <\/p>\n\n\n\n<h3 class=\"wp-block-heading\">Mise au point du G\u00e9n\u00e9ral Jean Claude Lafourcade suite \u00e0 la d\u00e9claration du Pr\u00e9sident Macron du 4 avril 2024<\/h3>\n\n\n\n<p>\u00ab <em>La France aurait pu arr\u00eater le g\u00e9nocide avec ses alli\u00e9s occidentaux et africains mais n\u2019en a pas eu la volont\u00e9<\/em> \u00bb (Pr\u00e9sident de la R\u00e9publique fran\u00e7aise : Emmanuel Macron)<\/p>\n\n\n\n<p>En tant qu\u2019ancien commandant de l\u2019op\u00e9ration Turquoise je peux t\u00e9moigner que la France a eu la volont\u00e9 de r\u00e9tablir la paix et d\u2019arr\u00eater le g\u00e9nocide au Rwanda.<\/p>\n\n\n\n<p>D\u00e8s le d\u00e9but de l\u2019agression du Rwanda par le front patriotique rwandais (FPR) tutsi, le pr\u00e9sident Mitterrand a eu la volont\u00e9 constante de r\u00e9tablir la paix et de mettre fin au conflit en imposant des n\u00e9gociations au pr\u00e9sident Hutu Habyarimana. Les accords d\u2019Arusha en 1993 ont permis d\u2019arr\u00eater les combats et d\u2019instituer un partage du pouvoir avec l\u2019installation d\u2019un bataillon du FPR \u00e0 Kigali.<\/p>\n\n\n\n<p>Une force de l\u2019Onu de 2 500 hommes, la Mission des Nations unies pour l&#8217;assistance au Rwanda (Minuar), a \u00e9t\u00e9 mise en place pour contr\u00f4ler ces accords. Tous les soldats fran\u00e7ais ont alors quitt\u00e9 le Rwanda.<\/p>\n\n\n\n<p>L\u2019attentat sur l\u2019avion du Pr\u00e9sident rwandais le 6 avril 1994 a \u00e9t\u00e9 l\u2019\u00e9v\u00e9nement d\u00e9clencheur des massacres et du g\u00e9nocide. L\u2019ONU, sous la pression des occidentaux et du FPR, a alors inexplicablement retir\u00e9 l\u2019essentiel des troupes de la Minuar alors qu\u2019elle aurait pu arr\u00eater les massacres. Comment ne pas penser que les Am\u00e9ricains et les Britanniques voulaient laisser le champ libre \u00e0 Kagame dans sa conqu\u00eate du pouvoir. En effet ces occidentaux, lorsque les massacres ont pris de l\u2019ampleur, ont refus\u00e9 d\u2019intervenir. C\u2019est la France la premi\u00e8re qui, d\u00e8s le mois de mai, reconnait un g\u00e9nocide et d\u00e9cide d\u2019une intervention avec la Force Turquoise sous mandat de l\u2019ONU malgr\u00e9 l\u2019opposition du FPR et de la Minuar. Aucun de ses \u00ab alli\u00e9s occidentaux \u00bb ne s\u2019est joint \u00e0 elle.<\/p>\n\n\n\n<p>L\u2019op\u00e9ration Turquoise a \u00e9t\u00e9 la manifestation de la volont\u00e9 de la France d\u2019arr\u00eater le g\u00e9nocide et le nier n\u2019est pas acceptable pour les soldats qui ont rempli cette mission difficile avec courage et honneur. Mais les blocages des Am\u00e9ricains \u00e0 l\u2019Onu n\u2019ont permis l\u2019intervention Turquoise qu\u2019au mois de juin, laquelle, bien que tardive, a arr\u00eat\u00e9 le g\u00e9nocide et sauv\u00e9 plus de 15 000 vies rwandaises.<\/p>\n\n\n\n<p>Pourquoi refuse-t-on de s\u2019interroger sur l\u2019absence de volont\u00e9 des occidentaux d\u2019arr\u00eater le g\u00e9nocide ?<\/p>\n\n\n\n<p>G\u00e9n\u00e9ral (2S) Jean Claude LAFOURCADE Lille le 5 avril, 2024<\/p>\n\n\n\n<p><\/p>\n\n\n\n<hr class=\"wp-block-separator has-alpha-channel-opacity\"\/>\n\n\n\n<p><\/p>\n\n\n\n<h3 class=\"wp-block-heading\">Article de Bernard LUGAN : Qui sont les vrais responsables du g\u00e9nocide rwandais ?<\/h3>\n\n\n\n<p class=\"has-background\" style=\"background-color:#eeeeee\"><strong>Monsieur le pr\u00e9sident Macron, en avril 1994, c\u2019\u00e9tait aux 2 539 soldats de l\u2019ONU command\u00e9s par g\u00e9n\u00e9ral canadien Rom\u00e9o Dallaire de s\u2019opposer au g\u00e9nocide\u2026Non aux forces fran\u00e7aises qui avaient quitt\u00e9 le Rwanda depuis le mois d\u2019octobre 1993\u2026<\/strong><\/p>\n\n\n\n<p>La seule question qui se pose est en effet celle de la responsabilit\u00e9 de l\u2019ONU. Pourquoi le g\u00e9n\u00e9ral Rom\u00e9o Dallaire qui avait tous les moyens de le faire, ne fit-il rien de s\u00e9rieux pour emp\u00eacher le g\u00e9nocide&nbsp;?<\/p>\n\n\n\n<p>Devant le Tribunal p\u00e9nal international pour le Rwanda (TPIR), loin du h\u00e9ros m\u00e9diatique, \u00ab&nbsp;capitaine courageux&nbsp;\u00bb&nbsp;face \u00e0 l\u2019indicible g\u00e9nocidaire, c\u2019est tout au contraire le portrait d\u2019un homme d\u00e9sempar\u00e9 qui est ressorti des longues audiences. Ses fautes de commandement, ses atermoiements, ses h\u00e9sitations, son absence de d\u00e9cision sur le terrain ainsi que ses initiatives politiques aberrantes, et parfois m\u00eame incoh\u00e9rentes, prises en violation de la cha\u00eene de commandement de l\u2019ONU, font que nous sommes d\u00e9sormais devant l\u2019alternative suivante&nbsp;:<br>&#8211; Soit le g\u00e9n\u00e9ral Dallaire commandant des <em>Forces de la Mission d\u2019assistance des Nations Unies au Rwanda<\/em> fut d\u00e9pass\u00e9 par les \u00e9v\u00e8nements.<br>&#8211; Soit, comme l\u2019a \u00e9crit son sup\u00e9rieur, M. Booh-Booh[1][1], il avait re\u00e7u pour ordre de faire gagner le g\u00e9n\u00e9ral Kagam\u00e9 et le FPR[1][2].<br>&nbsp;<br>En application des accords de paix d\u2019Arusha, l\u2019ONU devait en effet garantir la Transition d\u00e9mocratique. La <em>R\u00e9solution 872<\/em> (1993) du Conseil de S\u00e9curit\u00e9 du 5 octobre 1993 porta ainsi cr\u00e9ation de la <em>Mission des Nations Unies pour l\u2019assistance au Rwanda <\/em>(MINUAR).<br>Le chef de cette mission \u00e9tait M. Jacques Roger Booh-Booh, nomm\u00e9 <em>Repr\u00e9sentant sp\u00e9cial du Secr\u00e9taire g\u00e9n\u00e9ral de l\u2019ONU au Rwanda<\/em>. Il avait sous ses ordres le g\u00e9n\u00e9ral canadien Rom\u00e9o Dallaire qui \u00e9tait le chef militaire de la mission. Or, ce dernier \u00e9tait un officier qui n\u2019avait aucune exp\u00e9rience du commandement op\u00e9rationnel. De plus, il ne connaissait rien de l\u2019Afrique.<br>&nbsp;<br>Apr\u00e8s l\u2019attentat du 6 avril 1994, le g\u00e9n\u00e9ral Dallaire ne fit rien pour s\u2019opposer \u00e0 la reprise des hostilit\u00e9s par les forces du g\u00e9n\u00e9ral Kagame.<br>Alors qu\u2019il se devait de s\u00e9curiser au moyen de ses 2 539 hommes et de ses blind\u00e9s, l\u2019axe menant du centre-ville de Kigali \u00e0 l\u2019a\u00e9roport, au lieu de montrer sa force, il la replia tout au contraire d\u00e8s la nuit du 6 au 7 avril, en commen\u00e7ant par abandonner cet axe vital pourtant sous sa garde et que le FPR coupa\u2026<br>Plus largement, d\u00e8s la reprise des hostilit\u00e9s, le g\u00e9n\u00e9ral Dallaire aurait d\u00fb imposer un couvre-feu et d\u00e9clarer qu\u2019il ferait tirer sur quiconque le violerait. Le g\u00e9n\u00e9ral Kagam\u00e9 aurait alors h\u00e9sit\u00e9 \u00e0 lancer son offensive. Avec la compagnie para-commando belge, il disposait d\u2019une excellente unit\u00e9 qui pouvait sans probl\u00e8mes majeurs remplir une telle mission. Il lui aurait \u00e9galement fallu, avec ses blind\u00e9s, occuper en ville les points strat\u00e9giques dont la tenue aurait frein\u00e9 l\u2019extension des massacres et des d\u00e9bordements, ce qu\u2019il n\u2019a pas davantage fait.<br>&nbsp;<br>Le 7 avril, quand le FPR eut unilat\u00e9ralement rouvert les hostilit\u00e9s, le g\u00e9n\u00e9ral Dallaire ne condamna pas cette violation gravissime des accords d\u2019Arusha. Encore plus insolite, au lieu d\u2019agir sur la partie qui avait d\u00e9clench\u00e9 la reprise de la guerre, il somma au contraire les forces gouvernementales de rester dans le cadre des <em>Accords d\u2019Arusha<\/em>, leur interdisant de fait de simplement se d\u00e9fendre.<br>&nbsp;<br>Les manquements du g\u00e9n\u00e9ral Dallaire qui pr\u00e9sida au plus grand \u00e9chec militaire de l\u2019ONU depuis sa cr\u00e9ation sont \u00e0 ce point nombreux qu\u2019il est licite de demander si une telle incomp\u00e9tence est concevable chez un officier g\u00e9n\u00e9ral,&nbsp;ou si l\u2019explication de tels errements ne se trouve pas dans l\u2019hypoth\u00e8se de M. Booh-Booh, \u00e0 savoir la \u00ab&nbsp;connivence&nbsp;\u00bb avec le g\u00e9n\u00e9ral Kagam\u00e9.<br>&nbsp;<br>Ce g\u00e9n\u00e9ral canadien aurait-il donc \u00e9t\u00e9 nomm\u00e9 \u00e0 la t\u00eate de la MINUAR afin de permettre la r\u00e9alisation du plan am\u00e9ricain visant \u00e0 \u00e9vincer la France du Rwanda puis du Za\u00efre, et pouvoir faire main basse sur les richesses du Kivu&nbsp;?<br>&nbsp;<br>Page 123 de son livre qui a pour sous-titre \u00e9loquent <em>R\u00e9v\u00e9lations sur les d\u00e9rives d\u2019un g\u00e9n\u00e9ral de l\u2019ONU au Rwanda<\/em>, J.R. Booh-Booh qui \u00e9tait donc le sup\u00e9rieur hi\u00e9rarchique de Rom\u00e9o Dallaire \u00e9crit ainsi sans d\u00e9tours que :<br>&nbsp;<br><em>\u00ab&nbsp;Dallaire n\u2019\u00e9tait pas neutre&nbsp;: il \u00e9tait plut\u00f4t de connivence avec le FPR. Voil\u00e0 la cl\u00e9 qui permet de comprendre cette situation&nbsp;\u00bb.<br><\/em>&nbsp;<br>Tant que Fran\u00e7ois Mitterrand eut la capacit\u00e9 de gouverner, ce plan anglo-saxon fut mis en \u00e9chec. Mais, apr\u00e8s les \u00e9lections l\u00e9gislatives de 1993, et la \u00ab&nbsp;cohabitation&nbsp;\u00bb qui s\u2019en suivit, le suivisme atlantiste des dirigeants fran\u00e7ais fit que tout fut boulevers\u00e9.<br>Ces \u00e9v\u00e8nements provoqu\u00e8rent m\u00eame une totale redistribution des cartes en Afrique centrale au profit du Rwanda, principal alli\u00e9 de Washington qui re\u00e7ut un blanc-seing pour mettre l\u2019est de la RDC (l\u2019ex-Za\u00efre), \u00e0 savoir le Kivu, en coupe r\u00e9gl\u00e9e.<br>&nbsp;<br>Monsieur le pr\u00e9sident Macron \u00e9tiez-vous inform\u00e9 de cela, avant de faire porter la responsabilit\u00e9 des \u00e9v\u00e8nements sur votre propre pays et sur son arm\u00e9e\u2026&nbsp;?<br><br><em>Bernard LUGAN<br>Afrique r\u00e9elle<br><\/em><a href=\"https:\/\/bernardlugan.blogspot.com\/\">https:\/\/bernardlugan.blogspot.com\/<\/a><\/p>\n\n\n\n<p>&nbsp;[1] Booh-Booh, P-R., (2005) <em>Le patron de Dallaire parle. R\u00e9v\u00e9lations sur les d\u00e9rives d\u2019un g\u00e9n\u00e9ral de l\u2019ONU au Rwanda. <\/em>Paris.<br>[2] Pour tous les d\u00e9tails concernant l\u2019attitude et les responsabilit\u00e9s du g\u00e9n\u00e9ral Dallaire, on se reportera au chapitre VIII du livre \u00ab&nbsp;<a href=\"https:\/\/bernardlugan.blogspot.com\/2014\/02\/mardi-25-fevrier-2014-retrouvez-bernard.html\">Rwanda, un g\u00e9nocide en questions<\/a>&nbsp;\u00bb<\/p>\n<div class=\"pdfprnt-buttons pdfprnt-buttons-post pdfprnt-bottom-right\"><a href=\"https:\/\/aassdn.org\/amicale\/wp-json\/wp\/v2\/posts\/11603?print=pdf\" class=\"pdfprnt-button pdfprnt-button-pdf\" target=\"_blank\" ><img decoding=\"async\" data-src=\"https:\/\/aassdn.org\/amicale\/wp-content\/plugins\/pdf-print\/images\/pdf.png\" alt=\"image_pdf\" title=\"Afficher le PDF\" src=\"data:image\/svg+xml;base64,PHN2ZyB3aWR0aD0iMSIgaGVpZ2h0PSIxIiB4bWxucz0iaHR0cDovL3d3dy53My5vcmcvMjAwMC9zdmciPjwvc3ZnPg==\" class=\"lazyload\" style=\"--smush-placeholder-width: 32px; --smush-placeholder-aspect-ratio: 32\/32;\" \/><\/a><a href=\"https:\/\/aassdn.org\/amicale\/wp-json\/wp\/v2\/posts\/11603?print=print\" class=\"pdfprnt-button pdfprnt-button-print\" target=\"_blank\" ><\/a><\/div>","protected":false},"excerpt":{"rendered":"<p>Suite aux propos du Pr\u00e9sident de la R\u00e9publique fran\u00e7aise : Emmanuel Macron indiquant que \u00ab La France aurait pu arr\u00eater le g\u00e9nocide avec ses alli\u00e9s occidentaux et africains mais n\u2019en a pas eu la volont\u00e9 \u00bb, le G\u00e9n\u00e9ral Jean Claude Lafourcade,&nbsp;commandant l&#8217;op\u00e9ration&nbsp;Turquoise&nbsp;au Rwanda t\u00e9moigner que la France a eu la volont\u00e9 de r\u00e9tablir la paix [&hellip;]<\/p>\n","protected":false},"author":1,"featured_media":11671,"comment_status":"closed","ping_status":"closed","sticky":false,"template":"","format":"standard","meta":{"_acf_changed":false,"footnotes":""},"categories":[81,278,180,3211],"tags":[2251,1239,1802,362,2125,320,483,828,459,367,793,2126,2320,1887,1613,2254,797,2201,1126,352,1260,366,316,307,349,1678,2124,347,1700,1580,937,938,1205,1184,2128,2123,920,346,591,1218,1378,1231,2129,324,1194,792,1262,1627,736,1261,2127,559,908,734,1554,748,2130,1395,2211,962,2083,807,973,551,2122,743,1096,1444,1885,1353,1111,1421,1433,296,1380,460],"class_list":["post-11603","post","type-post","status-publish","format-standard","has-post-thumbnail","hentry","category-1992-2000","category-actualites","category-afrique","category-desinformation","tag-2251","tag-africa","tag-air","tag-allies","tag-allies-occidentaux","tag-americains","tag-archives","tag-armee","tag-attentat","tag-avion","tag-axe","tag-bernard-lugan","tag-blindes","tag-capacite","tag-capitaine","tag-combats","tag-commandant","tag-commandement","tag-commando","tag-conflit","tag-conseil-de-securite","tag-courage","tag-decision","tag-defense","tag-desinformation","tag-elections","tag-emmanuel-macron","tag-etats-unis","tag-ffi","tag-forces-francaises","tag-francais","tag-france","tag-francois-mitterrand","tag-general-de","tag-general-jean-claude-lafourcade","tag-genocide","tag-gouvernement","tag-guerre","tag-honneur","tag-information","tag-jacques","tag-massacre","tag-massacres","tag-militaire","tag-mise-au-point","tag-mission","tag-nations-unies","tag-offensive","tag-officier","tag-onu","tag-operation-turquoise","tag-operations","tag-opposition","tag-ordre","tag-paix","tag-paris","tag-paul-kagame","tag-portrait","tag-pouvoir","tag-president","tag-puissance","tag-rapport","tag-representant","tag-responsables","tag-rwanda","tag-secretaire","tag-secretaire-general","tag-soldat","tag-soldats","tag-somme","tag-sous-marin","tag-sous-marins","tag-ss","tag-strategique","tag-tr","tag-troupes"],"acf":[],"yoast_head":"<!-- This site is optimized with the Yoast SEO plugin v27.4 - https:\/\/yoast.com\/product\/yoast-seo-wordpress\/ -->\n<title>Rwanda: d\u00e9sinformer les Fran\u00e7ais, culpabiliser la France | AASSDN | Anciens et Amis des Services Sp\u00e9ciaux<\/title>\n<meta name=\"robots\" content=\"index, follow, max-snippet:-1, max-image-preview:large, max-video-preview:-1\" \/>\n<link rel=\"canonical\" href=\"https:\/\/aassdn.org\/amicale\/rwanda-desinformer-les-francais-culpabiliser-la-france\/\" \/>\n<meta property=\"og:locale\" content=\"fr_FR\" \/>\n<meta property=\"og:type\" content=\"article\" \/>\n<meta property=\"og:title\" content=\"Rwanda: d\u00e9sinformer les Fran\u00e7ais, culpabiliser la France | AASSDN | Anciens et Amis des Services Sp\u00e9ciaux\" \/>\n<meta property=\"og:description\" content=\"Suite aux propos du Pr\u00e9sident de la R\u00e9publique fran\u00e7aise : Emmanuel Macron indiquant que \u00ab La France aurait pu arr\u00eater le g\u00e9nocide avec ses alli\u00e9s occidentaux et africains mais n\u2019en a pas eu la volont\u00e9 \u00bb, le G\u00e9n\u00e9ral Jean Claude Lafourcade,&nbsp;commandant l&#8217;op\u00e9ration&nbsp;Turquoise&nbsp;au Rwanda t\u00e9moigner que la France a eu la volont\u00e9 de r\u00e9tablir la paix [&hellip;]\" \/>\n<meta property=\"og:url\" content=\"https:\/\/aassdn.org\/amicale\/rwanda-desinformer-les-francais-culpabiliser-la-france\/\" \/>\n<meta property=\"og:site_name\" content=\"AASSDN | Anciens et Amis des Services Sp\u00e9ciaux\" \/>\n<meta property=\"article:published_time\" content=\"2024-04-19T14:45:42+00:00\" \/>\n<meta property=\"article:modified_time\" content=\"2024-09-12T10:14:12+00:00\" \/>\n<meta property=\"og:image\" content=\"https:\/\/aassdn.org\/amicale\/wp-content\/uploads\/image-36.png\" \/>\n\t<meta property=\"og:image:width\" content=\"1267\" \/>\n\t<meta property=\"og:image:height\" content=\"890\" \/>\n\t<meta property=\"og:image:type\" content=\"image\/png\" \/>\n<meta name=\"author\" content=\"AASSDN\" \/>\n<meta name=\"twitter:card\" content=\"summary_large_image\" \/>\n<meta name=\"twitter:label1\" content=\"\u00c9crit par\" \/>\n\t<meta name=\"twitter:data1\" content=\"AASSDN\" \/>\n\t<meta name=\"twitter:label2\" content=\"Dur\u00e9e de lecture estim\u00e9e\" \/>\n\t<meta name=\"twitter:data2\" content=\"10 minutes\" \/>\n<script type=\"application\/ld+json\" class=\"yoast-schema-graph\">{\"@context\":\"https:\\\/\\\/schema.org\",\"@graph\":[{\"@type\":\"Article\",\"@id\":\"https:\\\/\\\/aassdn.org\\\/amicale\\\/rwanda-desinformer-les-francais-culpabiliser-la-france\\\/#article\",\"isPartOf\":{\"@id\":\"https:\\\/\\\/aassdn.org\\\/amicale\\\/rwanda-desinformer-les-francais-culpabiliser-la-france\\\/\"},\"author\":{\"name\":\"AASSDN\",\"@id\":\"https:\\\/\\\/aassdn.org\\\/amicale\\\/#\\\/schema\\\/person\\\/73800712a272e6d58a10a86ea9e59671\"},\"headline\":\"Rwanda: d\u00e9sinformer les Fran\u00e7ais, culpabiliser la France\",\"datePublished\":\"2024-04-19T14:45:42+00:00\",\"dateModified\":\"2024-09-12T10:14:12+00:00\",\"mainEntityOfPage\":{\"@id\":\"https:\\\/\\\/aassdn.org\\\/amicale\\\/rwanda-desinformer-les-francais-culpabiliser-la-france\\\/\"},\"wordCount\":1966,\"publisher\":{\"@id\":\"https:\\\/\\\/aassdn.org\\\/amicale\\\/#organization\"},\"image\":{\"@id\":\"https:\\\/\\\/aassdn.org\\\/amicale\\\/rwanda-desinformer-les-francais-culpabiliser-la-france\\\/#primaryimage\"},\"thumbnailUrl\":\"https:\\\/\\\/aassdn.org\\\/amicale\\\/wp-content\\\/uploads\\\/image-36.png\",\"keywords\":[\"1863\",\"Africa\",\"Air\",\"Alli\u00e9s\",\"alli\u00e9s occidentaux\",\"Am\u00e9ricains\",\"archives\",\"Arm\u00e9e\",\"attentat\",\"avion\",\"Axe\",\"Bernard Lugan\",\"blind\u00e9s\",\"capacit\u00e9\",\"Capitaine\",\"Combats\",\"Commandant\",\"commandement\",\"Commando\",\"conflit\",\"Conseil de s\u00e9curit\u00e9\",\"courage\",\"d\u00e9cision\",\"d\u00e9fense\",\"d\u00e9sinformation\",\"\u00e9lections\",\"Emmanuel Macron\",\"\u00c9tats-Unis\",\"FFI\",\"forces fran\u00e7aises\",\"fran\u00e7ais\",\"France\",\"Fran\u00e7ois Mitterrand\",\"G\u00e9n\u00e9ral de\",\"g\u00e9n\u00e9ral Jean Claude Lafourcade\",\"g\u00e9nocide\",\"gouvernement\",\"guerre\",\"honneur\",\"information\",\"Jacques\",\"massacre\",\"massacres\",\"militaire\",\"Mise au point\",\"mission\",\"Nations Unies\",\"Offensive\",\"Officier\",\"ONU\",\"op\u00e9ration Turquoise\",\"op\u00e9rations\",\"Opposition\",\"ordre\",\"paix\",\"Paris\",\"Paul Kagam\u00e9\",\"portrait\",\"pouvoir\",\"Pr\u00e9sident\",\"puissance\",\"rapport\",\"repr\u00e9sentant\",\"responsables\",\"Rwanda\",\"Secr\u00e9taire\",\"Secr\u00e9taire G\u00e9n\u00e9ral\",\"soldat\",\"soldats\",\"Somme\",\"Sous-marin\",\"sous-marins\",\"SS\",\"strat\u00e9gique\",\"TR\",\"troupes\"],\"articleSection\":[\"1992-2000\",\"Actualit\u00e9s\",\"Afrique\",\"D\u00e9sinformation\"],\"inLanguage\":\"fr-FR\"},{\"@type\":\"WebPage\",\"@id\":\"https:\\\/\\\/aassdn.org\\\/amicale\\\/rwanda-desinformer-les-francais-culpabiliser-la-france\\\/\",\"url\":\"https:\\\/\\\/aassdn.org\\\/amicale\\\/rwanda-desinformer-les-francais-culpabiliser-la-france\\\/\",\"name\":\"Rwanda: d\u00e9sinformer les Fran\u00e7ais, culpabiliser la France | AASSDN | Anciens et Amis des Services Sp\u00e9ciaux\",\"isPartOf\":{\"@id\":\"https:\\\/\\\/aassdn.org\\\/amicale\\\/#website\"},\"primaryImageOfPage\":{\"@id\":\"https:\\\/\\\/aassdn.org\\\/amicale\\\/rwanda-desinformer-les-francais-culpabiliser-la-france\\\/#primaryimage\"},\"image\":{\"@id\":\"https:\\\/\\\/aassdn.org\\\/amicale\\\/rwanda-desinformer-les-francais-culpabiliser-la-france\\\/#primaryimage\"},\"thumbnailUrl\":\"https:\\\/\\\/aassdn.org\\\/amicale\\\/wp-content\\\/uploads\\\/image-36.png\",\"datePublished\":\"2024-04-19T14:45:42+00:00\",\"dateModified\":\"2024-09-12T10:14:12+00:00\",\"breadcrumb\":{\"@id\":\"https:\\\/\\\/aassdn.org\\\/amicale\\\/rwanda-desinformer-les-francais-culpabiliser-la-france\\\/#breadcrumb\"},\"inLanguage\":\"fr-FR\",\"potentialAction\":[{\"@type\":\"ReadAction\",\"target\":[\"https:\\\/\\\/aassdn.org\\\/amicale\\\/rwanda-desinformer-les-francais-culpabiliser-la-france\\\/\"]}]},{\"@type\":\"ImageObject\",\"inLanguage\":\"fr-FR\",\"@id\":\"https:\\\/\\\/aassdn.org\\\/amicale\\\/rwanda-desinformer-les-francais-culpabiliser-la-france\\\/#primaryimage\",\"url\":\"https:\\\/\\\/aassdn.org\\\/amicale\\\/wp-content\\\/uploads\\\/image-36.png\",\"contentUrl\":\"https:\\\/\\\/aassdn.org\\\/amicale\\\/wp-content\\\/uploads\\\/image-36.png\",\"width\":1267,\"height\":890},{\"@type\":\"BreadcrumbList\",\"@id\":\"https:\\\/\\\/aassdn.org\\\/amicale\\\/rwanda-desinformer-les-francais-culpabiliser-la-france\\\/#breadcrumb\",\"itemListElement\":[{\"@type\":\"ListItem\",\"position\":1,\"name\":\"Accueil\",\"item\":\"https:\\\/\\\/aassdn.org\\\/amicale\\\/\"},{\"@type\":\"ListItem\",\"position\":2,\"name\":\"Rwanda: d\u00e9sinformer les Fran\u00e7ais, culpabiliser la France\"}]},{\"@type\":\"WebSite\",\"@id\":\"https:\\\/\\\/aassdn.org\\\/amicale\\\/#website\",\"url\":\"https:\\\/\\\/aassdn.org\\\/amicale\\\/\",\"name\":\"AASSDN | Anciens et Amis des Services Sp\u00e9ciaux\",\"description\":\"Services sp\u00e9ciaux : Des h\u00e9ros anonymes au service exclusif de la France\",\"publisher\":{\"@id\":\"https:\\\/\\\/aassdn.org\\\/amicale\\\/#organization\"},\"potentialAction\":[{\"@type\":\"SearchAction\",\"target\":{\"@type\":\"EntryPoint\",\"urlTemplate\":\"https:\\\/\\\/aassdn.org\\\/amicale\\\/?s={search_term_string}\"},\"query-input\":{\"@type\":\"PropertyValueSpecification\",\"valueRequired\":true,\"valueName\":\"search_term_string\"}}],\"inLanguage\":\"fr-FR\"},{\"@type\":\"Organization\",\"@id\":\"https:\\\/\\\/aassdn.org\\\/amicale\\\/#organization\",\"name\":\"AASSDN | Anciens et Amis des Services Sp\u00e9ciaux\",\"url\":\"https:\\\/\\\/aassdn.org\\\/amicale\\\/\",\"logo\":{\"@type\":\"ImageObject\",\"inLanguage\":\"fr-FR\",\"@id\":\"https:\\\/\\\/aassdn.org\\\/amicale\\\/#\\\/schema\\\/logo\\\/image\\\/\",\"url\":\"https:\\\/\\\/aassdn.org\\\/amicale\\\/wp-content\\\/uploads\\\/Logo_AASSDN_transparent2.png\",\"contentUrl\":\"https:\\\/\\\/aassdn.org\\\/amicale\\\/wp-content\\\/uploads\\\/Logo_AASSDN_transparent2.png\",\"width\":1832,\"height\":1609,\"caption\":\"AASSDN | Anciens et Amis des Services Sp\u00e9ciaux\"},\"image\":{\"@id\":\"https:\\\/\\\/aassdn.org\\\/amicale\\\/#\\\/schema\\\/logo\\\/image\\\/\"}},{\"@type\":\"Person\",\"@id\":\"https:\\\/\\\/aassdn.org\\\/amicale\\\/#\\\/schema\\\/person\\\/73800712a272e6d58a10a86ea9e59671\",\"name\":\"AASSDN\",\"image\":{\"@type\":\"ImageObject\",\"inLanguage\":\"fr-FR\",\"@id\":\"https:\\\/\\\/secure.gravatar.com\\\/avatar\\\/9653808d17788562e72d77e426d8d02775774239aefd00a9b4e852423d8e9d7e?s=96&d=mm&r=g\",\"url\":\"https:\\\/\\\/secure.gravatar.com\\\/avatar\\\/9653808d17788562e72d77e426d8d02775774239aefd00a9b4e852423d8e9d7e?s=96&d=mm&r=g\",\"contentUrl\":\"https:\\\/\\\/secure.gravatar.com\\\/avatar\\\/9653808d17788562e72d77e426d8d02775774239aefd00a9b4e852423d8e9d7e?s=96&d=mm&r=g\",\"caption\":\"AASSDN\"},\"sameAs\":[\"https:\\\/\\\/aassdn.org\\\/amicale\"],\"url\":\"https:\\\/\\\/aassdn.org\\\/amicale\\\/author\\\/wordpress\\\/\"}]}<\/script>\n<!-- \/ Yoast SEO plugin. -->","yoast_head_json":{"title":"Rwanda: d\u00e9sinformer les Fran\u00e7ais, culpabiliser la France | AASSDN | Anciens et Amis des Services Sp\u00e9ciaux","robots":{"index":"index","follow":"follow","max-snippet":"max-snippet:-1","max-image-preview":"max-image-preview:large","max-video-preview":"max-video-preview:-1"},"canonical":"https:\/\/aassdn.org\/amicale\/rwanda-desinformer-les-francais-culpabiliser-la-france\/","og_locale":"fr_FR","og_type":"article","og_title":"Rwanda: d\u00e9sinformer les Fran\u00e7ais, culpabiliser la France | AASSDN | Anciens et Amis des Services Sp\u00e9ciaux","og_description":"Suite aux propos du Pr\u00e9sident de la R\u00e9publique fran\u00e7aise : Emmanuel Macron indiquant que \u00ab La France aurait pu arr\u00eater le g\u00e9nocide avec ses alli\u00e9s occidentaux et africains mais n\u2019en a pas eu la volont\u00e9 \u00bb, le G\u00e9n\u00e9ral Jean Claude Lafourcade,&nbsp;commandant l&#8217;op\u00e9ration&nbsp;Turquoise&nbsp;au Rwanda t\u00e9moigner que la France a eu la volont\u00e9 de r\u00e9tablir la paix [&hellip;]","og_url":"https:\/\/aassdn.org\/amicale\/rwanda-desinformer-les-francais-culpabiliser-la-france\/","og_site_name":"AASSDN | Anciens et Amis des Services Sp\u00e9ciaux","article_published_time":"2024-04-19T14:45:42+00:00","article_modified_time":"2024-09-12T10:14:12+00:00","og_image":[{"width":1267,"height":890,"url":"https:\/\/aassdn.org\/amicale\/wp-content\/uploads\/image-36.png","type":"image\/png"}],"author":"AASSDN","twitter_card":"summary_large_image","twitter_misc":{"\u00c9crit par":"AASSDN","Dur\u00e9e de lecture estim\u00e9e":"10 minutes"},"schema":{"@context":"https:\/\/schema.org","@graph":[{"@type":"Article","@id":"https:\/\/aassdn.org\/amicale\/rwanda-desinformer-les-francais-culpabiliser-la-france\/#article","isPartOf":{"@id":"https:\/\/aassdn.org\/amicale\/rwanda-desinformer-les-francais-culpabiliser-la-france\/"},"author":{"name":"AASSDN","@id":"https:\/\/aassdn.org\/amicale\/#\/schema\/person\/73800712a272e6d58a10a86ea9e59671"},"headline":"Rwanda: d\u00e9sinformer les Fran\u00e7ais, culpabiliser la France","datePublished":"2024-04-19T14:45:42+00:00","dateModified":"2024-09-12T10:14:12+00:00","mainEntityOfPage":{"@id":"https:\/\/aassdn.org\/amicale\/rwanda-desinformer-les-francais-culpabiliser-la-france\/"},"wordCount":1966,"publisher":{"@id":"https:\/\/aassdn.org\/amicale\/#organization"},"image":{"@id":"https:\/\/aassdn.org\/amicale\/rwanda-desinformer-les-francais-culpabiliser-la-france\/#primaryimage"},"thumbnailUrl":"https:\/\/aassdn.org\/amicale\/wp-content\/uploads\/image-36.png","keywords":["1863","Africa","Air","Alli\u00e9s","alli\u00e9s occidentaux","Am\u00e9ricains","archives","Arm\u00e9e","attentat","avion","Axe","Bernard Lugan","blind\u00e9s","capacit\u00e9","Capitaine","Combats","Commandant","commandement","Commando","conflit","Conseil de s\u00e9curit\u00e9","courage","d\u00e9cision","d\u00e9fense","d\u00e9sinformation","\u00e9lections","Emmanuel Macron","\u00c9tats-Unis","FFI","forces fran\u00e7aises","fran\u00e7ais","France","Fran\u00e7ois Mitterrand","G\u00e9n\u00e9ral de","g\u00e9n\u00e9ral Jean Claude Lafourcade","g\u00e9nocide","gouvernement","guerre","honneur","information","Jacques","massacre","massacres","militaire","Mise au point","mission","Nations Unies","Offensive","Officier","ONU","op\u00e9ration Turquoise","op\u00e9rations","Opposition","ordre","paix","Paris","Paul Kagam\u00e9","portrait","pouvoir","Pr\u00e9sident","puissance","rapport","repr\u00e9sentant","responsables","Rwanda","Secr\u00e9taire","Secr\u00e9taire G\u00e9n\u00e9ral","soldat","soldats","Somme","Sous-marin","sous-marins","SS","strat\u00e9gique","TR","troupes"],"articleSection":["1992-2000","Actualit\u00e9s","Afrique","D\u00e9sinformation"],"inLanguage":"fr-FR"},{"@type":"WebPage","@id":"https:\/\/aassdn.org\/amicale\/rwanda-desinformer-les-francais-culpabiliser-la-france\/","url":"https:\/\/aassdn.org\/amicale\/rwanda-desinformer-les-francais-culpabiliser-la-france\/","name":"Rwanda: d\u00e9sinformer les Fran\u00e7ais, culpabiliser la France | AASSDN | Anciens et Amis des Services Sp\u00e9ciaux","isPartOf":{"@id":"https:\/\/aassdn.org\/amicale\/#website"},"primaryImageOfPage":{"@id":"https:\/\/aassdn.org\/amicale\/rwanda-desinformer-les-francais-culpabiliser-la-france\/#primaryimage"},"image":{"@id":"https:\/\/aassdn.org\/amicale\/rwanda-desinformer-les-francais-culpabiliser-la-france\/#primaryimage"},"thumbnailUrl":"https:\/\/aassdn.org\/amicale\/wp-content\/uploads\/image-36.png","datePublished":"2024-04-19T14:45:42+00:00","dateModified":"2024-09-12T10:14:12+00:00","breadcrumb":{"@id":"https:\/\/aassdn.org\/amicale\/rwanda-desinformer-les-francais-culpabiliser-la-france\/#breadcrumb"},"inLanguage":"fr-FR","potentialAction":[{"@type":"ReadAction","target":["https:\/\/aassdn.org\/amicale\/rwanda-desinformer-les-francais-culpabiliser-la-france\/"]}]},{"@type":"ImageObject","inLanguage":"fr-FR","@id":"https:\/\/aassdn.org\/amicale\/rwanda-desinformer-les-francais-culpabiliser-la-france\/#primaryimage","url":"https:\/\/aassdn.org\/amicale\/wp-content\/uploads\/image-36.png","contentUrl":"https:\/\/aassdn.org\/amicale\/wp-content\/uploads\/image-36.png","width":1267,"height":890},{"@type":"BreadcrumbList","@id":"https:\/\/aassdn.org\/amicale\/rwanda-desinformer-les-francais-culpabiliser-la-france\/#breadcrumb","itemListElement":[{"@type":"ListItem","position":1,"name":"Accueil","item":"https:\/\/aassdn.org\/amicale\/"},{"@type":"ListItem","position":2,"name":"Rwanda: d\u00e9sinformer les Fran\u00e7ais, culpabiliser la France"}]},{"@type":"WebSite","@id":"https:\/\/aassdn.org\/amicale\/#website","url":"https:\/\/aassdn.org\/amicale\/","name":"AASSDN | Anciens et Amis des Services Sp\u00e9ciaux","description":"Services sp\u00e9ciaux : Des h\u00e9ros anonymes au service exclusif de la France","publisher":{"@id":"https:\/\/aassdn.org\/amicale\/#organization"},"potentialAction":[{"@type":"SearchAction","target":{"@type":"EntryPoint","urlTemplate":"https:\/\/aassdn.org\/amicale\/?s={search_term_string}"},"query-input":{"@type":"PropertyValueSpecification","valueRequired":true,"valueName":"search_term_string"}}],"inLanguage":"fr-FR"},{"@type":"Organization","@id":"https:\/\/aassdn.org\/amicale\/#organization","name":"AASSDN | Anciens et Amis des Services Sp\u00e9ciaux","url":"https:\/\/aassdn.org\/amicale\/","logo":{"@type":"ImageObject","inLanguage":"fr-FR","@id":"https:\/\/aassdn.org\/amicale\/#\/schema\/logo\/image\/","url":"https:\/\/aassdn.org\/amicale\/wp-content\/uploads\/Logo_AASSDN_transparent2.png","contentUrl":"https:\/\/aassdn.org\/amicale\/wp-content\/uploads\/Logo_AASSDN_transparent2.png","width":1832,"height":1609,"caption":"AASSDN | Anciens et Amis des Services Sp\u00e9ciaux"},"image":{"@id":"https:\/\/aassdn.org\/amicale\/#\/schema\/logo\/image\/"}},{"@type":"Person","@id":"https:\/\/aassdn.org\/amicale\/#\/schema\/person\/73800712a272e6d58a10a86ea9e59671","name":"AASSDN","image":{"@type":"ImageObject","inLanguage":"fr-FR","@id":"https:\/\/secure.gravatar.com\/avatar\/9653808d17788562e72d77e426d8d02775774239aefd00a9b4e852423d8e9d7e?s=96&d=mm&r=g","url":"https:\/\/secure.gravatar.com\/avatar\/9653808d17788562e72d77e426d8d02775774239aefd00a9b4e852423d8e9d7e?s=96&d=mm&r=g","contentUrl":"https:\/\/secure.gravatar.com\/avatar\/9653808d17788562e72d77e426d8d02775774239aefd00a9b4e852423d8e9d7e?s=96&d=mm&r=g","caption":"AASSDN"},"sameAs":["https:\/\/aassdn.org\/amicale"],"url":"https:\/\/aassdn.org\/amicale\/author\/wordpress\/"}]}},"_links":{"self":[{"href":"https:\/\/aassdn.org\/amicale\/wp-json\/wp\/v2\/posts\/11603","targetHints":{"allow":["GET"]}}],"collection":[{"href":"https:\/\/aassdn.org\/amicale\/wp-json\/wp\/v2\/posts"}],"about":[{"href":"https:\/\/aassdn.org\/amicale\/wp-json\/wp\/v2\/types\/post"}],"author":[{"embeddable":true,"href":"https:\/\/aassdn.org\/amicale\/wp-json\/wp\/v2\/users\/1"}],"replies":[{"embeddable":true,"href":"https:\/\/aassdn.org\/amicale\/wp-json\/wp\/v2\/comments?post=11603"}],"version-history":[{"count":0,"href":"https:\/\/aassdn.org\/amicale\/wp-json\/wp\/v2\/posts\/11603\/revisions"}],"wp:featuredmedia":[{"embeddable":true,"href":"https:\/\/aassdn.org\/amicale\/wp-json\/wp\/v2\/media\/11671"}],"wp:attachment":[{"href":"https:\/\/aassdn.org\/amicale\/wp-json\/wp\/v2\/media?parent=11603"}],"wp:term":[{"taxonomy":"category","embeddable":true,"href":"https:\/\/aassdn.org\/amicale\/wp-json\/wp\/v2\/categories?post=11603"},{"taxonomy":"post_tag","embeddable":true,"href":"https:\/\/aassdn.org\/amicale\/wp-json\/wp\/v2\/tags?post=11603"}],"curies":[{"name":"wp","href":"https:\/\/api.w.org\/{rel}","templated":true}]}}