{"id":11552,"date":"2024-04-11T17:12:12","date_gmt":"2024-04-11T15:12:12","guid":{"rendered":"https:\/\/aassdn.org\/amicale\/?p=11552"},"modified":"2024-07-10T15:23:50","modified_gmt":"2024-07-10T13:23:50","slug":"leconomie-de-guerre-une-comedie-francaise","status":"publish","type":"post","link":"https:\/\/aassdn.org\/amicale\/leconomie-de-guerre-une-comedie-francaise\/","title":{"rendered":"L&#8217;\u00e9conomie de guerre\u00a0: une com\u00e9die fran\u00e7aise ?"},"content":{"rendered":"\n<p><strong>Face au conformisme de bon aloi du monde politico-m\u00e9diatique qui prosp\u00e8re sur l&#8217;\u00e9conomie de guerre, le groupe de r\u00e9flexions <em>Mars <\/em>estime que les gesticulations de l&#8217;ex\u00e9cutif ne sont que de la poudre de perlimpinpin. Car au niveau national, un d\u00e9ficit budg\u00e9taire est plus important que pr\u00e9vu avec un retour des coupes budg\u00e9taires en Europe d\u00e8s 2025 \u00e0 cause du nouveau pacte de stabilit\u00e9 auquel la France a d\u00fbment adh\u00e9r\u00e9.<\/strong><\/p>\n\n\n\n<p class=\"has-background\" style=\"background-color:#eeeeee\"><strong>Commentaire AASSDN<\/strong> : Comme le montre cet article, l\u2019expression \u00ab\u00a0\u00e9conomie de guerre\u00a0\u00bb utilis\u00e9e par nos responsables politiques et par de nombreux m\u00e9dias est impropre, voire excessive et contribue \u00e0 d\u00e9sinformer les Fran\u00e7ais. <br>Rappelons d\u2019abord que la France n\u2019est en guerre avec aucun pays y compris la Russie. C\u2019est pourquoi notre effort actuel de d\u00e9fense (moins de 2% du PIB) n\u2019est en rien comparable \u00e0 celui d\u2019un pays qui aurait d\u00e9cid\u00e9 de se mettre en \u00e9conomie de guerre (plus de 30% des ressources financi\u00e8res pendant la Grande Guerre). C\u2019est ce qui explique par exemple, qu\u2019au cours du 1<sup>er<\/sup> semestre 1918, la France a pu produire plus de 300\u00a0000 obus chaque jour (\u00e0 comparer aux 3\u00a0000 obus fabriqu\u00e9s par mois aujourd\u2019hui). Elle disposait en permanence d\u2019un stock de plus de 20 millions d\u2019obus pour faire face \u00e0 l\u2019impr\u00e9vu.<br>Au regard de nos moyens financiers limit\u00e9s, en particulier par la dette de plus de 3\u00a0000 milliards d\u2019euros, la France doit repenser sa strat\u00e9gie militaire en privil\u00e9giant les moyens destin\u00e9s \u00e0 assurer la d\u00e9fense de ses int\u00e9r\u00eats fondamentaux et sa souverainet\u00e9\u00a0: int\u00e9grit\u00e9 du territoire et protection de sa population.<\/p>\n\n\n\n<p>L&#8217;\u00e9conomie de guerre, c&#8217;est trois choses : des cr\u00e9dits, de l&#8217;argent et des fonds. L&#8217;\u00e9conomie de guerre, c&#8217;est la reconversion de la population active et la mobilisation de la population jusqu&#8217;alors inactive pour produire du mat\u00e9riel de guerre, c&#8217;est-\u00e0-dire des engins motoris\u00e9s, des armes et des munitions.<\/p>\n\n\n\n<p>Faut-il&nbsp;prendre pour argent comptant les chiffres et les affirmations d&#8217;un dossier de presse, quand, du point de vue de la r\u00e9flexion strat\u00e9gique, on tangente le z\u00e9ro kelvin ? Il n&#8217;y a plus gu\u00e8re (plus guerre&nbsp;?) que dans les tribunes de libres opinions que s&#8217;expriment, parfois, quand elles ne sont pas convenues, des id\u00e9es, sinon nouvelles, du moins un peu stimulantes. Nous en retiendrons deux parues r\u00e9cemment dans la grande presse, sous la plume de deux commentateurs autoris\u00e9s&nbsp;: Le diplomate G\u00e9rard Araud et le journaliste sp\u00e9cialis\u00e9 des questions de d\u00e9fense Jean-Dominique Merchet.<\/p>\n\n\n\n<p>Le premier parvient \u00e0 \u00e9lever le niveau de la r\u00e9flexion strat\u00e9gique en rappelant l&#8217;\u00e9vidence que la France n&#8217;est pas en premi\u00e8re ligne contre la Russie. Le second se hasarde \u00e0 proposer des id\u00e9es nouvelles sur le partage nucl\u00e9aire. Ce faisant, les deux prennent le risque de heurter certaines convictions \u00e9tablies et de d\u00e9plaire au petit monde politico-m\u00e9diatique qui prosp\u00e8re sur un conformisme de bon aloi.<\/p>\n\n\n\n<p>Car, \u00e9videmment, ces id\u00e9es entrent avec difficult\u00e9 dans le \u00ab&nbsp;plan com&nbsp;\u00bb (pour com\u00e9die) de l&#8217;ex\u00e9cutif sur \u00ab&nbsp;l&#8217;\u00e9conomie de guerre&nbsp;\u00bb, dont on rappelle que le slogan a \u00e9t\u00e9 lanc\u00e9 pour la premi\u00e8re fois au salon Eurosatory en juin 2022, il y a pr\u00e8s de deux ans, avec l&#8217;efficacit\u00e9 que l&#8217;on sait. Nul doute que le prochain salon donnera une nouvelle fois l&#8217;occasion \u00e0 nos m\u00e9dias pr\u00e9f\u00e9r\u00e9s d&#8217;emboucher les trompettes de J\u00e9richo qui donneront l&#8217;illusion de faire trembler les murs du Kremlin. Mais tout cela n&#8217;est qu&#8217;illusion et poudre aux yeux, comme le titre justement l&#8217;hebdomadaire satirique <em>Le Canard Enchain\u00e9<\/em>. N&#8217;y a-t-il donc plus que le palmip\u00e8de du mercredi dans le paysage m\u00e9diatique fran\u00e7ais pour apporter un peu d&#8217;esprit critique \u00e0 l&#8217;offensive m\u00e9diatique du gouvernement sur \u00ab&nbsp;l&#8217;\u00e9conomie de guerre&nbsp;\u00bb&nbsp;?<\/p>\n\n\n\n<p>Entendons-nous bien. Il y a tout lieu d&#8217;applaudir la pi\u00e8ce de th\u00e9\u00e2tre \u00ab&nbsp;Eurenco de Bergerac&nbsp;\u00bb, et m\u00eame de se tenir les c\u00f4tes \u00e0 lire sous certaines plumes renomm\u00e9es la confusion entre corps d&#8217;obus et aff\u00fbt de canon, charge militaire et poudre propulsive. Tout cela est plaisant. Nous nous montrerons \u00e0 nouveau bon public quand tombera (pour Eurosatory&nbsp;?) l&#8217;annonce officielle du retour en France de la production de munitions de petit calibre&nbsp;: la presse confidentielle a d\u00e9j\u00e0 vendu la m\u00e8che, si l&#8217;on ose dire. Ces annonces, qui ne se concr\u00e9tiseront pas avant l&#8217;an prochain, sont de toute fa\u00e7on de bonnes nouvelles. Ne boudons pas notre plaisir. Mais ces mesures de bon sens, qui ne font que revenir sur des errements ant\u00e9rieurs, n&#8217;ont rien \u00e0 voir avec l&#8217;\u00e9conomie de guerre.<\/p>\n\n\n\n<p><strong>\u00c9conomie de guerre : des cr\u00e9dits, de l&#8217;argent et des fonds<\/strong><\/p>\n\n\n\n<p>Alors, \u00e0 l&#8217;occasion de la publication du d\u00e9cret d&#8217;application d&#8217;une mesure l\u00e9gislative de la LPM sur les r\u00e9quisitions, on accro\u00eet l&#8217;intensit\u00e9 dramatique de la pi\u00e8ce avec une nouvelle formule magique&nbsp;: <em>\u00ab&nbsp;pouvoir de police&nbsp;\u00bb<\/em>&nbsp;! On n&#8217;oublie simplement de dire que, si r\u00e9quisition rime avec expropriation, il convient de ne pas les confondre, alors m\u00eame que, dans les deux cas, il existe une contrepartie sonnante et tr\u00e9buchante. Et surtout, \u00e0 quoi servent ces <em>\u00ab&nbsp;pouvoirs de police&nbsp;\u00bb<\/em> quand il n&#8217;y a plus rien \u00e0 r\u00e9quisitionner&nbsp;? Car pour qu&#8217;il reste des stocks&nbsp;interm\u00e9diaires ou de produits finis, il e\u00fbt fallu que ces stocks fussent financ\u00e9s par l&#8217;\u00c9tat client. Mais cela fait belles lurettes que le <em>\u00ab&nbsp;management par la performance&nbsp;\u00bb<\/em> a vid\u00e9 les stocks*. D&#8217;o\u00f9 la difficult\u00e9 \u00e0 aider l&#8217;Ukraine. Autrement dit, on amuse la galerie avec de la poudre de perlimpinpin quand il suffirait de d\u00e9cider d&#8217;augmenter les cr\u00e9dits destin\u00e9s \u00e0 la constitution de stocks.<\/p>\n\n\n\n<p>Et voil\u00e0, le mot interdit est l\u00e2ch\u00e9&nbsp;: des cr\u00e9dits&nbsp;! Bon sang, mais c&#8217;est bien s\u00fbr&nbsp;! L&#8217;\u00e9conomie de guerre, c&#8217;est trois choses&nbsp;: des cr\u00e9dits, de l&#8217;argent et des fonds. L&#8217;\u00e9conomie de guerre, c&#8217;est la reconversion de la population active et la mobilisation de la population jusqu&#8217;alors inactive pour produire du mat\u00e9riel de guerre, c&#8217;est-\u00e0-dire des engins motoris\u00e9s, des armes et des munitions. Et le d\u00e9bouch\u00e9 de toute cette production est assur\u00e9 par les achats du gouvernement. Et quand on dit <em>\u00ab&nbsp;achat&nbsp;\u00bb<\/em>, cela demande des fonds et des cr\u00e9dits, donc beaucoup d&#8217;argent public. Est-ce que la r\u00e9duction envisag\u00e9e de la dur\u00e9e du ch\u00f4mage indemnis\u00e9 entre dans cette politique&nbsp;? Il est permis d&#8217;en douter.<\/p>\n\n\n\n<p>Au contraire, qu&#8217;observe-t-on <em>\u00ab&nbsp;en m\u00eame temps&nbsp;\u00bb&nbsp;<\/em>? Au niveau national, un d\u00e9ficit budg\u00e9taire plus important que pr\u00e9vu et \u00ab<em>&nbsp;le retour des coupes budg\u00e9taires en Europe&nbsp;\u00bb<\/em> (1) d\u00e8s 2025 \u00e0 cause du nouveau pacte de stabilit\u00e9 auquel notre pays a d\u00fbment adh\u00e9r\u00e9. Les masques tombent, on ne rigole plus.<\/p>\n\n\n\n<p><strong>Le s\u00e9cateur est d\u00e9j\u00e0 pr\u00eat<\/strong><\/p>\n\n\n\n<p>A force de <em>\u00ab&nbsp;faire la guerre&nbsp;\u00bb<\/em> au moindre microbe et \u00e0 n&#8217;importe quoi, de <em>\u00ab&nbsp;r\u00e9armer&nbsp;\u00bb<\/em> tout et son contraire, nul ne pr\u00eate plus attention au mauvais plaisantin qui joue \u00e0 crier <em>\u00ab&nbsp;au loup&nbsp;\u00bb<\/em>. La f\u00eate du <em>\u00ab&nbsp;quoi qu&#8217;il en co\u00fbte&nbsp;\u00bb<\/em> est finie, il faut passer \u00e0 la caisse. Telle est la r\u00e9alit\u00e9 budg\u00e9taire qui attend nos arm\u00e9es. Alors, pour continuer \u00e0 faire semblant, on joue \u00e0 <em>\u00ab&nbsp;l&#8217;\u00e9conomie de guerre&nbsp;\u00bb<\/em>. Mais personne n&#8217;y croit.<\/p>\n\n\n\n<p>Sous couvert de <em>\u00ab&nbsp;revue des d\u00e9penses&nbsp;\u00bb<\/em>, l&#8217;inspection g\u00e9n\u00e9rale des finances est d\u00e9j\u00e0 en train de passer au peigne fin chaque ligne de la LPM, dans le but de r\u00e9aliser ce que le jargon des consultants appelle des <em>\u00ab&nbsp;quick wins&nbsp;\u00bb<\/em>, des <em>\u00ab&nbsp;victoires rapides&nbsp;\u00bb<\/em>, c&#8217;est-\u00e0-dire des \u00e9conomies budg\u00e9taires de court terme. Comment&nbsp;? Mais c&#8217;est tr\u00e8s simple, la technique est \u00e9prouv\u00e9e depuis la grande \u00e9poque des <em>\u00ab&nbsp;dividendes de la paix&nbsp;\u00bb<\/em>&nbsp;: bourrage et d\u00e9calage sont les deux mamelles de la r\u00e9gulation budg\u00e9taire.<\/p>\n\n\n\n<p>D&#8217;un c\u00f4t\u00e9, pour montrer que je ne touche pas aux dimensions de la <em>\u00ab&nbsp;valise&nbsp;\u00bb<\/em> LPM (promis, jur\u00e9), je <em>\u00ab&nbsp;bourre&nbsp;\u00bb<\/em> l&#8217;\u00e9dredon avec tout un tas de (tr\u00e8s co\u00fbteuses) mesures qui n&#8217;\u00e9taient pas pr\u00e9vues&nbsp;: trois milliards par ci promis aux Ukrainiens, deux milliards par l\u00e0 pour le SNU, etc. Et si l&#8217;OTAN d\u00e9cide effectivement d&#8217;un nouveau fonds de cent milliards pour aider l&#8217;Ukraine, qui paiera d&#8217;apr\u00e8s vous&nbsp;? De l&#8217;autre, je m&#8217;engage aussi tardivement que possible aupr\u00e8s de mes fournisseurs&nbsp;: c&#8217;est la fameuse <em>\u00ab&nbsp;bosse&nbsp;\u00bb<\/em> que le bousier pousse devant lui depuis trente ans. Tout le contraire de <em>\u00ab&nbsp;l&#8217;\u00e9conomie de guerre&nbsp;\u00bb<\/em>, qui impliquerait de tout acc\u00e9l\u00e9rer. Et, pour ne pas faire de jaloux, on rabote tout ce qui d\u00e9passe, \u00e0 commencer par la tr\u00e9sorerie <em>\u00ab&nbsp;dormante&nbsp;\u00bb<\/em>.<\/p>\n\n\n\n<p><strong>Une LPM qui d\u00e9cale \u00e0 2035 le mod\u00e8le 2030<\/strong><\/p>\n\n\n\n<p>Pas grave, entend-on, la LPM garantit \u00e0 nos arm\u00e9e un financement historiquement haut. C&#8217;est vrai. Alors, o\u00f9 est le probl\u00e8me&nbsp;? En fait, il n&#8217;y en aurait pas si l&#8217;espace m\u00e9diatique n&#8217;\u00e9tait pas satur\u00e9 par l&#8217;appel \u00e0 la guerre pour prot\u00e9ger l&#8217;empire du bien des forces du mal qui le menace. De deux choses, l&#8217;une&nbsp;: soit il faut se pr\u00e9parer \u00e0 la guerre pour rester en paix, et alors l&#8217;effort budg\u00e9taire est dramatiquement insuffisant, surtout dans l&#8217;hypoth\u00e8se d&#8217;un retrait am\u00e9ricain&nbsp;; soit l&#8217;effort est suffisant par rapport \u00e0 la r\u00e9alit\u00e9 des menaces (ce que semble indiquer la LPM qui d\u00e9cale de cinq ans, donc \u00e0 2035, le mod\u00e8le d&#8217;arm\u00e9e 2030 d\u00e9fini en 2017), mais alors, pourquoi hurler au loup&nbsp;?<\/p>\n\n\n\n<p>Au fond, comme le groupe MARS l&#8217;\u00e9crivait il y a un an (2) , le probl\u00e8me de cette LPM n&#8217;est pas le niveau des cr\u00e9dits promis, c&#8217;est l&#8217;absence de r\u00e9elle r\u00e9flexion strat\u00e9gique permettant de r\u00e9pondre \u00e0 la question&nbsp;: des arm\u00e9es, pour quoi faire&nbsp;? C&#8217;est pourquoi les rappels de bon sens de G\u00e9rard Araud et les id\u00e9es \u00ab&nbsp;disruptives&nbsp;\u00bb de Jean-Dominique Merchet interviennent \u00e0 point nomm\u00e9.<\/p>\n\n\n\n<p>La France n&#8217;est pas en premi\u00e8re ligne face \u00e0 la Russie et le chef d&#8217;\u00e9tat-major de l&#8217;arm\u00e9e de terre vient de rappeler qu&#8217;elle \u00e9tait capable de projeter une division en appui de ses alli\u00e9s (une brigade logistique est d&#8217;ailleurs cr\u00e9\u00e9e \u00e0 cet effet). Point. En effet, l&#8217;horizon strat\u00e9gique de notre pays ne se limite pas aux rives du Boug et au marais du Pripiat&nbsp;: la France a des int\u00e9r\u00eats \u00e0 d\u00e9fendre sur tous les continents et tous les oc\u00e9ans, ou presque. Et ce n&#8217;est faire injure \u00e0 personne que de penser que la \u00ab&nbsp;FR DIV&nbsp;\u00bb otanienne, quelle que soient les qualit\u00e9s de ses quelque 20.000 soldats et de ses \u00e9quipements, n&#8217;emporterait pas la d\u00e9cision face aux centaines de milliers d&#8217;hommes que l&#8217;arm\u00e9e russe est capable de mettre en ligne.<\/p>\n\n\n\n<p><strong>Partage nucl\u00e9aire ?<\/strong><\/p>\n\n\n\n<p>Alors, si la formule <em>\u00ab&nbsp;gagner la guerre avant la guerre&nbsp;\u00bb<\/em> est autre chose de plus s\u00e9rieux qu&#8217;un slogan, c&#8217;est ailleurs qu&#8217;il faut investir. La France est en effet le seul <em>\u00ab \u00c9tat dot\u00e9&nbsp;\u00bb<\/em> parmi les 27 \u00c9tats membres de l&#8217;Union europ\u00e9enne. C&#8217;est \u00e0 la fois notre sp\u00e9cificit\u00e9 strat\u00e9gique au sein de l&#8217;UE et notre <em>\u00ab&nbsp;avantage comparatif&nbsp;<\/em>\u00bb au sein de l&#8217;OTAN. C&#8217;est en outre, depuis exactement 60 ans, le moyen le plus \u00e9conomique d&#8217;assurer notre d\u00e9fense et de garantir la paix \u00e0 l&#8217;horizon de tous nos int\u00e9r\u00eats vitaux, sans mobiliser (loin s&#8217;en faut&nbsp;!) toute l&#8217;\u00e9conomie au service de l&#8217;effort de d\u00e9fense.<\/p>\n\n\n\n<p>C&#8217;est l\u00e0 que l&#8217;id\u00e9e de Jean-Dominique Merchet est int\u00e9ressante, m\u00eame si tout est discutable dans sa proposition de <em>\u00ab&nbsp;partage nucl\u00e9aire&nbsp;\u00bb<\/em> de la dissuasion fran\u00e7aise sur le mod\u00e8le de la <em>\u00ab&nbsp;double cl\u00e9&nbsp;\u00bb<\/em> de la bombe am\u00e9ricaine B61-12. A l&#8217;\u00e9vidence, si la France a un r\u00f4le \u00e0 jouer dans la d\u00e9fense d&#8217;une Europe priv\u00e9e de la protection am\u00e9ricaine, c&#8217;est dans la red\u00e9finition de nos int\u00e9r\u00eats vitaux \u00e0 l&#8217;\u00e9chelle europ\u00e9enne, et non dans un effort conventionnel qui restera toujours insuffisant m\u00eame si <em>\u00ab&nbsp;l&#8217;\u00e9paulement strat\u00e9gique&nbsp;\u00bb<\/em> impose de redimensionner convenablement notre corps de bataille afin de garantir un continuum entre dissuasion conventionnelle et dissuasion atomique. Mais ce continuum&nbsp;est d\u00e9j\u00e0 assur\u00e9 par nos alli\u00e9s, Polonais en t\u00eate.<\/p>\n\n\n\n<p>Ouvert \u00e0 la notion de dissuasion \u00e9largie, le groupe MARS consid\u00e8re n\u00e9anmoins que le <em>\u00ab&nbsp;sceptre nucl\u00e9aire&nbsp;\u00bb<\/em> ne se partage pas. La dissuasion repose sur la cr\u00e9dibilit\u00e9 technique des t\u00eates nucl\u00e9aires, op\u00e9rationnelle des unit\u00e9s de mise en \u0153uvre et politique de sa cha\u00eene de commandement qui remonte <em>in fine<\/em> jusqu&#8217;au chef des arm\u00e9es. Cela ne se partage pas. On peut toujours imaginer des gadgets&nbsp;: un renfort de sous-mariniers alli\u00e9s pour armer nos SNLE, des pilotes, m\u00e9caniciens et artificiers alli\u00e9s dans nos escadrons nucl\u00e9aires, voire (soyons fous&nbsp;!) des pilotes <em>\u00ab Top gun&nbsp;\u00bb<\/em> alli\u00e9s sur notre porte-avions. Mais \u00e0 la fin des fins, celui qui donne l&#8217;ordre ultime, c&#8217;est le pr\u00e9sident fran\u00e7ais.<\/p>\n\n\n\n<p>L&#8217;id\u00e9e de Jean-Dominique Merchet est int\u00e9ressante et g\u00e9n\u00e9reuse, mais, en ralliant le <em>\u00ab&nbsp;groupe des plans nucl\u00e9aires&nbsp;\u00bb<\/em> de l&#8217;OTAN, elle supposerait d&#8217;abandonner notre doctrine de <em>\u00ab&nbsp;l&#8217;ultime avertissement&nbsp;\u00bb<\/em> pour endosser celle de la guerre nucl\u00e9aire limit\u00e9e que servent (en ont-ils seulement conscience&nbsp;?) nos alli\u00e9s certes britanniques, mais aussi allemands, belges, n\u00e9erlandais, italiens et turcs. Il n&#8217;existerait pas de consensus politique en France pour un tel changement de doctrine.<\/p>\n\n\n\n<p>Alors, comment \u00e9largir le parapluie nucl\u00e9aire fran\u00e7ais&nbsp;? La toute premi\u00e8re mesure consisterait, si l&#8217;on est s\u00e9rieux et qu&#8217;on ne se contente pas de confondre <em>\u00ab&nbsp;signalement strat\u00e9gique&nbsp;\u00bb<\/em> et gesticulation th\u00e9\u00e2trale, \u00e0 conforter la cr\u00e9dibilit\u00e9 de la dissuasion fran\u00e7aise en investissant tous azimuts dans toutes ses composantes (et leur environnement) afin d&#8217;augmenter le nombre et la performance de nos armes atomiques et de nos vecteurs. Investir dans la strat\u00e9gie des moyens, c&#8217;est se donner, dans le temps long, les moyens de sa strat\u00e9gie.<\/p>\n\n\n\n<p>Une fois garantie la capacit\u00e9 de frappe en second, c&#8217;est-\u00e0-dire l&#8217;assurance de faire payer \u00e0 l&#8217;adversaire le prix fort de son agression, les alli\u00e9s viendront d&#8217;eux-m\u00eames se placer sous le parapluie fran\u00e7ais. A nos conditions. C&#8217;est certes plus modeste et beaucoup moins visible que la tonitruante <em>\u00ab&nbsp;\u00e9conomie de guerre&nbsp;\u00bb<\/em>, mais c&#8217;est aussi beaucoup plus efficace pour faire face aux temps difficiles qui attendent une Europe d\u00e9sarm\u00e9e, menac\u00e9e et sur le point d&#8217;\u00eatre abandonn\u00e9e par son protecteur historique.<\/p>\n\n\n\n<p><\/p>\n\n\n\n<p>1 Cf. Alternative \u00e9conomique n\u00b0444, mars 2024<\/p>\n\n\n\n<p>2 <a href=\"https:\/\/www.latribune.fr\/opinions\/la-loi-de-programmation-militaire-passe-a-cote-des-lecons-de-la-guerre-en-ukraine-966436.html\" target=\"_blank\" rel=\"noreferrer noopener\">https:\/\/www.latribune.fr\/opinions\/la-loi-de-programmation-militaire-passe-a-cote-des-lecons-de-la-guerre-en-ukraine-966436.html<\/a><\/p>\n\n\n\n<p>* Voir aussi&nbsp;<a href=\"https:\/\/www.jean-jaures.org\/publication\/economie-de-guerre-realite-dun-concept-et-enjeux-pour-la-france\/\" target=\"_blank\" rel=\"noreferrer noopener\">\u00c9conomie de guerre : r\u00e9alit\u00e9 d&#8217;un concept et enjeux pour la France &#8211; Fondation Jean-Jaur\u00e8s (jean-jaures.org)<\/a><\/p>\n\n\n\n<p>&nbsp;&nbsp;&nbsp;&nbsp;&nbsp;&nbsp;&nbsp;&nbsp;&nbsp;&nbsp;&nbsp;&nbsp;&nbsp;&nbsp;&nbsp;&nbsp;&nbsp;&nbsp;&nbsp;&nbsp;&nbsp;&nbsp;&nbsp; &#8212;&#8212;&#8212;&#8212;&#8212;&#8212;&#8212;&#8212;&#8212;&#8212;&#8212;&#8212;&#8212;&#8212;&#8212;&#8212;&#8212;&#8212;&#8212;&#8212;&#8212;&#8212;&#8212;&#8212;&#8211;<\/p>\n<div class=\"pdfprnt-buttons pdfprnt-buttons-post pdfprnt-bottom-right\"><a href=\"https:\/\/aassdn.org\/amicale\/wp-json\/wp\/v2\/posts\/11552?print=pdf\" class=\"pdfprnt-button pdfprnt-button-pdf\" target=\"_blank\" ><img decoding=\"async\" data-src=\"https:\/\/aassdn.org\/amicale\/wp-content\/plugins\/pdf-print\/images\/pdf.png\" alt=\"image_pdf\" title=\"Afficher le PDF\" src=\"data:image\/svg+xml;base64,PHN2ZyB3aWR0aD0iMSIgaGVpZ2h0PSIxIiB4bWxucz0iaHR0cDovL3d3dy53My5vcmcvMjAwMC9zdmciPjwvc3ZnPg==\" class=\"lazyload\" style=\"--smush-placeholder-width: 32px; --smush-placeholder-aspect-ratio: 32\/32;\" \/><\/a><a href=\"https:\/\/aassdn.org\/amicale\/wp-json\/wp\/v2\/posts\/11552?print=print\" class=\"pdfprnt-button pdfprnt-button-print\" target=\"_blank\" ><\/a><\/div>","protected":false},"excerpt":{"rendered":"<p>Face au conformisme de bon aloi du monde politico-m\u00e9diatique qui prosp\u00e8re sur l&#8217;\u00e9conomie de guerre, le groupe de r\u00e9flexions Mars estime que les gesticulations de l&#8217;ex\u00e9cutif ne sont que de la poudre de perlimpinpin. Car au niveau national, un d\u00e9ficit budg\u00e9taire est plus important que pr\u00e9vu avec un retour des coupes budg\u00e9taires en Europe d\u00e8s [&hellip;]<\/p>\n","protected":false},"author":1,"featured_media":11555,"comment_status":"closed","ping_status":"closed","sticky":false,"template":"","format":"standard","meta":{"_acf_changed":false,"footnotes":""},"categories":[288,2943,278],"tags":[360,362,323,367,2950,316,307,2953,2948,275,2949,346,2023,324,2951,353,374,2952,238,1884,1318,296,273],"class_list":["post-11552","post","type-post","status-publish","format-standard","has-post-thumbnail","hentry","category-2020-2030","category-2022-2024-guerre-en-ukraine","category-actualites","tag-allemands","tag-allies","tag-armement","tag-avion","tag-conformisme","tag-decision","tag-defense","tag-deficit-budgetaire","tag-economie-de-guerre","tag-europe","tag-groupe-de-reflexions-mars","tag-guerre","tag-mars","tag-militaire","tag-monde-politico-mediatique","tag-otan","tag-pilote","tag-poudre-de-perlimpinpin","tag-russie","tag-souverainete","tag-strategie","tag-strategique","tag-ukraine"],"acf":[],"yoast_head":"<!-- This site is optimized with the Yoast SEO plugin v27.4 - https:\/\/yoast.com\/product\/yoast-seo-wordpress\/ -->\n<title>L&#039;\u00e9conomie de guerre\u00a0: une com\u00e9die fran\u00e7aise ? | AASSDN | Anciens et Amis des Services Sp\u00e9ciaux<\/title>\n<meta name=\"robots\" content=\"index, follow, max-snippet:-1, max-image-preview:large, max-video-preview:-1\" \/>\n<link rel=\"canonical\" href=\"https:\/\/aassdn.org\/amicale\/leconomie-de-guerre-une-comedie-francaise\/\" \/>\n<meta property=\"og:locale\" content=\"fr_FR\" \/>\n<meta property=\"og:type\" content=\"article\" \/>\n<meta property=\"og:title\" content=\"L&#039;\u00e9conomie de guerre\u00a0: une com\u00e9die fran\u00e7aise ? | AASSDN | Anciens et Amis des Services Sp\u00e9ciaux\" \/>\n<meta property=\"og:description\" content=\"Face au conformisme de bon aloi du monde politico-m\u00e9diatique qui prosp\u00e8re sur l&#8217;\u00e9conomie de guerre, le groupe de r\u00e9flexions Mars estime que les gesticulations de l&#8217;ex\u00e9cutif ne sont que de la poudre de perlimpinpin. Car au niveau national, un d\u00e9ficit budg\u00e9taire est plus important que pr\u00e9vu avec un retour des coupes budg\u00e9taires en Europe d\u00e8s [&hellip;]\" \/>\n<meta property=\"og:url\" content=\"https:\/\/aassdn.org\/amicale\/leconomie-de-guerre-une-comedie-francaise\/\" \/>\n<meta property=\"og:site_name\" content=\"AASSDN | Anciens et Amis des Services Sp\u00e9ciaux\" \/>\n<meta property=\"article:published_time\" content=\"2024-04-11T15:12:12+00:00\" \/>\n<meta property=\"article:modified_time\" content=\"2024-07-10T13:23:50+00:00\" \/>\n<meta property=\"og:image\" content=\"https:\/\/aassdn.org\/amicale\/wp-content\/uploads\/image-30.png\" \/>\n\t<meta property=\"og:image:width\" content=\"738\" \/>\n\t<meta property=\"og:image:height\" content=\"369\" \/>\n\t<meta property=\"og:image:type\" content=\"image\/png\" \/>\n<meta name=\"author\" content=\"AASSDN\" \/>\n<meta name=\"twitter:card\" content=\"summary_large_image\" \/>\n<meta name=\"twitter:label1\" content=\"\u00c9crit par\" \/>\n\t<meta name=\"twitter:data1\" content=\"AASSDN\" \/>\n\t<meta name=\"twitter:label2\" content=\"Dur\u00e9e de lecture estim\u00e9e\" \/>\n\t<meta name=\"twitter:data2\" content=\"13 minutes\" \/>\n<script type=\"application\/ld+json\" class=\"yoast-schema-graph\">{\"@context\":\"https:\\\/\\\/schema.org\",\"@graph\":[{\"@type\":\"Article\",\"@id\":\"https:\\\/\\\/aassdn.org\\\/amicale\\\/leconomie-de-guerre-une-comedie-francaise\\\/#article\",\"isPartOf\":{\"@id\":\"https:\\\/\\\/aassdn.org\\\/amicale\\\/leconomie-de-guerre-une-comedie-francaise\\\/\"},\"author\":{\"name\":\"AASSDN\",\"@id\":\"https:\\\/\\\/aassdn.org\\\/amicale\\\/#\\\/schema\\\/person\\\/73800712a272e6d58a10a86ea9e59671\"},\"headline\":\"L&#8217;\u00e9conomie de guerre\u00a0: une com\u00e9die fran\u00e7aise ?\",\"datePublished\":\"2024-04-11T15:12:12+00:00\",\"dateModified\":\"2024-07-10T13:23:50+00:00\",\"mainEntityOfPage\":{\"@id\":\"https:\\\/\\\/aassdn.org\\\/amicale\\\/leconomie-de-guerre-une-comedie-francaise\\\/\"},\"wordCount\":2689,\"publisher\":{\"@id\":\"https:\\\/\\\/aassdn.org\\\/amicale\\\/#organization\"},\"image\":{\"@id\":\"https:\\\/\\\/aassdn.org\\\/amicale\\\/leconomie-de-guerre-une-comedie-francaise\\\/#primaryimage\"},\"thumbnailUrl\":\"https:\\\/\\\/aassdn.org\\\/amicale\\\/wp-content\\\/uploads\\\/image-30.png\",\"keywords\":[\"Allemands\",\"Alli\u00e9s\",\"armement\",\"avion\",\"conformisme\",\"d\u00e9cision\",\"d\u00e9fense\",\"d\u00e9ficit budg\u00e9taire\",\"\u00e9conomie de guerre\",\"Europe\",\"groupe de r\u00e9flexions Mars\",\"guerre\",\"Mars\",\"militaire\",\"monde politico-m\u00e9diatique\",\"Otan\",\"Pilote\",\"poudre de perlimpinpin\",\"Russie\",\"souverainet\u00e9\",\"strat\u00e9gie\",\"strat\u00e9gique\",\"Ukraine\"],\"articleSection\":[\"2020-2030\",\"2022-2025 : Guerre en Ukraine\",\"Actualit\u00e9s\"],\"inLanguage\":\"fr-FR\"},{\"@type\":\"WebPage\",\"@id\":\"https:\\\/\\\/aassdn.org\\\/amicale\\\/leconomie-de-guerre-une-comedie-francaise\\\/\",\"url\":\"https:\\\/\\\/aassdn.org\\\/amicale\\\/leconomie-de-guerre-une-comedie-francaise\\\/\",\"name\":\"L'\u00e9conomie de guerre\u00a0: une com\u00e9die fran\u00e7aise ? | AASSDN | Anciens et Amis des Services Sp\u00e9ciaux\",\"isPartOf\":{\"@id\":\"https:\\\/\\\/aassdn.org\\\/amicale\\\/#website\"},\"primaryImageOfPage\":{\"@id\":\"https:\\\/\\\/aassdn.org\\\/amicale\\\/leconomie-de-guerre-une-comedie-francaise\\\/#primaryimage\"},\"image\":{\"@id\":\"https:\\\/\\\/aassdn.org\\\/amicale\\\/leconomie-de-guerre-une-comedie-francaise\\\/#primaryimage\"},\"thumbnailUrl\":\"https:\\\/\\\/aassdn.org\\\/amicale\\\/wp-content\\\/uploads\\\/image-30.png\",\"datePublished\":\"2024-04-11T15:12:12+00:00\",\"dateModified\":\"2024-07-10T13:23:50+00:00\",\"breadcrumb\":{\"@id\":\"https:\\\/\\\/aassdn.org\\\/amicale\\\/leconomie-de-guerre-une-comedie-francaise\\\/#breadcrumb\"},\"inLanguage\":\"fr-FR\",\"potentialAction\":[{\"@type\":\"ReadAction\",\"target\":[\"https:\\\/\\\/aassdn.org\\\/amicale\\\/leconomie-de-guerre-une-comedie-francaise\\\/\"]}]},{\"@type\":\"ImageObject\",\"inLanguage\":\"fr-FR\",\"@id\":\"https:\\\/\\\/aassdn.org\\\/amicale\\\/leconomie-de-guerre-une-comedie-francaise\\\/#primaryimage\",\"url\":\"https:\\\/\\\/aassdn.org\\\/amicale\\\/wp-content\\\/uploads\\\/image-30.png\",\"contentUrl\":\"https:\\\/\\\/aassdn.org\\\/amicale\\\/wp-content\\\/uploads\\\/image-30.png\",\"width\":738,\"height\":369},{\"@type\":\"BreadcrumbList\",\"@id\":\"https:\\\/\\\/aassdn.org\\\/amicale\\\/leconomie-de-guerre-une-comedie-francaise\\\/#breadcrumb\",\"itemListElement\":[{\"@type\":\"ListItem\",\"position\":1,\"name\":\"Accueil\",\"item\":\"https:\\\/\\\/aassdn.org\\\/amicale\\\/\"},{\"@type\":\"ListItem\",\"position\":2,\"name\":\"L&#8217;\u00e9conomie de guerre\u00a0: une com\u00e9die fran\u00e7aise ?\"}]},{\"@type\":\"WebSite\",\"@id\":\"https:\\\/\\\/aassdn.org\\\/amicale\\\/#website\",\"url\":\"https:\\\/\\\/aassdn.org\\\/amicale\\\/\",\"name\":\"AASSDN | Anciens et Amis des Services Sp\u00e9ciaux\",\"description\":\"Services sp\u00e9ciaux : Des h\u00e9ros anonymes au service exclusif de la France\",\"publisher\":{\"@id\":\"https:\\\/\\\/aassdn.org\\\/amicale\\\/#organization\"},\"potentialAction\":[{\"@type\":\"SearchAction\",\"target\":{\"@type\":\"EntryPoint\",\"urlTemplate\":\"https:\\\/\\\/aassdn.org\\\/amicale\\\/?s={search_term_string}\"},\"query-input\":{\"@type\":\"PropertyValueSpecification\",\"valueRequired\":true,\"valueName\":\"search_term_string\"}}],\"inLanguage\":\"fr-FR\"},{\"@type\":\"Organization\",\"@id\":\"https:\\\/\\\/aassdn.org\\\/amicale\\\/#organization\",\"name\":\"AASSDN | Anciens et Amis des Services Sp\u00e9ciaux\",\"url\":\"https:\\\/\\\/aassdn.org\\\/amicale\\\/\",\"logo\":{\"@type\":\"ImageObject\",\"inLanguage\":\"fr-FR\",\"@id\":\"https:\\\/\\\/aassdn.org\\\/amicale\\\/#\\\/schema\\\/logo\\\/image\\\/\",\"url\":\"https:\\\/\\\/aassdn.org\\\/amicale\\\/wp-content\\\/uploads\\\/Logo_AASSDN_transparent2.png\",\"contentUrl\":\"https:\\\/\\\/aassdn.org\\\/amicale\\\/wp-content\\\/uploads\\\/Logo_AASSDN_transparent2.png\",\"width\":1832,\"height\":1609,\"caption\":\"AASSDN | Anciens et Amis des Services Sp\u00e9ciaux\"},\"image\":{\"@id\":\"https:\\\/\\\/aassdn.org\\\/amicale\\\/#\\\/schema\\\/logo\\\/image\\\/\"}},{\"@type\":\"Person\",\"@id\":\"https:\\\/\\\/aassdn.org\\\/amicale\\\/#\\\/schema\\\/person\\\/73800712a272e6d58a10a86ea9e59671\",\"name\":\"AASSDN\",\"image\":{\"@type\":\"ImageObject\",\"inLanguage\":\"fr-FR\",\"@id\":\"https:\\\/\\\/secure.gravatar.com\\\/avatar\\\/9653808d17788562e72d77e426d8d02775774239aefd00a9b4e852423d8e9d7e?s=96&d=mm&r=g\",\"url\":\"https:\\\/\\\/secure.gravatar.com\\\/avatar\\\/9653808d17788562e72d77e426d8d02775774239aefd00a9b4e852423d8e9d7e?s=96&d=mm&r=g\",\"contentUrl\":\"https:\\\/\\\/secure.gravatar.com\\\/avatar\\\/9653808d17788562e72d77e426d8d02775774239aefd00a9b4e852423d8e9d7e?s=96&d=mm&r=g\",\"caption\":\"AASSDN\"},\"sameAs\":[\"https:\\\/\\\/aassdn.org\\\/amicale\"],\"url\":\"https:\\\/\\\/aassdn.org\\\/amicale\\\/author\\\/wordpress\\\/\"}]}<\/script>\n<!-- \/ Yoast SEO plugin. -->","yoast_head_json":{"title":"L'\u00e9conomie de guerre\u00a0: une com\u00e9die fran\u00e7aise ? | AASSDN | Anciens et Amis des Services Sp\u00e9ciaux","robots":{"index":"index","follow":"follow","max-snippet":"max-snippet:-1","max-image-preview":"max-image-preview:large","max-video-preview":"max-video-preview:-1"},"canonical":"https:\/\/aassdn.org\/amicale\/leconomie-de-guerre-une-comedie-francaise\/","og_locale":"fr_FR","og_type":"article","og_title":"L'\u00e9conomie de guerre\u00a0: une com\u00e9die fran\u00e7aise ? | AASSDN | Anciens et Amis des Services Sp\u00e9ciaux","og_description":"Face au conformisme de bon aloi du monde politico-m\u00e9diatique qui prosp\u00e8re sur l&#8217;\u00e9conomie de guerre, le groupe de r\u00e9flexions Mars estime que les gesticulations de l&#8217;ex\u00e9cutif ne sont que de la poudre de perlimpinpin. Car au niveau national, un d\u00e9ficit budg\u00e9taire est plus important que pr\u00e9vu avec un retour des coupes budg\u00e9taires en Europe d\u00e8s [&hellip;]","og_url":"https:\/\/aassdn.org\/amicale\/leconomie-de-guerre-une-comedie-francaise\/","og_site_name":"AASSDN | Anciens et Amis des Services Sp\u00e9ciaux","article_published_time":"2024-04-11T15:12:12+00:00","article_modified_time":"2024-07-10T13:23:50+00:00","og_image":[{"width":738,"height":369,"url":"https:\/\/aassdn.org\/amicale\/wp-content\/uploads\/image-30.png","type":"image\/png"}],"author":"AASSDN","twitter_card":"summary_large_image","twitter_misc":{"\u00c9crit par":"AASSDN","Dur\u00e9e de lecture estim\u00e9e":"13 minutes"},"schema":{"@context":"https:\/\/schema.org","@graph":[{"@type":"Article","@id":"https:\/\/aassdn.org\/amicale\/leconomie-de-guerre-une-comedie-francaise\/#article","isPartOf":{"@id":"https:\/\/aassdn.org\/amicale\/leconomie-de-guerre-une-comedie-francaise\/"},"author":{"name":"AASSDN","@id":"https:\/\/aassdn.org\/amicale\/#\/schema\/person\/73800712a272e6d58a10a86ea9e59671"},"headline":"L&#8217;\u00e9conomie de guerre\u00a0: une com\u00e9die fran\u00e7aise ?","datePublished":"2024-04-11T15:12:12+00:00","dateModified":"2024-07-10T13:23:50+00:00","mainEntityOfPage":{"@id":"https:\/\/aassdn.org\/amicale\/leconomie-de-guerre-une-comedie-francaise\/"},"wordCount":2689,"publisher":{"@id":"https:\/\/aassdn.org\/amicale\/#organization"},"image":{"@id":"https:\/\/aassdn.org\/amicale\/leconomie-de-guerre-une-comedie-francaise\/#primaryimage"},"thumbnailUrl":"https:\/\/aassdn.org\/amicale\/wp-content\/uploads\/image-30.png","keywords":["Allemands","Alli\u00e9s","armement","avion","conformisme","d\u00e9cision","d\u00e9fense","d\u00e9ficit budg\u00e9taire","\u00e9conomie de guerre","Europe","groupe de r\u00e9flexions Mars","guerre","Mars","militaire","monde politico-m\u00e9diatique","Otan","Pilote","poudre de perlimpinpin","Russie","souverainet\u00e9","strat\u00e9gie","strat\u00e9gique","Ukraine"],"articleSection":["2020-2030","2022-2025 : Guerre en Ukraine","Actualit\u00e9s"],"inLanguage":"fr-FR"},{"@type":"WebPage","@id":"https:\/\/aassdn.org\/amicale\/leconomie-de-guerre-une-comedie-francaise\/","url":"https:\/\/aassdn.org\/amicale\/leconomie-de-guerre-une-comedie-francaise\/","name":"L'\u00e9conomie de guerre\u00a0: une com\u00e9die fran\u00e7aise ? | AASSDN | Anciens et Amis des Services Sp\u00e9ciaux","isPartOf":{"@id":"https:\/\/aassdn.org\/amicale\/#website"},"primaryImageOfPage":{"@id":"https:\/\/aassdn.org\/amicale\/leconomie-de-guerre-une-comedie-francaise\/#primaryimage"},"image":{"@id":"https:\/\/aassdn.org\/amicale\/leconomie-de-guerre-une-comedie-francaise\/#primaryimage"},"thumbnailUrl":"https:\/\/aassdn.org\/amicale\/wp-content\/uploads\/image-30.png","datePublished":"2024-04-11T15:12:12+00:00","dateModified":"2024-07-10T13:23:50+00:00","breadcrumb":{"@id":"https:\/\/aassdn.org\/amicale\/leconomie-de-guerre-une-comedie-francaise\/#breadcrumb"},"inLanguage":"fr-FR","potentialAction":[{"@type":"ReadAction","target":["https:\/\/aassdn.org\/amicale\/leconomie-de-guerre-une-comedie-francaise\/"]}]},{"@type":"ImageObject","inLanguage":"fr-FR","@id":"https:\/\/aassdn.org\/amicale\/leconomie-de-guerre-une-comedie-francaise\/#primaryimage","url":"https:\/\/aassdn.org\/amicale\/wp-content\/uploads\/image-30.png","contentUrl":"https:\/\/aassdn.org\/amicale\/wp-content\/uploads\/image-30.png","width":738,"height":369},{"@type":"BreadcrumbList","@id":"https:\/\/aassdn.org\/amicale\/leconomie-de-guerre-une-comedie-francaise\/#breadcrumb","itemListElement":[{"@type":"ListItem","position":1,"name":"Accueil","item":"https:\/\/aassdn.org\/amicale\/"},{"@type":"ListItem","position":2,"name":"L&#8217;\u00e9conomie de guerre\u00a0: une com\u00e9die fran\u00e7aise ?"}]},{"@type":"WebSite","@id":"https:\/\/aassdn.org\/amicale\/#website","url":"https:\/\/aassdn.org\/amicale\/","name":"AASSDN | Anciens et Amis des Services Sp\u00e9ciaux","description":"Services sp\u00e9ciaux : Des h\u00e9ros anonymes au service exclusif de la France","publisher":{"@id":"https:\/\/aassdn.org\/amicale\/#organization"},"potentialAction":[{"@type":"SearchAction","target":{"@type":"EntryPoint","urlTemplate":"https:\/\/aassdn.org\/amicale\/?s={search_term_string}"},"query-input":{"@type":"PropertyValueSpecification","valueRequired":true,"valueName":"search_term_string"}}],"inLanguage":"fr-FR"},{"@type":"Organization","@id":"https:\/\/aassdn.org\/amicale\/#organization","name":"AASSDN | Anciens et Amis des Services Sp\u00e9ciaux","url":"https:\/\/aassdn.org\/amicale\/","logo":{"@type":"ImageObject","inLanguage":"fr-FR","@id":"https:\/\/aassdn.org\/amicale\/#\/schema\/logo\/image\/","url":"https:\/\/aassdn.org\/amicale\/wp-content\/uploads\/Logo_AASSDN_transparent2.png","contentUrl":"https:\/\/aassdn.org\/amicale\/wp-content\/uploads\/Logo_AASSDN_transparent2.png","width":1832,"height":1609,"caption":"AASSDN | Anciens et Amis des Services Sp\u00e9ciaux"},"image":{"@id":"https:\/\/aassdn.org\/amicale\/#\/schema\/logo\/image\/"}},{"@type":"Person","@id":"https:\/\/aassdn.org\/amicale\/#\/schema\/person\/73800712a272e6d58a10a86ea9e59671","name":"AASSDN","image":{"@type":"ImageObject","inLanguage":"fr-FR","@id":"https:\/\/secure.gravatar.com\/avatar\/9653808d17788562e72d77e426d8d02775774239aefd00a9b4e852423d8e9d7e?s=96&d=mm&r=g","url":"https:\/\/secure.gravatar.com\/avatar\/9653808d17788562e72d77e426d8d02775774239aefd00a9b4e852423d8e9d7e?s=96&d=mm&r=g","contentUrl":"https:\/\/secure.gravatar.com\/avatar\/9653808d17788562e72d77e426d8d02775774239aefd00a9b4e852423d8e9d7e?s=96&d=mm&r=g","caption":"AASSDN"},"sameAs":["https:\/\/aassdn.org\/amicale"],"url":"https:\/\/aassdn.org\/amicale\/author\/wordpress\/"}]}},"_links":{"self":[{"href":"https:\/\/aassdn.org\/amicale\/wp-json\/wp\/v2\/posts\/11552","targetHints":{"allow":["GET"]}}],"collection":[{"href":"https:\/\/aassdn.org\/amicale\/wp-json\/wp\/v2\/posts"}],"about":[{"href":"https:\/\/aassdn.org\/amicale\/wp-json\/wp\/v2\/types\/post"}],"author":[{"embeddable":true,"href":"https:\/\/aassdn.org\/amicale\/wp-json\/wp\/v2\/users\/1"}],"replies":[{"embeddable":true,"href":"https:\/\/aassdn.org\/amicale\/wp-json\/wp\/v2\/comments?post=11552"}],"version-history":[{"count":0,"href":"https:\/\/aassdn.org\/amicale\/wp-json\/wp\/v2\/posts\/11552\/revisions"}],"wp:featuredmedia":[{"embeddable":true,"href":"https:\/\/aassdn.org\/amicale\/wp-json\/wp\/v2\/media\/11555"}],"wp:attachment":[{"href":"https:\/\/aassdn.org\/amicale\/wp-json\/wp\/v2\/media?parent=11552"}],"wp:term":[{"taxonomy":"category","embeddable":true,"href":"https:\/\/aassdn.org\/amicale\/wp-json\/wp\/v2\/categories?post=11552"},{"taxonomy":"post_tag","embeddable":true,"href":"https:\/\/aassdn.org\/amicale\/wp-json\/wp\/v2\/tags?post=11552"}],"curies":[{"name":"wp","href":"https:\/\/api.w.org\/{rel}","templated":true}]}}